{"id":969,"date":"2022-04-29T11:28:44","date_gmt":"2022-04-29T09:28:44","guid":{"rendered":"http:\/\/www.avdavigevano.com\/?p=969"},"modified":"2022-05-02T07:33:41","modified_gmt":"2022-05-02T05:33:41","slug":"impariamo-ad-orientarci-nel-cielo-3-3","status":"publish","type":"post","link":"https:\/\/www.avdavigevano.com\/?p=969","title":{"rendered":"Il progetto ARISS School Contact, parliamo con gli astronauti in orbita!"},"content":{"rendered":"<p style=\"text-align: justify;\"><strong>ARISS<\/strong> (Amateur Radio on International Space Station) \u00e8 un gruppo di radioamatori internazionale che volontariamente si dedica a sviluppare ed a costruire apparati elettronici per permettere agli astronauti di parlare con gli operatori a Terra ed in particolar modo con le scuole.<\/p>\n<p style=\"text-align: justify;\">Ecco che da qui nasce il progetto &#8220;<strong>ARISS School Contact<\/strong>&#8220;.<\/p>\n<p style=\"text-align: justify;\">Progetto che consente a bambini e ragazzi delle scuole di qualsiasi livello, di parlare, tramite una radio VHF, su una frequenza radioamatoriale, con astronauti internazionali in orbita a 400 km dalla superficie terrestre a bordo della Stazione Spaziale Internazionale ISS.<\/p>\n<p style=\"text-align: justify;\">In Italia gli ARISS School Contact sono gestiti da radioamatori detti &#8220;tutor&#8221; che organizzano con la scuola, tutto il necesario per presentare la richiesta di contatto prima, e per sviluppare le domande poi, fino al vero e proprio contatto radio con l&#8217;astronauta.<\/p>\n<p style=\"text-align: justify;\">Il contatto radio pu\u00f2 essere &#8220;diretto&#8221; se i radioamatori dell&#8217;ARI installano fisicamente un apparato radio direttamente nella scuola, con antenne sul tetto e tutto il necessario, oppure in &#8220;telebridge&#8221;, in questo caso ci sar\u00e0 una stazione radio dislocata in Italia o all&#8217;estero che gestisce fisicamente il contatto con la ISS ed il collegamento con la scuola avviene mediante una semplice &#8220;telefonata&#8221;.<br \/>\nQuesto avviene perch\u00e9 non sempre si riesce a combinare l&#8217;attivit\u00e0 scolastica con l&#8217;attivit\u00e0 dell&#8217;astronauta in orbita e la &#8220;visibilita&#8221; della Stazione Spaziale con la location della scuola e si preferisce quindi gestire un pi\u00f9 semplice contatto in modalit\u00e0 telebridge.<\/p>\n<p style=\"text-align: justify;\">Personalmente, in questi anni, ho partecipato ad almeno 6 contatti ARISS con diversi astronauti, sia americani che italiani ed in tutti i casi \u00e8 sempre stata una bellissima esperienza ed anche una grande emozione poter assistere fisicamente e poter aiutare i radioamatori ARI nell&#8217;organizzare ed a preparare il tutto.<\/p>\n<p style=\"text-align: justify;\">In particolar modo, alcuni anni fa, il 15 febbraio del 2014, a Vigevano, l&#8217;Istituto Tecnico Statale &#8220;G. Caramuel&#8221; di Vigevano, con alcune classi della 5a superiore, \u00e8 stato protagonista di un contatto ARISS con l&#8217;astronauta giapponese Kioshi Wakata dell&#8217;agenzia spaziale JAXA.<br \/>\n<a href=\"https:\/\/photos.app.goo.gl\/ECHzb7N9Epf6a2fh1\">Album fotografico evento ARISS<\/a><\/p>\n<audio class=\"wp-audio-shortcode\" id=\"audio-969-1\" preload=\"none\" style=\"width: 100%;\" controls=\"controls\"><source type=\"audio\/mpeg\" src=\"http:\/\/www.avdavigevano.com\/TEST\/wp-content\/uploads\/2019\/10\/191014-ARISS-Contact-1\u00b0-e-2\u00b0-passaggio.mp3?_=1\" \/><a href=\"http:\/\/www.avdavigevano.com\/TEST\/wp-content\/uploads\/2019\/10\/191014-ARISS-Contact-1\u00b0-e-2\u00b0-passaggio.mp3\">http:\/\/www.avdavigevano.com\/TEST\/wp-content\/uploads\/2019\/10\/191014-ARISS-Contact-1\u00b0-e-2\u00b0-passaggio.mp3<\/a><\/audio>\n<p>&nbsp;<\/p>\n<p>Proprio come avventuo per le scorse missioni per gli astronauti italiani Paolo Nespoli, Luca Parmitano e con Samantha Cristoforetti, anche oggi, con la missione Minerva di Samatha riprendono i contatti radio ARISS dal territorio italiano, per permettere alle scuole del territorio di contattare l&#8217;astronauta in orbita.<\/p>\n<p>Ma come fare a candidare la mia scuola italiana ad uno school contact? Ecco il link che ti inviatiamo a visitare con tutte le informazioni <a href=\"https:\/\/www.ariss-eu.org\/school-contacts\" target=\"_blank\" rel=\"noopener\">ARISS Europe<\/a>.<\/p>\n<p>&nbsp;<\/p>\n<p>Ad esempio oggi <strong>29\/04\/2022<\/strong>, esattamente alle 9:47 locali l&#8217;<span class=\"css-901oao css-16my406 r-poiln3 r-bcqeeo r-qvutc0\">Istituto Comprensivo 1 di Chieti, ha effettuato il primo contatto diretto <\/span><span class=\"css-901oao css-16my406 r-poiln3 r-bcqeeo r-qvutc0\">via IZ6BMP proprio con Samantha per l&#8217;inizio della sua missione Minerva!<br \/>\nQui il link per ascoltare le sole risposte di Samantha ricevute dall&#8217;amico radioamatore Matteo IW2ODP<\/span><\/p>\n<div class=\"video-container\"><span class=\"embed-youtube\" style=\"text-align:center; display: block;\"><iframe loading=\"lazy\" class=\"youtube-player\" width=\"640\" height=\"360\" src=\"https:\/\/www.youtube.com\/embed\/LET892xbOe0?version=3&#038;rel=1&#038;showsearch=0&#038;showinfo=1&#038;iv_load_policy=1&#038;fs=1&#038;hl=it-IT&#038;autohide=2&#038;start=2&#038;wmode=transparent\" allowfullscreen=\"true\" style=\"border:0;\" sandbox=\"allow-scripts allow-same-origin allow-popups allow-presentation allow-popups-to-escape-sandbox\"><\/iframe><\/span><\/div>\n<p>&nbsp;<\/p>\n<p>Queste le domande che i ragazzi della scuola hanno posto a Samantha:<br \/>\n1. Come si \u00e9 sentita quando \u00e9 stato annunciato a lei di andare alla base spaziale?<br \/>\n2. Quando torni dallo spazio, in cui non c&#8217;\u00e8 gravit\u00e0, alla terra che sensazioni hai?<br \/>\n3. Che effetto ti fa vedere la terra girare?<br \/>\n4. Che tipo di test hai dovuto superare per entrare nella NASA?<br \/>\n5. Ti sei mai sentita sotto pressione?<br \/>\n6. Chi o che cosa ti ha ispirato e dato la forza di perseguire la carriera di astronauta?<br \/>\n7. Quali studi si devono fare per diventare un astronauta e in particolare tu quali hai fatto?<br \/>\n8. Quanto tempo ha impiegato per entrare nella ESA?<br \/>\n9. Quali competenze tecniche e informatiche sono necessarie e perch\u00e9? Attraverso quali corsi di studio si acquisiscono?<br \/>\n10. Quanto dura l\u2019addestramento per andare nello spazio?<br \/>\n11. E\u2019 stato difficile abituarsi a muoversi con la mancanza di gravit\u00e0 nello spazio?<br \/>\n12. Com&#8217;\u00e8 possibile la trasmissione di dati dallo spazio alla terra in tempo reale?<br \/>\n13. Qual&#8217;\u00e8 il tempo massimo per rimanere sulla stazione spaziale?<br \/>\n14. \u00c8 mai stato sperimentato un metodo per vedere esattamente cosa c&#8217;\u00e8 dentro la luna?<br \/>\n15. Quanto impegno e sacrificio \u00e8 necessario per diventare astronauti? Quale gioia si prova ad essere astronauti?<\/p>\n<p>Questi i file audio registrati da Davide C. dell&#8217;AVDA, il 29.04 giorno del contatto radio tra la scuola e Samantha in ordbita sulla ISS:<\/p>\n<audio class=\"wp-audio-shortcode\" id=\"audio-969-2\" preload=\"none\" style=\"width: 100%;\" controls=\"controls\"><source type=\"audio\/mpeg\" src=\"http:\/\/www.avdavigevano.com\/TEST\/wp-content\/uploads\/2022\/04\/220429-ARISS-Contact-Samantha-Cristoforetti.mp3?_=2\" \/><a href=\"http:\/\/www.avdavigevano.com\/TEST\/wp-content\/uploads\/2022\/04\/220429-ARISS-Contact-Samantha-Cristoforetti.mp3\">http:\/\/www.avdavigevano.com\/TEST\/wp-content\/uploads\/2022\/04\/220429-ARISS-Contact-Samantha-Cristoforetti.mp3<\/a><\/audio>\n<p>&nbsp;<\/p>\n<p>Domani <strong>30\/04\/2022<\/strong> alle ore 10:35 un&#8217;altra scuola, l&#8217;Istituto Comprensivo Tolfa in Tolfa, Lazio, effettuer\u00e0 un collegamto diretto via IK\u00d8WGF ascoltabile sulla frequenza radioamatoriale della ISS 145.800MHz.<\/p>\n<p>Queste le domande che verranno fatte a Samantha:<br \/>\n1. Da donna che tipo di difficolt\u00e0 ha dovuto gestire durante il suo percorso professionale?<br \/>\n2. Quando parte per queste missioni, cos\u2019\u00e8 che la preoccupa di pi\u00f9?<br \/>\n3. Il buio, il vuoto e la profondit\u00e0 dell&#8217;universo, che sensazioni trasmettono la prima volta che si va in una missione spaziale?<br \/>\n4. Durante le tue missioni quali sono l&#8217;esperienza pi\u00f9 emozionante e quella pi\u00f9 deludente che hai vissuto?<br \/>\n5. Quali effetti fisici e mentali si riscontrano una volta ritornati sulla Terra?<br \/>\n6. Gli astronauti fanno delle esercitazioni anche per riuscire a mantenere la calma in qualsiasi situazione?<br \/>\n7. A cosa avete rinunciato negli anni per fare gli astronauti?<br \/>\n8. Nello spazio come si percepisce il passare del tempo?<br \/>\n9. La NASA \u00e8 riuscita ad ascoltare &#8220;la voce dello spazio&#8221;: cosa si intende con questa definizione?<br \/>\n10. A quale preparazione fisica dovete sottoporvi prima di una missione spaziale?<br \/>\n11. Quanto \u00e8 evidente dallo spazio la sofferenza del nostro pianeta?<br \/>\n12. Cosa ha provato la prima volta che ha visto la Terra dallo spazio?<br \/>\n13. E&#8217;stato portato qualche animale sulla nelle ultime missioni spaziali?<br \/>\n14. Era il tuo sogno fin da bambina diventare un astronauta?<br \/>\n15. L\u2019equipaggio di una navicella spaziale da quanti membri \u00e8 costituito?<br \/>\n16. Che cos&#8217;\u00e8 per te<\/p>\n<p>il coraggio?<br \/>\n17. Il vostro addestramento in astronautica vi torner\u00e0 utile per la vita quotidiana ?<br \/>\n18. Quale dieta seguite?<\/p>\n<p>Questi i file audio registrati da Davide C. dell&#8217;AVDA, il 30.04 giorno del contatto radio tra la scuola e Samantha in ordbita sulla ISS:<\/p>\n<audio class=\"wp-audio-shortcode\" id=\"audio-969-3\" preload=\"none\" style=\"width: 100%;\" controls=\"controls\"><source type=\"audio\/mpeg\" src=\"http:\/\/www.avdavigevano.com\/TEST\/wp-content\/uploads\/2022\/04\/220430-ARISS-Contact-Samantha-Cristoforetti.mp3?_=3\" \/><a href=\"http:\/\/www.avdavigevano.com\/TEST\/wp-content\/uploads\/2022\/04\/220430-ARISS-Contact-Samantha-Cristoforetti.mp3\">http:\/\/www.avdavigevano.com\/TEST\/wp-content\/uploads\/2022\/04\/220430-ARISS-Contact-Samantha-Cristoforetti.mp3<\/a><\/audio>\n<p>&nbsp;<\/p>\n<p>Aggiornaremo costantemente l&#8217;articolo per aggiornarVi costantemente sui collegamenti radio che verranno effettuati.<\/p>\n","protected":false},"excerpt":{"rendered":"<p>ARISS (Amateur Radio on International Space Station) \u00e8 un gruppo di radioamatori internazionale che volontariamente si dedica a sviluppare ed a costruire apparati elettronici per permettere agli astronauti di parlare con gli operatori a Terra ed in particolar modo con le scuole. Ecco che da qui nasce il progetto &#8220;ARISS&#46;&#46;&#46;<\/p>\n","protected":false},"author":1,"featured_media":1558,"comment_status":"open","ping_status":"open","sticky":false,"template":"","format":"standard","meta":{"_monsterinsights_skip_tracking":false,"_monsterinsights_sitenote_active":false,"_monsterinsights_sitenote_note":"","_monsterinsights_sitenote_category":0,"jetpack_post_was_ever_published":false,"_jetpack_newsletter_access":"","_jetpack_dont_email_post_to_subs":false,"_jetpack_newsletter_tier_id":0,"_jetpack_memberships_contains_paywalled_content":false,"_jetpack_memberships_contains_paid_content":false,"footnotes":""},"categories":[65],"tags":[71,66,67,69,111,72,74,108,46,73,38,70],"class_list":["post-969","post","type-post","status-publish","format-standard","has-post-thumbnail","hentry","category-articoli","tag-ari","tag-ariss","tag-astronauti","tag-luca-parmitano","tag-paolo-nespoli","tag-radio","tag-radioamatori","tag-samantha-cristoforetti","tag-stazione-spaziale-internazionale","tag-vhf","tag-vigevano","tag-wakata"],"jetpack_featured_media_url":"https:\/\/i0.wp.com\/www.avdavigevano.com\/TEST\/wp-content\/uploads\/2022\/04\/samantha-cristoforetti-iz0udf-using-iss-columbus-amateur-radio-station-e1651224060358.jpg?fit=746%2C274&ssl=1","jetpack_sharing_enabled":true,"jetpack_shortlink":"https:\/\/wp.me\/p9jymR-fD","jetpack_likes_enabled":true,"_links":{"self":[{"href":"https:\/\/www.avdavigevano.com\/index.php?rest_route=\/wp\/v2\/posts\/969","targetHints":{"allow":["GET"]}}],"collection":[{"href":"https:\/\/www.avdavigevano.com\/index.php?rest_route=\/wp\/v2\/posts"}],"about":[{"href":"https:\/\/www.avdavigevano.com\/index.php?rest_route=\/wp\/v2\/types\/post"}],"author":[{"embeddable":true,"href":"https:\/\/www.avdavigevano.com\/index.php?rest_route=\/wp\/v2\/users\/1"}],"replies":[{"embeddable":true,"href":"https:\/\/www.avdavigevano.com\/index.php?rest_route=%2Fwp%2Fv2%2Fcomments&post=969"}],"version-history":[{"count":14,"href":"https:\/\/www.avdavigevano.com\/index.php?rest_route=\/wp\/v2\/posts\/969\/revisions"}],"predecessor-version":[{"id":1566,"href":"https:\/\/www.avdavigevano.com\/index.php?rest_route=\/wp\/v2\/posts\/969\/revisions\/1566"}],"wp:featuredmedia":[{"embeddable":true,"href":"https:\/\/www.avdavigevano.com\/index.php?rest_route=\/wp\/v2\/media\/1558"}],"wp:attachment":[{"href":"https:\/\/www.avdavigevano.com\/index.php?rest_route=%2Fwp%2Fv2%2Fmedia&parent=969"}],"wp:term":[{"taxonomy":"category","embeddable":true,"href":"https:\/\/www.avdavigevano.com\/index.php?rest_route=%2Fwp%2Fv2%2Fcategories&post=969"},{"taxonomy":"post_tag","embeddable":true,"href":"https:\/\/www.avdavigevano.com\/index.php?rest_route=%2Fwp%2Fv2%2Ftags&post=969"}],"curies":[{"name":"wp","href":"https:\/\/api.w.org\/{rel}","templated":true}]}}