{"id":958,"date":"2019-10-05T10:00:46","date_gmt":"2019-10-05T08:00:46","guid":{"rendered":"http:\/\/www.avdavigevano.com\/?p=958"},"modified":"2019-10-05T10:22:51","modified_gmt":"2019-10-05T08:22:51","slug":"due-planetarie-molto-particolari","status":"publish","type":"post","link":"https:\/\/www.avdavigevano.com\/?p=958","title":{"rendered":"Due Planetarie&#8230; molto particolari!"},"content":{"rendered":"<p style=\"text-align: justify;\">E&#8217; sempre una scoperta osservare il cielo!<\/p>\n<p style=\"text-align: justify;\">Anche noi astrofili rimaniamo stupiti quando, osserviamo un oggetto al telescopio oppure quando catturiamo ed elaboriamo una sequenza di immagini che al termine risulter\u00e0 pi\u00f9 nitida o pi\u00f9 dettagliata del solito.<\/p>\n<p style=\"text-align: justify;\">Ci stupiamo e rimaniamo maravigliati ancor di pi\u00f9 quando osserviamo un oggetto mai osservato prima&#8230; e questa \u00e8 una di quelle volte.<\/p>\n<p style=\"text-align: justify;\">Durante le serate trascorse al 28\u00b0 Star Party di Saint Barthelemy, nell&#8217;ultimo fine settimana di settembre di quest&#8217;anno, il nostro socio Antonio ha ripreso due oggetti del Profondo Cielo, due piccole nebulose, molto particolari e molto molto difficili da riprendere.<\/p>\n<div id=\"attachment_960\" style=\"width: 1608px\" class=\"wp-caption alignnone\"><img data-recalc-dims=\"1\" loading=\"lazy\" decoding=\"async\" aria-describedby=\"caption-attachment-960\" data-attachment-id=\"960\" data-permalink=\"https:\/\/www.avdavigevano.com\/?attachment_id=960\" data-orig-file=\"https:\/\/i0.wp.com\/www.avdavigevano.com\/TEST\/wp-content\/uploads\/2019\/10\/ff1cb7b8-b170-45a3-b676-6cede0504431.jpg?fit=1598%2C1600&amp;ssl=1\" data-orig-size=\"1598,1600\" data-comments-opened=\"1\" data-image-meta=\"{&quot;aperture&quot;:&quot;0&quot;,&quot;credit&quot;:&quot;&quot;,&quot;camera&quot;:&quot;&quot;,&quot;caption&quot;:&quot;&quot;,&quot;created_timestamp&quot;:&quot;0&quot;,&quot;copyright&quot;:&quot;&quot;,&quot;focal_length&quot;:&quot;0&quot;,&quot;iso&quot;:&quot;0&quot;,&quot;shutter_speed&quot;:&quot;0&quot;,&quot;title&quot;:&quot;&quot;,&quot;orientation&quot;:&quot;0&quot;}\" data-image-title=\"Abell 6 &amp;#038; HFG1\" data-image-description=\"&lt;p&gt;Abell 6 e HFG1 ripresi da A. Nicola durante il 28\u00b0 Star Party di Saint Barthelemy&lt;\/p&gt;\n\" data-image-caption=\"&lt;p&gt;Abell 6 e HFG1 ripresi da A. Nicola (Photo Credit: AVDA\/A.Nicola)&lt;\/p&gt;\n\" data-large-file=\"https:\/\/i0.wp.com\/www.avdavigevano.com\/TEST\/wp-content\/uploads\/2019\/10\/ff1cb7b8-b170-45a3-b676-6cede0504431.jpg?fit=1024%2C1024&amp;ssl=1\" class=\"alignnone size-full wp-image-960\" src=\"https:\/\/i0.wp.com\/www.avdavigevano.com\/TEST\/wp-content\/uploads\/2019\/10\/ff1cb7b8-b170-45a3-b676-6cede0504431.jpg?resize=1598%2C1600\" alt=\"Abell 6 e HFG1 ripresi da A. Nicola\" width=\"1598\" height=\"1600\" srcset=\"https:\/\/i0.wp.com\/www.avdavigevano.com\/TEST\/wp-content\/uploads\/2019\/10\/ff1cb7b8-b170-45a3-b676-6cede0504431.jpg?w=1598&amp;ssl=1 1598w, https:\/\/i0.wp.com\/www.avdavigevano.com\/TEST\/wp-content\/uploads\/2019\/10\/ff1cb7b8-b170-45a3-b676-6cede0504431.jpg?resize=150%2C150&amp;ssl=1 150w, https:\/\/i0.wp.com\/www.avdavigevano.com\/TEST\/wp-content\/uploads\/2019\/10\/ff1cb7b8-b170-45a3-b676-6cede0504431.jpg?resize=300%2C300&amp;ssl=1 300w, https:\/\/i0.wp.com\/www.avdavigevano.com\/TEST\/wp-content\/uploads\/2019\/10\/ff1cb7b8-b170-45a3-b676-6cede0504431.jpg?resize=768%2C769&amp;ssl=1 768w, https:\/\/i0.wp.com\/www.avdavigevano.com\/TEST\/wp-content\/uploads\/2019\/10\/ff1cb7b8-b170-45a3-b676-6cede0504431.jpg?resize=1024%2C1024&amp;ssl=1 1024w, https:\/\/i0.wp.com\/www.avdavigevano.com\/TEST\/wp-content\/uploads\/2019\/10\/ff1cb7b8-b170-45a3-b676-6cede0504431.jpg?resize=160%2C160&amp;ssl=1 160w, https:\/\/i0.wp.com\/www.avdavigevano.com\/TEST\/wp-content\/uploads\/2019\/10\/ff1cb7b8-b170-45a3-b676-6cede0504431.jpg?resize=320%2C320&amp;ssl=1 320w\" sizes=\"auto, (max-width: 1000px) 100vw, 1000px\" \/><p id=\"caption-attachment-960\" class=\"wp-caption-text\">Abell 6 e HFG1 ripresi da A. Nicola (Photo Credit: AVDA \/ A.Nicola)<\/p><\/div>\n<p style=\"text-align: justify;\">Si tratta degli oggetti <strong>HFG 1<\/strong> (Heckathorn-Fessen-Gull) e <strong>Abell 6<\/strong>, entrambi nella costellazione di Cassiopea.<\/p>\n<p style=\"text-align: justify;\">Durante la serata, lo stesso autore ci parler\u00e0 dei due oggetti del Profondo Cielo, ci presenter\u00e0 la sua strumentazione e le tecniche utilizzate per la ripresa in due notti passate a fianco dell&#8217;Osservatorio OAVDA sito nella frazione Lignan a 1700 m. slm. Ovviamente tenteremo di strappargli qualche segreto usato per l&#8217;elaborazione delle immagini.<\/p>\n<p style=\"text-align: justify;\"><strong>Ti aspettiamo mercoled\u00ec 16 ottobre, dalle ore 21:10, presso la Biblioteca dei Ragazzi di Via Boldrini 1 a Vigevano.<br \/>\nIngresso aperto a tutti e gratuito!<\/strong><\/p>\n<p style=\"text-align: justify;\">Puoi scaricare gli altri appuntamenti mensili in programma dal seguente link <a href=\"http:\/\/www.avdavigevano.com\/?p=907\" target=\"_blank\" rel=\"noopener noreferrer\">Programma OTTOBRE 19 &#8211; LUGLIO &#8217;20<\/a><\/p>\n","protected":false},"excerpt":{"rendered":"<p>16 ottobre: Due Planetarie! Presentazione a cura di Antonio, socio AVDA, sulle tecniche di ripresa di due oggetti molto particolari&#8230;<\/p>\n","protected":false},"author":1,"featured_media":475,"comment_status":"open","ping_status":"open","sticky":false,"template":"","format":"standard","meta":{"_monsterinsights_skip_tracking":false,"_monsterinsights_sitenote_active":false,"_monsterinsights_sitenote_note":"","_monsterinsights_sitenote_category":0,"jetpack_post_was_ever_published":false,"_jetpack_newsletter_access":"","_jetpack_dont_email_post_to_subs":false,"_jetpack_newsletter_tier_id":0,"_jetpack_memberships_contains_paywalled_content":false,"_jetpack_memberships_contains_paid_content":false,"footnotes":""},"categories":[31],"tags":[63,62,64,61,6,13],"class_list":["post-958","post","type-post","status-publish","format-standard","has-post-thumbnail","hentry","category-conferenze","tag-elaborazione","tag-elaborazione-fotografica","tag-immagini","tag-nebulose","tag-news","tag-presentazioni"],"jetpack_featured_media_url":"https:\/\/i0.wp.com\/www.avdavigevano.com\/TEST\/wp-content\/uploads\/2018\/01\/banner_conferenze.jpg?fit=720%2C200&ssl=1","jetpack_sharing_enabled":true,"jetpack_shortlink":"https:\/\/wp.me\/p9jymR-fs","jetpack_likes_enabled":true,"_links":{"self":[{"href":"https:\/\/www.avdavigevano.com\/index.php?rest_route=\/wp\/v2\/posts\/958","targetHints":{"allow":["GET"]}}],"collection":[{"href":"https:\/\/www.avdavigevano.com\/index.php?rest_route=\/wp\/v2\/posts"}],"about":[{"href":"https:\/\/www.avdavigevano.com\/index.php?rest_route=\/wp\/v2\/types\/post"}],"author":[{"embeddable":true,"href":"https:\/\/www.avdavigevano.com\/index.php?rest_route=\/wp\/v2\/users\/1"}],"replies":[{"embeddable":true,"href":"https:\/\/www.avdavigevano.com\/index.php?rest_route=%2Fwp%2Fv2%2Fcomments&post=958"}],"version-history":[{"count":8,"href":"https:\/\/www.avdavigevano.com\/index.php?rest_route=\/wp\/v2\/posts\/958\/revisions"}],"predecessor-version":[{"id":967,"href":"https:\/\/www.avdavigevano.com\/index.php?rest_route=\/wp\/v2\/posts\/958\/revisions\/967"}],"wp:featuredmedia":[{"embeddable":true,"href":"https:\/\/www.avdavigevano.com\/index.php?rest_route=\/wp\/v2\/media\/475"}],"wp:attachment":[{"href":"https:\/\/www.avdavigevano.com\/index.php?rest_route=%2Fwp%2Fv2%2Fmedia&parent=958"}],"wp:term":[{"taxonomy":"category","embeddable":true,"href":"https:\/\/www.avdavigevano.com\/index.php?rest_route=%2Fwp%2Fv2%2Fcategories&post=958"},{"taxonomy":"post_tag","embeddable":true,"href":"https:\/\/www.avdavigevano.com\/index.php?rest_route=%2Fwp%2Fv2%2Ftags&post=958"}],"curies":[{"name":"wp","href":"https:\/\/api.w.org\/{rel}","templated":true}]}}