{"id":840,"date":"2019-07-10T16:00:19","date_gmt":"2019-07-10T14:00:19","guid":{"rendered":"http:\/\/www.avdavigevano.com\/?p=840"},"modified":"2019-07-11T17:02:43","modified_gmt":"2019-07-11T15:02:43","slug":"16-luglio-eclissi-parziale-di-luna","status":"publish","type":"post","link":"https:\/\/www.avdavigevano.com\/?p=840","title":{"rendered":"16 luglio, eclissi parziale di Luna!"},"content":{"rendered":"<p class=\"p2\" style=\"text-align: justify;\"><strong>Che cos&#8217;\u00e8 e quando si verifica un&#8217;eclissi di Luna?<\/strong><b><br \/>\n<\/b><\/p>\n<div id=\"attachment_841\" style=\"width: 324px\" class=\"wp-caption alignleft\"><img data-recalc-dims=\"1\" loading=\"lazy\" decoding=\"async\" aria-describedby=\"caption-attachment-841\" data-attachment-id=\"841\" data-permalink=\"https:\/\/www.avdavigevano.com\/?attachment_id=841\" data-orig-file=\"https:\/\/i0.wp.com\/www.avdavigevano.com\/TEST\/wp-content\/uploads\/2019\/07\/Schema-Eclissi-di-Luna.jpg?fit=314%2C161&amp;ssl=1\" data-orig-size=\"314,161\" data-comments-opened=\"1\" data-image-meta=\"{&quot;aperture&quot;:&quot;0&quot;,&quot;credit&quot;:&quot;&quot;,&quot;camera&quot;:&quot;&quot;,&quot;caption&quot;:&quot;&quot;,&quot;created_timestamp&quot;:&quot;0&quot;,&quot;copyright&quot;:&quot;&quot;,&quot;focal_length&quot;:&quot;0&quot;,&quot;iso&quot;:&quot;0&quot;,&quot;shutter_speed&quot;:&quot;0&quot;,&quot;title&quot;:&quot;&quot;,&quot;orientation&quot;:&quot;0&quot;}\" data-image-title=\"Schema Eclissi di Luna\" data-image-description=\"\" data-image-caption=\"&lt;p&gt;Schema Eclissi di Luna&lt;\/p&gt;\n\" data-large-file=\"https:\/\/i0.wp.com\/www.avdavigevano.com\/TEST\/wp-content\/uploads\/2019\/07\/Schema-Eclissi-di-Luna.jpg?fit=314%2C161&amp;ssl=1\" class=\"alignnone size-full wp-image-841\" src=\"https:\/\/i0.wp.com\/www.avdavigevano.com\/TEST\/wp-content\/uploads\/2019\/07\/Schema-Eclissi-di-Luna.jpg?resize=314%2C161\" alt=\"Schema Eclissi di Luna\" width=\"314\" height=\"161\" srcset=\"https:\/\/i0.wp.com\/www.avdavigevano.com\/TEST\/wp-content\/uploads\/2019\/07\/Schema-Eclissi-di-Luna.jpg?w=314&amp;ssl=1 314w, https:\/\/i0.wp.com\/www.avdavigevano.com\/TEST\/wp-content\/uploads\/2019\/07\/Schema-Eclissi-di-Luna.jpg?resize=300%2C154&amp;ssl=1 300w\" sizes=\"auto, (max-width: 314px) 100vw, 314px\" \/><p id=\"caption-attachment-841\" class=\"wp-caption-text\">Schema Eclissi di Luna<\/p><\/div>\n<p class=\"p2\" style=\"text-align: justify;\">L&#8217;eclissi \u00e8 il parziale o totale occultamento di un corpo celeste da parte di un altro. L&#8217;eclissi di Luna si verifica quando il nostro satellite si trova ad attraversare il cono d&#8217;ombra causato dalla Terra, che si interpone tra il Sole e la Luna stessa. Un&#8217;eclissi di Luna pu\u00f2 presentarsi soltanto all&#8217;epoca del Plenilunio, cio\u00e8 quando la Luna si trova in opposizione rispetto al Sole.<\/p>\n<p class=\"p2\" style=\"text-align: justify;\"><strong>Perch\u00e9 si parla di &#8220;Luna rossa&#8221;?<\/strong><b><br \/>\n<\/b><\/p>\n<p class=\"p2\" style=\"text-align: justify;\"><img data-recalc-dims=\"1\" loading=\"lazy\" decoding=\"async\" data-attachment-id=\"704\" data-permalink=\"https:\/\/www.avdavigevano.com\/?attachment_id=704\" data-orig-file=\"https:\/\/i0.wp.com\/www.avdavigevano.com\/TEST\/wp-content\/uploads\/2019\/01\/1901-Almanacco-AVDA_01.jpg?fit=828%2C464&amp;ssl=1\" data-orig-size=\"828,464\" data-comments-opened=\"1\" data-image-meta=\"{&quot;aperture&quot;:&quot;0&quot;,&quot;credit&quot;:&quot;&quot;,&quot;camera&quot;:&quot;&quot;,&quot;caption&quot;:&quot;&quot;,&quot;created_timestamp&quot;:&quot;0&quot;,&quot;copyright&quot;:&quot;&quot;,&quot;focal_length&quot;:&quot;0&quot;,&quot;iso&quot;:&quot;0&quot;,&quot;shutter_speed&quot;:&quot;0&quot;,&quot;title&quot;:&quot;&quot;,&quot;orientation&quot;:&quot;0&quot;}\" data-image-title=\"1901-Almanacco AVDA_01\" data-image-description=\"\" data-image-caption=\"\" data-large-file=\"https:\/\/i0.wp.com\/www.avdavigevano.com\/TEST\/wp-content\/uploads\/2019\/01\/1901-Almanacco-AVDA_01.jpg?fit=828%2C464&amp;ssl=1\" class=\"  wp-image-704 alignright\" src=\"https:\/\/i0.wp.com\/www.avdavigevano.com\/TEST\/wp-content\/uploads\/2019\/01\/1901-Almanacco-AVDA_01.jpg?resize=412%2C231\" alt=\"1901-Almanacco AVDA_01\" width=\"412\" height=\"231\" srcset=\"https:\/\/i0.wp.com\/www.avdavigevano.com\/TEST\/wp-content\/uploads\/2019\/01\/1901-Almanacco-AVDA_01.jpg?w=828&amp;ssl=1 828w, https:\/\/i0.wp.com\/www.avdavigevano.com\/TEST\/wp-content\/uploads\/2019\/01\/1901-Almanacco-AVDA_01.jpg?resize=300%2C168&amp;ssl=1 300w, https:\/\/i0.wp.com\/www.avdavigevano.com\/TEST\/wp-content\/uploads\/2019\/01\/1901-Almanacco-AVDA_01.jpg?resize=768%2C430&amp;ssl=1 768w\" sizes=\"auto, (max-width: 412px) 100vw, 412px\" \/>L&#8217;atmosfera terrestre dev\u00eca i raggi solari per effetto della rifrazione, cosicch\u00e9 la Luna si trover\u00e0 immersa in un&#8217;ombra che sarebbe molto scura se non fosse\u00a0pervasa dalla luce solare diffusa. Poich\u00e9 la radiazione rossa viene diffusa meno efficacemente di quella blu, la superficie lunare eclissata assu-mer\u00e0 una colorazione rossastra.<\/p>\n<p class=\"p2\" style=\"text-align: justify;\"><strong>L\u2019eclissi del 16 luglio 2019 <\/strong>sar\u00e0 parziale (la Luna non entrer\u00e0 completamente nel cono d\u2019ombra), ma visibile in quasi tutte le sue fasi anche dall\u2019Italia. L\u2019ingresso del nostro satellite naturale nel cono di penombra si verifica prima della levata della Luna per le regioni settentrionali; le osservazioni saranno inizial-mente disturbate dal forte chiarore del tra-monto. Completamente visibili la fase d\u2019ombra e il termine dell\u2019eclissi. Durante la fase massima risultano immersi nell\u2019ombra della Terra ben 2\/3 del diametro del disco lunare.<img data-recalc-dims=\"1\" loading=\"lazy\" decoding=\"async\" data-attachment-id=\"843\" data-permalink=\"https:\/\/www.avdavigevano.com\/?attachment_id=843\" data-orig-file=\"https:\/\/i0.wp.com\/www.avdavigevano.com\/TEST\/wp-content\/uploads\/2019\/07\/ECLISSI-DI-LUNA-2019_03.jpg?fit=722%2C540&amp;ssl=1\" data-orig-size=\"722,540\" data-comments-opened=\"1\" data-image-meta=\"{&quot;aperture&quot;:&quot;0&quot;,&quot;credit&quot;:&quot;&quot;,&quot;camera&quot;:&quot;&quot;,&quot;caption&quot;:&quot;&quot;,&quot;created_timestamp&quot;:&quot;0&quot;,&quot;copyright&quot;:&quot;&quot;,&quot;focal_length&quot;:&quot;0&quot;,&quot;iso&quot;:&quot;0&quot;,&quot;shutter_speed&quot;:&quot;0&quot;,&quot;title&quot;:&quot;&quot;,&quot;orientation&quot;:&quot;0&quot;}\" data-image-title=\"ECLISSI DI LUNA 2019_03\" data-image-description=\"\" data-image-caption=\"\" data-large-file=\"https:\/\/i0.wp.com\/www.avdavigevano.com\/TEST\/wp-content\/uploads\/2019\/07\/ECLISSI-DI-LUNA-2019_03.jpg?fit=722%2C540&amp;ssl=1\" class=\"alignnone size-full wp-image-843\" style=\"color: var(--color-text);\" src=\"https:\/\/i0.wp.com\/www.avdavigevano.com\/TEST\/wp-content\/uploads\/2019\/07\/ECLISSI-DI-LUNA-2019_03.jpg?resize=722%2C540\" alt=\"ECLISSI DI LUNA 2019_03\" width=\"722\" height=\"540\" srcset=\"https:\/\/i0.wp.com\/www.avdavigevano.com\/TEST\/wp-content\/uploads\/2019\/07\/ECLISSI-DI-LUNA-2019_03.jpg?w=722&amp;ssl=1 722w, https:\/\/i0.wp.com\/www.avdavigevano.com\/TEST\/wp-content\/uploads\/2019\/07\/ECLISSI-DI-LUNA-2019_03.jpg?resize=300%2C224&amp;ssl=1 300w\" sizes=\"auto, (max-width: 722px) 100vw, 722px\" \/><\/p>\n<p>&nbsp;<\/p>\n<p><strong>Link a risorse esterne al sito:<\/strong><\/p>\n<p class=\"p2\" style=\"text-align: justify;\">&#8211; File PDF con le caratteristiche dell&#8217;Eclissi Parziale di Luna del 16 luglio 2019 <a title=\"LE2019Jul16P\" href=\"http:\/\/www.avdavigevano.com\/TEST\/wp-content\/uploads\/2019\/07\/LE2019Jul16P.pdf\" target=\"_blank\" rel=\"noopener noreferrer\">LE2019Jul16P<\/a><br \/>\n&#8211; <a href=\"http:\/\/eclipsewise.com\/lunar\/LEprime\/2001-2100\/LE2019Jul16Pprime.html\" target=\"_blank\" rel=\"noopener noreferrer\">EclipseWise.com &#8211; Partial Lunar Eclipse of 2019 Jul 16 Fred Espenak<\/a><\/p>\n","protected":false},"excerpt":{"rendered":"<p>16 luglio, eclissi parziale di Luna! Che cos&#8217;\u00e8 e quando si verifica un&#8217;eclissi di Luna? Perch\u00e9 si parla di &#8220;Luna rossa&#8221;? L\u2019eclissi del 16 luglio 2019\u00a0sar\u00e0 parziale&#8230;<\/p>\n","protected":false},"author":1,"featured_media":477,"comment_status":"open","ping_status":"open","sticky":false,"template":"","format":"standard","meta":{"_monsterinsights_skip_tracking":false,"_monsterinsights_sitenote_active":false,"_monsterinsights_sitenote_note":"","_monsterinsights_sitenote_category":0,"jetpack_post_was_ever_published":false,"_jetpack_newsletter_access":"","_jetpack_dont_email_post_to_subs":false,"_jetpack_newsletter_tier_id":0,"_jetpack_memberships_contains_paywalled_content":false,"_jetpack_memberships_contains_paid_content":false,"footnotes":""},"categories":[12,5],"tags":[9,10],"class_list":["post-840","post","type-post","status-publish","format-standard","has-post-thumbnail","hentry","category-calendario","category-news","tag-eclissi","tag-luna"],"jetpack_featured_media_url":"https:\/\/i0.wp.com\/www.avdavigevano.com\/TEST\/wp-content\/uploads\/2018\/01\/banner_news-in-evidenza.jpg?fit=720%2C200&ssl=1","jetpack_sharing_enabled":true,"jetpack_shortlink":"https:\/\/wp.me\/p9jymR-dy","jetpack_likes_enabled":true,"_links":{"self":[{"href":"https:\/\/www.avdavigevano.com\/index.php?rest_route=\/wp\/v2\/posts\/840","targetHints":{"allow":["GET"]}}],"collection":[{"href":"https:\/\/www.avdavigevano.com\/index.php?rest_route=\/wp\/v2\/posts"}],"about":[{"href":"https:\/\/www.avdavigevano.com\/index.php?rest_route=\/wp\/v2\/types\/post"}],"author":[{"embeddable":true,"href":"https:\/\/www.avdavigevano.com\/index.php?rest_route=\/wp\/v2\/users\/1"}],"replies":[{"embeddable":true,"href":"https:\/\/www.avdavigevano.com\/index.php?rest_route=%2Fwp%2Fv2%2Fcomments&post=840"}],"version-history":[{"count":6,"href":"https:\/\/www.avdavigevano.com\/index.php?rest_route=\/wp\/v2\/posts\/840\/revisions"}],"predecessor-version":[{"id":852,"href":"https:\/\/www.avdavigevano.com\/index.php?rest_route=\/wp\/v2\/posts\/840\/revisions\/852"}],"wp:featuredmedia":[{"embeddable":true,"href":"https:\/\/www.avdavigevano.com\/index.php?rest_route=\/wp\/v2\/media\/477"}],"wp:attachment":[{"href":"https:\/\/www.avdavigevano.com\/index.php?rest_route=%2Fwp%2Fv2%2Fmedia&parent=840"}],"wp:term":[{"taxonomy":"category","embeddable":true,"href":"https:\/\/www.avdavigevano.com\/index.php?rest_route=%2Fwp%2Fv2%2Fcategories&post=840"},{"taxonomy":"post_tag","embeddable":true,"href":"https:\/\/www.avdavigevano.com\/index.php?rest_route=%2Fwp%2Fv2%2Ftags&post=840"}],"curies":[{"name":"wp","href":"https:\/\/api.w.org\/{rel}","templated":true}]}}