{"id":694,"date":"2019-01-17T12:36:15","date_gmt":"2019-01-17T11:36:15","guid":{"rendered":"http:\/\/www.avdavigevano.com\/?p=694"},"modified":"2019-01-20T21:14:17","modified_gmt":"2019-01-20T20:14:17","slug":"eclissi-totale-di-luna-21-gennaio-2019","status":"publish","type":"post","link":"https:\/\/www.avdavigevano.com\/?p=694","title":{"rendered":"Eclissi totale di Luna: 21 gennaio 2019"},"content":{"rendered":"<p><em>Aggiornamento 20 gennaio 2019: per l&#8217;osservazione dell&#8217;eclissi totale di Luna abbiamo pensato di trovarci dalle ore 6:00 presso il parcheggio della chiesa della frazione Buccella di Vigevano.<\/em><\/p>\n<p>Luned\u00ec 21 gennaio l&#8217;intera penisola potr\u00e0 godere di uno spettacolo sempre affascinante, lo spettacolo dell&#8217;Eclissi Totale di Luna!<\/p>\n<p>A differenza dell&#8217;ultima eclissi del 27 luglio 2018, questa sar\u00e0 al mattino presto.<\/p>\n<p style=\"text-align: justify\">Dalla sua, l\u2019imminente eclissi di gennaio ha il fatto che coinvolge la prima cosiddetta superluna del 2019, dopo quasi un anno di assenza.<br \/>\nL\u2019osservazione dell\u2019eclissi totale di Luna si effettua ad occhio nudo: la naturalezza di tale visione \u00e8 parte della spettacolarit\u00e0 del fenomeno. Beninteso, un binocolo e un telescopio offriranno un\u2019immagine ben pi\u00f9 grande, ma chi non dispone di alcuno strumento ottico sappia&nbsp;che non rinuncia a nulla di essenziale.<\/p>\n<p style=\"text-align: justify\"><strong>Cos\u2019\u00e8 l\u2019eclissi totale di Luna.<\/strong><br \/>\nCom\u2019\u00e8 noto, in poco meno di un mese la Luna descrive un\u2019orbita ellittica intorno alla Terra,&nbsp;mentre questa si muove intorno al Sole, che illumina entrambe. Per avere l\u2019eclissi di Luna,&nbsp;occorre che quest\u2019ultima si nasconda dalla luce del Sole dentro l\u2019ombra della Terra; appare&nbsp;evidente che l\u2019allineamento necessario tra i tre corpi \u00e8 quello Sole-Terra-Luna, con il primo e&nbsp;l\u2019ultima dunque visibili dalla Terra in direzioni opposte. Questa condizione, peraltro, corrisponde&nbsp;geometricamente alla fase di Luna piena, da qui il fatto ovvio che le eclissi lunari si verificano&nbsp;quando la fase del nostro satellite \u00e8, appunto, piena.<br \/>\nEvidentemente, per\u00f2, la Luna piena non&nbsp;basta alla ricetta dell\u2019eclissi, altrimenti ne&nbsp;avremmo una al mese (un ragionamento&nbsp;analogo potrebbe farsi per le eclissi di Sole):<br \/>\noccorre che il citato allineamento Sole-Terra-Luna sia perfetto, entro margini strettissimi,<br \/>\nche di fatto fanno la differenza tra eclissi&nbsp;totale, parziale e\u2026 niente eclissi.<br \/>\n<img data-recalc-dims=\"1\" loading=\"lazy\" decoding=\"async\" data-attachment-id=\"703\" data-permalink=\"https:\/\/www.avdavigevano.com\/?attachment_id=703\" data-orig-file=\"https:\/\/i0.wp.com\/www.avdavigevano.com\/TEST\/wp-content\/uploads\/2019\/01\/1901-Almanacco-AVDA.jpg?fit=597%2C401&amp;ssl=1\" data-orig-size=\"597,401\" data-comments-opened=\"1\" data-image-meta=\"{&quot;aperture&quot;:&quot;0&quot;,&quot;credit&quot;:&quot;&quot;,&quot;camera&quot;:&quot;&quot;,&quot;caption&quot;:&quot;&quot;,&quot;created_timestamp&quot;:&quot;0&quot;,&quot;copyright&quot;:&quot;&quot;,&quot;focal_length&quot;:&quot;0&quot;,&quot;iso&quot;:&quot;0&quot;,&quot;shutter_speed&quot;:&quot;0&quot;,&quot;title&quot;:&quot;&quot;,&quot;orientation&quot;:&quot;0&quot;}\" data-image-title=\"1901-Almanacco AVDA\" data-image-description=\"\" data-image-caption=\"\" data-large-file=\"https:\/\/i0.wp.com\/www.avdavigevano.com\/TEST\/wp-content\/uploads\/2019\/01\/1901-Almanacco-AVDA.jpg?fit=597%2C401&amp;ssl=1\" src=\"https:\/\/i0.wp.com\/www.avdavigevano.com\/TEST\/wp-content\/uploads\/2019\/01\/1901-Almanacco-AVDA.jpg?resize=597%2C401\" class=\"aligncenter size-full wp-image-703\" alt=\"1901-Almanacco AVDA\" width=\"597\" height=\"401\" srcset=\"https:\/\/i0.wp.com\/www.avdavigevano.com\/TEST\/wp-content\/uploads\/2019\/01\/1901-Almanacco-AVDA.jpg?w=597&amp;ssl=1 597w, https:\/\/i0.wp.com\/www.avdavigevano.com\/TEST\/wp-content\/uploads\/2019\/01\/1901-Almanacco-AVDA.jpg?resize=300%2C202&amp;ssl=1 300w\" sizes=\"auto, (max-width: 597px) 100vw, 597px\" \/>Il piano dell\u2019orbita lunare non coincide con&nbsp;quello dell\u2019orbita terrestre (la cui proiezione nel cielo definisce la curva dell\u2019eclittica, che&nbsp;attraversa le costellazioni zodiacali, sulla quale si&nbsp;muove apparentemente il Sole), avendo invece un\u2019inclinazione di circa 5 gradi rispetto a&nbsp;quest\u2019ultimo. Guardando la Luna nel suo moto nel cielo, la vedremo perci\u00f2 sopra o sotto&nbsp;l\u2019eclittica e ci saranno dunque due punti, detti nodi, in cui essa attraverser\u00e0 proprio l\u2019eclittica.<br \/>\nSe la fase piena si verifica quando la Luna passa abbastanza vicino ad uno dei due nodi, allora&nbsp;\u00e8 garantito l\u2019allineamento con il Sole di cui si diceva (giova ribadire che il Sole \u00e8 per definizione&nbsp;sull\u2019eclittica, essendo questa curva la proiezione in cielo dell\u2019orbita che la Terra segue proprio attorno ad&nbsp;esso, perci\u00f2 quando la Luna piena \u00e8 al nodo, l\u2019allineamento antitetico \u00e8 soddisfatto).<br \/>\nIl fenomeno dell\u2019eclissi totale procede con gradualit\u00e0. La Luna inizia ad entrare nel cono di&nbsp;penombra della Terra, mostrando cos\u00ec un leggero indebolimento luminoso sul bordo del lato&nbsp;orientale del suo disco. Successivamente, il satellite si immerge nel cono d\u2019ombra, che produrr\u00e0&nbsp;un marcato oscuramento, dapprima marginale, poi sempre pi\u00f9 esteso, del disco lunare. Quando&nbsp;la Luna sar\u00e0 completamente dentro il cono d\u2019ombra, inizier\u00e0 la fase totale.<\/p>\n<p class=\"p1\" style=\"text-align: justify\">Questa raggiunger\u00e0 il suo momento massimo, vero giro di boa del fenomeno, dopodich\u00e9 l\u2019eclissi mostrer\u00e0 fasi speculari a quelle iniziali, terminando quando la Luna emerger\u00e0 completamente dal cono di penombra, tornando alla piena luce del Sole.<\/p>\n<p class=\"p2\" style=\"text-align: justify\"><span class=\"s1\">Durante la totalit\u00e0, ma anche in fase parziale avanzata, la Luna acquista un caratteristico, elegante colore bronzeo. Esso deriva dal fatto che in quel momento l\u2019atmosfera terrestre sta indirizzando verso la Luna la porzione rossa dello spettro elettromagnetico (<\/span>\u00e8 bene notare che quella che per noi terrestri \u00e8 un\u2019eclissi di Luna, dal nostro satellite apparirebbe come un\u2019eclissi di Sole: nella fase totale, dalla Luna vedremmo un\u2019aureola rossastra tutt\u2019intorno alla Terra, ovvero la nostra atmosfera che dirige verso il satellite la radiazione pi\u00f9 rossa<span class=\"s1\">).<br \/>\n<\/span><span class=\"s1\"><img data-recalc-dims=\"1\" loading=\"lazy\" decoding=\"async\" data-attachment-id=\"704\" data-permalink=\"https:\/\/www.avdavigevano.com\/?attachment_id=704\" data-orig-file=\"https:\/\/i0.wp.com\/www.avdavigevano.com\/TEST\/wp-content\/uploads\/2019\/01\/1901-Almanacco-AVDA_01.jpg?fit=828%2C464&amp;ssl=1\" data-orig-size=\"828,464\" data-comments-opened=\"1\" data-image-meta=\"{&quot;aperture&quot;:&quot;0&quot;,&quot;credit&quot;:&quot;&quot;,&quot;camera&quot;:&quot;&quot;,&quot;caption&quot;:&quot;&quot;,&quot;created_timestamp&quot;:&quot;0&quot;,&quot;copyright&quot;:&quot;&quot;,&quot;focal_length&quot;:&quot;0&quot;,&quot;iso&quot;:&quot;0&quot;,&quot;shutter_speed&quot;:&quot;0&quot;,&quot;title&quot;:&quot;&quot;,&quot;orientation&quot;:&quot;0&quot;}\" data-image-title=\"1901-Almanacco AVDA_01\" data-image-description=\"\" data-image-caption=\"\" data-large-file=\"https:\/\/i0.wp.com\/www.avdavigevano.com\/TEST\/wp-content\/uploads\/2019\/01\/1901-Almanacco-AVDA_01.jpg?fit=828%2C464&amp;ssl=1\" src=\"https:\/\/i0.wp.com\/www.avdavigevano.com\/TEST\/wp-content\/uploads\/2019\/01\/1901-Almanacco-AVDA_01.jpg?resize=828%2C464\" class=\"aligncenter size-full wp-image-704\" alt=\"1901-Almanacco AVDA_01\" width=\"828\" height=\"464\" srcset=\"https:\/\/i0.wp.com\/www.avdavigevano.com\/TEST\/wp-content\/uploads\/2019\/01\/1901-Almanacco-AVDA_01.jpg?w=828&amp;ssl=1 828w, https:\/\/i0.wp.com\/www.avdavigevano.com\/TEST\/wp-content\/uploads\/2019\/01\/1901-Almanacco-AVDA_01.jpg?resize=300%2C168&amp;ssl=1 300w, https:\/\/i0.wp.com\/www.avdavigevano.com\/TEST\/wp-content\/uploads\/2019\/01\/1901-Almanacco-AVDA_01.jpg?resize=768%2C430&amp;ssl=1 768w\" sizes=\"auto, (max-width: 828px) 100vw, 828px\" \/><\/span><\/p>\n<p class=\"p1\" style=\"text-align: justify\">Durante la totalit\u00e0, le eclissi possono apparire pi\u00f9 o meno scure: questo dipende da quanto centralmente la Luna s\u2019immerge nel cono d\u2019ombra terrestre, cos\u00ec come dalla \u201ctrasparenza\u201d dell\u2019atmosfera del nostro pianeta, che risente \u2013 ad esempio \u2013 di imponenti eruzioni vulcaniche.<\/p>\n<p class=\"p1\">Se l\u2019allineamento tra i tre attori coinvolti non \u00e8 perfetto, l\u2019eclissi sar\u00e0 parziale, magari anche solo di penombra.<\/p>\n<p class=\"p1\"><strong>La Luna Piena del 21 gennaio 2019 <b><br \/>\n<\/b><\/strong>Come se non bastasse, quella coinvolta nell\u2019imminente eclissi non \u00e8 una Luna piena qualsiasi. Il 21 gennaio, alle ore 06:17, essa sar\u00e0 piena, mentre circa 15 ore dopo la Luna si trover\u00e0 alla minima distanza dalla Terra, ovvero al perigeo, a 357.344 km da noi (<span class=\"s1\">contro una distanza media di circa 384.400 km: l\u2019ellitticit\u00e0 dell\u2019orbita lunare \u00e8 la ragione di queste differenze<\/span>). In breve, si tratta di una cosiddetta \u201c<strong>superluna<\/strong>\u201d piena.<\/p>\n<p class=\"p1\"><strong>L\u2019eclissi del 21 gennaio <b><br \/>\n<\/b><\/strong>L\u2019eclissi totale di Luna del 21 gennaio si produrr\u00e0 nella seconda parte della notte italiana, sconfinando fino all\u2019alba. Essa \u00e8 la prima ed unica eclissi totale del 2019, visto che quella del 16 luglio sar\u00e0 solo parziale.<\/p>\n<p class=\"p1\"><strong>Gli orari dell\u2019evento <b><br \/>\n<\/b><\/strong>Nella tabella a lato sono indicati gli orari per le fasi salienti, espressi in <strong>tempo locale <\/strong>(<span class=\"s1\">quello dei nostri orologi, per intenderci<\/span>).<\/p>\n<p style=\"text-align: justify\"><img data-recalc-dims=\"1\" loading=\"lazy\" decoding=\"async\" src=\"https:\/\/i0.wp.com\/www.eclipsewise.com\/lunar\/LEping\/2001-2100\/LE2019-01-21T.gif?resize=321%2C392\" class=\"alignright\" alt=\"eclipse map\" width=\"321\" height=\"392\" border=\"0\"><em><br \/>\nInizio della fase di penombra: <strong>3:36<br \/>\n<\/strong>Inizio dell&#8217;ombra: <strong>4:33<\/strong><\/em><br \/>\n<em>Inizio della fase di totalit\u00e0: <strong>5:41<\/strong><\/em><br \/>\n<em>Fase massima: <strong>6:12<\/strong><\/em><br \/>\n<em>Fine della fase di totalit\u00e0: <strong>6:43<br \/>\n<\/strong><\/em><br \/>\n<em>Tramonto della Luna: 7:31<br \/>\n<\/em><br \/>\n<em>evento non visibile &#8211;<br \/>\nFine dell&#8217;ombra: 7:50<br \/>\n<\/em><br \/>\n<em>evento non visibile &#8211;<br \/>\nFine della fase di penombra: 8:48<\/em><\/p>\n<p>&nbsp;<\/p>\n<p class=\"p1\" style=\"text-align: justify\">La fase in ombra avr\u00e0 una grandezza pari a 1h e 2min. mentre l\u2019evento potr\u00e0 essere osservato fino al tramonto della Luna che nel caso di eclissi coincide <strong>ovviamente <\/strong>con il sorgere del Sole.<\/p>\n<p style=\"text-align: justify\">Tutti i dettagli dell&#8217;eclissi \u00e8 possibile recuperarli a questo <a href=\"http:\/\/www.eclipsewise.com\/oh\/oh-figures\/ec2019-Fig02.pdf\" target=\"_blank\" rel=\"noopener\">link del sito EclipseWise.com<\/a><\/p>\n<div id=\"attachment_695\" style=\"width: 2560px\" class=\"wp-caption alignnone\"><img data-recalc-dims=\"1\" loading=\"lazy\" decoding=\"async\" aria-describedby=\"caption-attachment-695\" data-attachment-id=\"695\" data-permalink=\"https:\/\/www.avdavigevano.com\/?attachment_id=695\" data-orig-file=\"https:\/\/i0.wp.com\/www.avdavigevano.com\/TEST\/wp-content\/uploads\/2019\/01\/fullsizeoutput_5f87.jpeg?fit=2550%2C1967&amp;ssl=1\" data-orig-size=\"2550,1967\" data-comments-opened=\"1\" data-image-meta=\"{&quot;aperture&quot;:&quot;0&quot;,&quot;credit&quot;:&quot;&quot;,&quot;camera&quot;:&quot;&quot;,&quot;caption&quot;:&quot;&quot;,&quot;created_timestamp&quot;:&quot;0&quot;,&quot;copyright&quot;:&quot;&quot;,&quot;focal_length&quot;:&quot;0&quot;,&quot;iso&quot;:&quot;0&quot;,&quot;shutter_speed&quot;:&quot;0&quot;,&quot;title&quot;:&quot;&quot;,&quot;orientation&quot;:&quot;0&quot;}\" data-image-title=\"190121 &amp;#8211; Eclissi Totale di Luna\" data-image-description=\"\" data-image-caption=\"&lt;p&gt;Tratta dall&amp;#8217;Agenda del Cielo 2019&lt;\/p&gt;\n\" data-large-file=\"https:\/\/i0.wp.com\/www.avdavigevano.com\/TEST\/wp-content\/uploads\/2019\/01\/fullsizeoutput_5f87.jpeg?fit=1024%2C790&amp;ssl=1\" src=\"https:\/\/i0.wp.com\/www.avdavigevano.com\/TEST\/wp-content\/uploads\/2019\/01\/fullsizeoutput_5f87.jpeg?resize=2550%2C1967\" class=\"alignnone size-full wp-image-695\" alt=\"190121 - Eclissi Totale di Luna\" width=\"2550\" height=\"1967\" srcset=\"https:\/\/i0.wp.com\/www.avdavigevano.com\/TEST\/wp-content\/uploads\/2019\/01\/fullsizeoutput_5f87.jpeg?w=2550&amp;ssl=1 2550w, https:\/\/i0.wp.com\/www.avdavigevano.com\/TEST\/wp-content\/uploads\/2019\/01\/fullsizeoutput_5f87.jpeg?resize=300%2C231&amp;ssl=1 300w, https:\/\/i0.wp.com\/www.avdavigevano.com\/TEST\/wp-content\/uploads\/2019\/01\/fullsizeoutput_5f87.jpeg?resize=768%2C592&amp;ssl=1 768w, https:\/\/i0.wp.com\/www.avdavigevano.com\/TEST\/wp-content\/uploads\/2019\/01\/fullsizeoutput_5f87.jpeg?resize=1024%2C790&amp;ssl=1 1024w, https:\/\/i0.wp.com\/www.avdavigevano.com\/TEST\/wp-content\/uploads\/2019\/01\/fullsizeoutput_5f87.jpeg?w=2000 2000w\" sizes=\"auto, (max-width: 1000px) 100vw, 1000px\" \/><p id=\"caption-attachment-695\" class=\"wp-caption-text\">Tratta dall&#8217;Agenda del Cielo 2019<\/p><\/div>\n<p style=\"text-align: justify\">I soci di AVDA stanno pensando di organizzare l&#8217;osservazione dell&#8217;eclissi dalle zone limitrofe alla citt\u00e0 di Vigevano.<br \/>\nNon sappiamo ancora dove, ma avevamo intenzione di trovare un luogo, per fare delle foto, anche paesaggisticamente interessanti, visto che la Luna, nell&#8217;orario di fase massima di totalit\u00e0, si trover\u00e0 a poche decine di gradi sopra l&#8217;orizzonte, verso Ovest.<\/p>\n<p style=\"text-align: justify\">Per rimanere aggiornato, contattaci all&#8217;indirizzo mail <a href=\"mailto:info@avdavigevano.com\" target=\"_blank\" rel=\"noopener\">info@avdavigevano.com<\/a> o scrivici nella chat di <a href=\"https:\/\/chat.whatsapp.com\/8tcMy3gPbJU9JfSV0mxAhG\" target=\"_blank\" rel=\"noopener\">Whatapp<\/a> oppure seguici sui social!<\/p>\n","protected":false},"excerpt":{"rendered":"<p>Aggiornamento 20 gennaio 2019: per l&#8217;osservazione dell&#8217;eclissi totale di Luna abbiamo pensato di trovarci dalle ore 6:00 presso il parcheggio della chiesa della frazione Buccella di Vigevano. Luned\u00ec 21 gennaio l&#8217;intera penisola potr\u00e0 godere di uno spettacolo sempre affascinante, lo spettacolo dell&#8217;Eclissi Totale di Luna! A differenza dell&#8217;ultima eclissi del&#46;&#46;&#46;<\/p>\n","protected":false},"author":1,"featured_media":697,"comment_status":"open","ping_status":"open","sticky":false,"template":"","format":"standard","meta":{"_monsterinsights_skip_tracking":false,"_monsterinsights_sitenote_active":false,"_monsterinsights_sitenote_note":"","_monsterinsights_sitenote_category":0,"jetpack_post_was_ever_published":false,"_jetpack_newsletter_access":"","_jetpack_dont_email_post_to_subs":false,"_jetpack_newsletter_tier_id":0,"_jetpack_memberships_contains_paywalled_content":false,"_jetpack_memberships_contains_paid_content":false,"footnotes":""},"categories":[8,5,25],"tags":[9,10],"class_list":["post-694","post","type-post","status-publish","format-standard","has-post-thumbnail","hentry","category-eventi","category-news","category-osservazioni","tag-eclissi","tag-luna"],"jetpack_featured_media_url":"https:\/\/i0.wp.com\/www.avdavigevano.com\/TEST\/wp-content\/uploads\/2019\/01\/IMG_7148.jpg?fit=1365%2C2048&ssl=1","jetpack_sharing_enabled":true,"jetpack_shortlink":"https:\/\/wp.me\/p9jymR-bc","jetpack_likes_enabled":true,"_links":{"self":[{"href":"https:\/\/www.avdavigevano.com\/index.php?rest_route=\/wp\/v2\/posts\/694","targetHints":{"allow":["GET"]}}],"collection":[{"href":"https:\/\/www.avdavigevano.com\/index.php?rest_route=\/wp\/v2\/posts"}],"about":[{"href":"https:\/\/www.avdavigevano.com\/index.php?rest_route=\/wp\/v2\/types\/post"}],"author":[{"embeddable":true,"href":"https:\/\/www.avdavigevano.com\/index.php?rest_route=\/wp\/v2\/users\/1"}],"replies":[{"embeddable":true,"href":"https:\/\/www.avdavigevano.com\/index.php?rest_route=%2Fwp%2Fv2%2Fcomments&post=694"}],"version-history":[{"count":11,"href":"https:\/\/www.avdavigevano.com\/index.php?rest_route=\/wp\/v2\/posts\/694\/revisions"}],"predecessor-version":[{"id":709,"href":"https:\/\/www.avdavigevano.com\/index.php?rest_route=\/wp\/v2\/posts\/694\/revisions\/709"}],"wp:featuredmedia":[{"embeddable":true,"href":"https:\/\/www.avdavigevano.com\/index.php?rest_route=\/wp\/v2\/media\/697"}],"wp:attachment":[{"href":"https:\/\/www.avdavigevano.com\/index.php?rest_route=%2Fwp%2Fv2%2Fmedia&parent=694"}],"wp:term":[{"taxonomy":"category","embeddable":true,"href":"https:\/\/www.avdavigevano.com\/index.php?rest_route=%2Fwp%2Fv2%2Fcategories&post=694"},{"taxonomy":"post_tag","embeddable":true,"href":"https:\/\/www.avdavigevano.com\/index.php?rest_route=%2Fwp%2Fv2%2Ftags&post=694"}],"curies":[{"name":"wp","href":"https:\/\/api.w.org\/{rel}","templated":true}]}}