{"id":688,"date":"2019-03-21T15:00:24","date_gmt":"2019-03-21T14:00:24","guid":{"rendered":"http:\/\/www.avdavigevano.com\/?p=688"},"modified":"2019-03-22T14:58:42","modified_gmt":"2019-03-22T13:58:42","slug":"il-giardino-delle-costellazioni","status":"publish","type":"post","link":"https:\/\/www.avdavigevano.com\/?p=688","title":{"rendered":"Il giardino delle costellazioni &#8211; aggiornamento del 22.03.19"},"content":{"rendered":"<p style=\"text-align: justify;\">Sabato 23 marzo alle ore 16:30 all&#8217;auditorium di San Dionigi di Vigevano, verr\u00e0 riproposta la conferenza che per via di un problema tecnico alla sala conferenze, non si \u00e8 potuta correttamente svolgere.<\/p>\n<p style=\"text-align: justify;\">Il relatore Francesco Bacchini, socio fondatore di AVDA, ci parler\u00e0 dal tema &#8220;<strong><em>Le stelle che disegnano il grande giardino delle costellazioni<\/em><\/strong>&#8220;.<\/p>\n<p>&nbsp;<\/p>\n<p style=\"text-align: justify;\">Il tema che unisce questo incontro di conferenze organizzato dall&#8217;UNI3, Universit\u00e0 del Tempo libero e Terza Et\u00e0 di Vigevano parla di &#8220;il giardino, uno spazio tra sacro e profano&#8221; trattato dal punto di vista dell&#8217;astronomia.<\/p>\n<p style=\"text-align: justify;\">Con Francesco Bacchini faremo una passeggiata attraverso i giardini di stelle animati da figure mitologiche, una infinit\u00e0 di luci brillanti, incastonate casualmente nella volta celeste, che danzano con l&#8217;avvicendarsi delle stagioni.<\/p>\n<p style=\"text-align: justify;\"><strong>Ti aspettiamo il 23 marzo 2019, alle ore 16:30, presso l&#8217;Auditorium San Dionigi di Vigevano.<\/strong><\/p>\n<p style=\"text-align: center;\"><em><strong>Ingresso aperto a tutti e gratuito!<\/strong><\/em><\/p>\n<div id=\"attachment_758\" style=\"width: 318px\" class=\"wp-caption aligncenter\"><img data-recalc-dims=\"1\" loading=\"lazy\" decoding=\"async\" aria-describedby=\"caption-attachment-758\" data-attachment-id=\"758\" data-permalink=\"https:\/\/www.avdavigevano.com\/?attachment_id=758\" data-orig-file=\"https:\/\/i0.wp.com\/www.avdavigevano.com\/TEST\/wp-content\/uploads\/2019\/03\/Schermata-2019-03-21-alle-17.16.02.png?fit=308%2C312&amp;ssl=1\" data-orig-size=\"308,312\" data-comments-opened=\"1\" data-image-meta=\"{&quot;aperture&quot;:&quot;0&quot;,&quot;credit&quot;:&quot;&quot;,&quot;camera&quot;:&quot;&quot;,&quot;caption&quot;:&quot;&quot;,&quot;created_timestamp&quot;:&quot;0&quot;,&quot;copyright&quot;:&quot;&quot;,&quot;focal_length&quot;:&quot;0&quot;,&quot;iso&quot;:&quot;0&quot;,&quot;shutter_speed&quot;:&quot;0&quot;,&quot;title&quot;:&quot;&quot;,&quot;orientation&quot;:&quot;0&quot;}\" data-image-title=\"Schermata 2019-03-21 alle 17.16.02\" data-image-description=\"\" data-image-caption=\"\" data-large-file=\"https:\/\/i0.wp.com\/www.avdavigevano.com\/TEST\/wp-content\/uploads\/2019\/03\/Schermata-2019-03-21-alle-17.16.02.png?fit=308%2C312&amp;ssl=1\" class=\" size-full wp-image-758 aligncenter\" src=\"https:\/\/i0.wp.com\/www.avdavigevano.com\/TEST\/wp-content\/uploads\/2019\/03\/Schermata-2019-03-21-alle-17.16.02.png?resize=308%2C312\" alt=\"Schermata 2019-03-21 alle 17.16.02\" width=\"308\" height=\"312\" srcset=\"https:\/\/i0.wp.com\/www.avdavigevano.com\/TEST\/wp-content\/uploads\/2019\/03\/Schermata-2019-03-21-alle-17.16.02.png?w=308&amp;ssl=1 308w, https:\/\/i0.wp.com\/www.avdavigevano.com\/TEST\/wp-content\/uploads\/2019\/03\/Schermata-2019-03-21-alle-17.16.02.png?resize=296%2C300&amp;ssl=1 296w\" sizes=\"auto, (max-width: 308px) 100vw, 308px\" \/><p id=\"caption-attachment-758\" class=\"wp-caption-text\">dall&#8217;Informatore Vigevanese del 21.03.19<\/p><\/div>\n","protected":false},"excerpt":{"rendered":"<p>Sabato 23 marzo alle ore 16:30 all&#8217;auditorium di San Dionigi di Vigevano, verr\u00e0 riproposta la conferenza che per via di un problema tecnico alla sala conferenze, non si \u00e8 potuta correttamente svolgere. Il relatore Francesco Bacchini, socio fondatore di AVDA, ci parler\u00e0 dal tema &#8220;Le stelle che disegnano il grande&#46;&#46;&#46;<\/p>\n","protected":false},"author":1,"featured_media":476,"comment_status":"open","ping_status":"open","sticky":false,"template":"","format":"standard","meta":{"_monsterinsights_skip_tracking":false,"_monsterinsights_sitenote_active":false,"_monsterinsights_sitenote_note":"","_monsterinsights_sitenote_category":0,"jetpack_post_was_ever_published":false,"_jetpack_newsletter_access":"","_jetpack_dont_email_post_to_subs":false,"_jetpack_newsletter_tier_id":0,"_jetpack_memberships_contains_paywalled_content":false,"_jetpack_memberships_contains_paid_content":false,"footnotes":""},"categories":[31,8,5],"tags":[19,13],"class_list":["post-688","post","type-post","status-publish","format-standard","has-post-thumbnail","hentry","category-conferenze","category-eventi","category-news","tag-conferenze","tag-presentazioni"],"jetpack_featured_media_url":"https:\/\/i0.wp.com\/www.avdavigevano.com\/TEST\/wp-content\/uploads\/2018\/01\/banner_eventi.jpg?fit=720%2C200&ssl=1","jetpack_sharing_enabled":true,"jetpack_shortlink":"https:\/\/wp.me\/p9jymR-b6","jetpack_likes_enabled":true,"_links":{"self":[{"href":"https:\/\/www.avdavigevano.com\/index.php?rest_route=\/wp\/v2\/posts\/688","targetHints":{"allow":["GET"]}}],"collection":[{"href":"https:\/\/www.avdavigevano.com\/index.php?rest_route=\/wp\/v2\/posts"}],"about":[{"href":"https:\/\/www.avdavigevano.com\/index.php?rest_route=\/wp\/v2\/types\/post"}],"author":[{"embeddable":true,"href":"https:\/\/www.avdavigevano.com\/index.php?rest_route=\/wp\/v2\/users\/1"}],"replies":[{"embeddable":true,"href":"https:\/\/www.avdavigevano.com\/index.php?rest_route=%2Fwp%2Fv2%2Fcomments&post=688"}],"version-history":[{"count":4,"href":"https:\/\/www.avdavigevano.com\/index.php?rest_route=\/wp\/v2\/posts\/688\/revisions"}],"predecessor-version":[{"id":759,"href":"https:\/\/www.avdavigevano.com\/index.php?rest_route=\/wp\/v2\/posts\/688\/revisions\/759"}],"wp:featuredmedia":[{"embeddable":true,"href":"https:\/\/www.avdavigevano.com\/index.php?rest_route=\/wp\/v2\/media\/476"}],"wp:attachment":[{"href":"https:\/\/www.avdavigevano.com\/index.php?rest_route=%2Fwp%2Fv2%2Fmedia&parent=688"}],"wp:term":[{"taxonomy":"category","embeddable":true,"href":"https:\/\/www.avdavigevano.com\/index.php?rest_route=%2Fwp%2Fv2%2Fcategories&post=688"},{"taxonomy":"post_tag","embeddable":true,"href":"https:\/\/www.avdavigevano.com\/index.php?rest_route=%2Fwp%2Fv2%2Ftags&post=688"}],"curies":[{"name":"wp","href":"https:\/\/api.w.org\/{rel}","templated":true}]}}