{"id":2950,"date":"2026-03-16T10:00:08","date_gmt":"2026-03-16T09:00:08","guid":{"rendered":"https:\/\/www.avdavigevano.com\/?p=2950"},"modified":"2026-03-16T10:27:58","modified_gmt":"2026-03-16T09:27:58","slug":"nel-blu-dipinto-di-blu-un-viaggio-tra-fisica-arte-e-astronomia-a-vigevano","status":"publish","type":"post","link":"https:\/\/www.avdavigevano.com\/?p=2950","title":{"rendered":"\u201cNel blu dipinto di blu\u201d: un viaggio tra fisica, arte e astronomia a Vigevano"},"content":{"rendered":"<p data-start=\"181\" data-end=\"373\">L\u2019Universit\u00e0 per il tempo libero e la terza et\u00e0 <strong data-start=\"229\" data-end=\"250\">\u201cLuisa Rossi\u201d APS<\/strong> torna a incontrare la citt\u00e0 con un nuovo appuntamento culturale dedicato alla scoperta e alla meraviglia del colore blu.<\/p>\n<p data-start=\"375\" data-end=\"620\">L\u2019incontro, intitolato <strong data-start=\"398\" data-end=\"487\">\u201cNel blu dipinto di blu. Il volo del colore nella fisica, nell\u2019arte, nell\u2019astronomia\u201d<\/strong>, si terr\u00e0 <strong data-start=\"498\" data-end=\"581\">sabato 28 marzo 2026 alle ore 16:30 presso l\u2019Auditorium San Dionigi di Vigevano<\/strong>.<\/p>\n<p data-start=\"622\" data-end=\"869\">La conferenza sar\u00e0 tenuta da <strong data-start=\"651\" data-end=\"669\">Gianluigi Piva, socio A.V.D.A.<\/strong>, che guider\u00e0 il pubblico in un affascinante percorso interdisciplinare dedicato al significato e alla presenza del colore blu in diversi ambiti della conoscenza.<\/p>\n<h2 data-start=\"871\" data-end=\"913\">Un viaggio tra scienza, arte e universo<\/h2>\n<p data-start=\"915\" data-end=\"1135\">Partendo dal suggestivo verso <em data-start=\"945\" data-end=\"1007\">\u201cOgni nuovo mattino, uscir\u00f2 per le strade cercando i colori\u201d<\/em>, l\u2019incontro proporr\u00e0 un vero e proprio viaggio culturale che attraversa discipline diverse ma profondamente collegate tra loro.<\/p>\n<p data-start=\"1137\" data-end=\"1256\">Durante la conferenza si esplorer\u00e0 il blu come fenomeno scientifico, come elemento artistico e come dimensione cosmica.<\/p>\n<ul data-start=\"1258\" data-end=\"1856\">\n<li data-start=\"1258\" data-end=\"1454\">\n<p data-start=\"1260\" data-end=\"1454\"><strong data-start=\"1260\" data-end=\"1271\">Fisica:<\/strong> il blu verr\u00e0 analizzato come parte dello spettro della luce, per comprendere come la radiazione elettromagnetica e la percezione visiva determinino la nostra esperienza del colore.<\/p>\n<\/li>\n<li data-start=\"1455\" data-end=\"1682\">\n<p data-start=\"1457\" data-end=\"1682\"><strong data-start=\"1457\" data-end=\"1466\">Arte:<\/strong> il pubblico ripercorrer\u00e0 il ruolo simbolico e cromatico del blu nella storia dell\u2019arte, dalle tecniche pittoriche dei grandi maestri fino ai significati culturali attribuiti a questa tonalit\u00e0 nel corso dei secoli.<\/p>\n<\/li>\n<li data-start=\"1683\" data-end=\"1856\">\n<p data-start=\"1685\" data-end=\"1856\"><strong data-start=\"1685\" data-end=\"1700\">Astronomia:<\/strong> lo sguardo si sposter\u00e0 infine verso il cosmo, dove il blu diventa il colore della profondit\u00e0 del cielo, delle stelle pi\u00f9 calde e degli spazi interstellari.<\/p>\n<\/li>\n<\/ul>\n<p data-start=\"1858\" data-end=\"2052\">Il risultato sar\u00e0 un racconto che unisce scienza e bellezza, dimostrando come un semplice colore possa diventare un ponte tra discipline diverse e un invito a osservare il mondo con occhi nuovi.<\/p>\n<h2 data-start=\"2054\" data-end=\"2084\">Un evento aperto alla citt\u00e0<\/h2>\n<p data-start=\"2086\" data-end=\"2338\">L\u2019iniziativa si inserisce nel programma culturale promosso dall\u2019Universit\u00e0 \u201cLuisa Rossi\u201d APS e si svolge <strong data-start=\"2191\" data-end=\"2299\">con il patrocinio del Comune di Vigevano e con la collaborazione della Fondazione di Piacenza e Vigevano<\/strong>.<\/p>\n<p data-start=\"2340\" data-end=\"2543\">L\u2019incontro rappresenta un\u2019occasione per tutta la cittadinanza di partecipare a un momento di divulgazione e di riflessione culturale, in cui scienza, arte e astronomia si incontrano in un unico racconto.<\/p>\n<h2 data-start=\"2550\" data-end=\"2573\">Dettagli dell\u2019evento<\/h2>\n<p data-start=\"2575\" data-end=\"2716\">&#x1f4c5; <strong data-start=\"2578\" data-end=\"2587\">Data:<\/strong> Sabato 28 marzo 2026<br data-start=\"2608\" data-end=\"2611\" \/>&#x1f553; <strong data-start=\"2614\" data-end=\"2625\">Orario:<\/strong> 16:30<br data-start=\"2631\" data-end=\"2634\" \/>&#x1f4cd; <strong data-start=\"2637\" data-end=\"2647\">Luogo:<\/strong> Auditorium San Dionigi, Vigevano<\/p>\n<p data-start=\"2575\" data-end=\"2716\">Tutta la cittadinanza \u00e8 invitata a partecipare a questo affascinante \u201cvolo\u201d tra colori, scienza e universo.<\/p>\n<p data-start=\"2575\" data-end=\"2716\"><a href=\"http:\/\/www.avdavigevano.com\/TEST\/wp-content\/uploads\/2026\/03\/2026-03-28_Unicitta-Blu_Piva.pdf\" target=\"_blank\" rel=\"noopener\"><img data-recalc-dims=\"1\" loading=\"lazy\" decoding=\"async\" data-attachment-id=\"2957\" data-permalink=\"https:\/\/www.avdavigevano.com\/?attachment_id=2957\" data-orig-file=\"https:\/\/i0.wp.com\/www.avdavigevano.com\/TEST\/wp-content\/uploads\/2026\/03\/2026-03-28_Unicitta-Blu_Piva.jpg?fit=1753%2C2480&amp;ssl=1\" data-orig-size=\"1753,2480\" data-comments-opened=\"1\" data-image-meta=\"{&quot;aperture&quot;:&quot;0&quot;,&quot;credit&quot;:&quot;&quot;,&quot;camera&quot;:&quot;&quot;,&quot;caption&quot;:&quot;&quot;,&quot;created_timestamp&quot;:&quot;0&quot;,&quot;copyright&quot;:&quot;&quot;,&quot;focal_length&quot;:&quot;0&quot;,&quot;iso&quot;:&quot;0&quot;,&quot;shutter_speed&quot;:&quot;0&quot;,&quot;title&quot;:&quot;&quot;,&quot;orientation&quot;:&quot;0&quot;}\" data-image-title=\"2026-03-28_Unicitta\u0300-Blu_Piva\" data-image-description=\"\" data-image-caption=\"\" data-large-file=\"https:\/\/i0.wp.com\/www.avdavigevano.com\/TEST\/wp-content\/uploads\/2026\/03\/2026-03-28_Unicitta-Blu_Piva.jpg?fit=724%2C1024&amp;ssl=1\" class=\"aligncenter wp-image-2957 size-large\" src=\"https:\/\/i0.wp.com\/www.avdavigevano.com\/TEST\/wp-content\/uploads\/2026\/03\/2026-03-28_Unicitta-Blu_Piva.jpg?resize=724%2C1024\" alt=\"\" width=\"724\" height=\"1024\" srcset=\"https:\/\/i0.wp.com\/www.avdavigevano.com\/TEST\/wp-content\/uploads\/2026\/03\/2026-03-28_Unicitta-Blu_Piva.jpg?resize=724%2C1024&amp;ssl=1 724w, https:\/\/i0.wp.com\/www.avdavigevano.com\/TEST\/wp-content\/uploads\/2026\/03\/2026-03-28_Unicitta-Blu_Piva.jpg?resize=212%2C300&amp;ssl=1 212w, https:\/\/i0.wp.com\/www.avdavigevano.com\/TEST\/wp-content\/uploads\/2026\/03\/2026-03-28_Unicitta-Blu_Piva.jpg?resize=768%2C1087&amp;ssl=1 768w, https:\/\/i0.wp.com\/www.avdavigevano.com\/TEST\/wp-content\/uploads\/2026\/03\/2026-03-28_Unicitta-Blu_Piva.jpg?resize=1086%2C1536&amp;ssl=1 1086w, https:\/\/i0.wp.com\/www.avdavigevano.com\/TEST\/wp-content\/uploads\/2026\/03\/2026-03-28_Unicitta-Blu_Piva.jpg?resize=1448%2C2048&amp;ssl=1 1448w, https:\/\/i0.wp.com\/www.avdavigevano.com\/TEST\/wp-content\/uploads\/2026\/03\/2026-03-28_Unicitta-Blu_Piva.jpg?w=1753&amp;ssl=1 1753w\" sizes=\"auto, (max-width: 724px) 100vw, 724px\" \/><\/a><\/p>\n","protected":false},"excerpt":{"rendered":"<p>L\u2019Universit\u00e0 per il tempo libero e la terza et\u00e0 \u201cLuisa Rossi\u201d APS torna a incontrare la citt\u00e0 con un nuovo appuntamento culturale dedicato alla scoperta e alla meraviglia del colore blu. L\u2019incontro, intitolato \u201cNel blu dipinto di blu. Il volo del colore nella fisica, nell\u2019arte, nell\u2019astronomia\u201d, si terr\u00e0 sabato 28&#46;&#46;&#46;<\/p>\n","protected":false},"author":1,"featured_media":2957,"comment_status":"open","ping_status":"open","sticky":false,"template":"","format":"standard","meta":{"_monsterinsights_skip_tracking":false,"_monsterinsights_sitenote_active":false,"_monsterinsights_sitenote_note":"","_monsterinsights_sitenote_category":0,"jetpack_post_was_ever_published":false,"_jetpack_newsletter_access":"","_jetpack_dont_email_post_to_subs":false,"_jetpack_newsletter_tier_id":0,"_jetpack_memberships_contains_paywalled_content":false,"_jetpack_memberships_contains_paid_content":false,"footnotes":""},"categories":[65,31,8],"tags":[19,154,38],"class_list":["post-2950","post","type-post","status-publish","format-standard","has-post-thumbnail","hentry","category-articoli","category-conferenze","category-eventi","tag-conferenze","tag-uni3","tag-vigevano"],"jetpack_featured_media_url":"https:\/\/i0.wp.com\/www.avdavigevano.com\/TEST\/wp-content\/uploads\/2026\/03\/2026-03-28_Unicitta-Blu_Piva.jpg?fit=1753%2C2480&ssl=1","jetpack_sharing_enabled":true,"jetpack_shortlink":"https:\/\/wp.me\/p9jymR-LA","jetpack_likes_enabled":true,"_links":{"self":[{"href":"https:\/\/www.avdavigevano.com\/index.php?rest_route=\/wp\/v2\/posts\/2950","targetHints":{"allow":["GET"]}}],"collection":[{"href":"https:\/\/www.avdavigevano.com\/index.php?rest_route=\/wp\/v2\/posts"}],"about":[{"href":"https:\/\/www.avdavigevano.com\/index.php?rest_route=\/wp\/v2\/types\/post"}],"author":[{"embeddable":true,"href":"https:\/\/www.avdavigevano.com\/index.php?rest_route=\/wp\/v2\/users\/1"}],"replies":[{"embeddable":true,"href":"https:\/\/www.avdavigevano.com\/index.php?rest_route=%2Fwp%2Fv2%2Fcomments&post=2950"}],"version-history":[{"count":4,"href":"https:\/\/www.avdavigevano.com\/index.php?rest_route=\/wp\/v2\/posts\/2950\/revisions"}],"predecessor-version":[{"id":2959,"href":"https:\/\/www.avdavigevano.com\/index.php?rest_route=\/wp\/v2\/posts\/2950\/revisions\/2959"}],"wp:featuredmedia":[{"embeddable":true,"href":"https:\/\/www.avdavigevano.com\/index.php?rest_route=\/wp\/v2\/media\/2957"}],"wp:attachment":[{"href":"https:\/\/www.avdavigevano.com\/index.php?rest_route=%2Fwp%2Fv2%2Fmedia&parent=2950"}],"wp:term":[{"taxonomy":"category","embeddable":true,"href":"https:\/\/www.avdavigevano.com\/index.php?rest_route=%2Fwp%2Fv2%2Fcategories&post=2950"},{"taxonomy":"post_tag","embeddable":true,"href":"https:\/\/www.avdavigevano.com\/index.php?rest_route=%2Fwp%2Fv2%2Ftags&post=2950"}],"curies":[{"name":"wp","href":"https:\/\/api.w.org\/{rel}","templated":true}]}}