{"id":2849,"date":"2025-10-22T10:00:43","date_gmt":"2025-10-22T08:00:43","guid":{"rendered":"https:\/\/www.avdavigevano.com\/?p=2849"},"modified":"2025-10-22T10:45:44","modified_gmt":"2025-10-22T08:45:44","slug":"la-cometa-c-2025-a6-lemmon-illumina-il-cielo-cresce-linteresse-tra-gli-astrofili","status":"publish","type":"post","link":"https:\/\/www.avdavigevano.com\/?p=2849","title":{"rendered":"La cometa C\/2025 A6 Lemmon illumina il cielo: cresce l\u2019interesse tra gli astrofili"},"content":{"rendered":"<p data-start=\"363\" data-end=\"715\">Negli ultimi giorni una nuova protagonista ha catturato l\u2019attenzione di chi guarda il cielo: la <strong data-start=\"459\" data-end=\"486\">cometa C\/2025 A6 Lemmon<\/strong>.<br \/>\nIndividuata nei primi giorni del 2025 grazie al <strong data-start=\"536\" data-end=\"559\">Mount Lemmon Survey<\/strong>, questa cometa sta mostrando un progressivo aumento di luminosit\u00e0 man mano che si avvicina al <strong data-start=\"654\" data-end=\"666\">perielio<\/strong>, il punto della sua orbita pi\u00f9 vicino al Sole.<\/p>\n<p data-start=\"717\" data-end=\"1025\">Essendo una <strong data-start=\"729\" data-end=\"753\">cometa non periodica<\/strong>, il suo passaggio nel sistema solare interno rappresenta un evento unico: dopo questa apparizione, infatti, difficilmente torner\u00e0 nei pressi della Terra. Ci\u00f2 rende l\u2019occasione preziosa sia per gli astronomi professionisti che per gli appassionati di osservazioni celesti.<\/p>\n<h4 data-start=\"1032\" data-end=\"1086\">Le prime analisi e l\u2019evoluzione della luminosit\u00e0<\/h4>\n<p data-start=\"1088\" data-end=\"1397\">Le prime stime sulla brillantezza dell\u2019oggetto lasciavano pensare a una cometa piuttosto debole, visibile soltanto con strumenti di una certa potenza. Tuttavia, le osservazioni pi\u00f9 recenti hanno modificato lo scenario: la <strong data-start=\"1310\" data-end=\"1327\">curva di luce<\/strong> mostra un aumento di luminosit\u00e0 superiore alle previsioni iniziali.<br \/>\nQuesto comportamento inaspettato ha acceso l\u2019entusiasmo della comunit\u00e0 astronomica, che segue con crescente interesse la sua evoluzione.<br \/>\nSe il trend dovesse continuare, C\/2025 A6 Lemmon potrebbe diventare uno degli oggetti pi\u00f9 osservati della stagione.<\/p>\n<h4 data-start=\"1658\" data-end=\"1714\">Un\u2019occasione per osservatori e fotografi del cielo<\/h4>\n<p data-start=\"1716\" data-end=\"2010\">Anche se difficilmente raggiunger\u00e0 la <strong data-start=\"1754\" data-end=\"1782\">visibilit\u00e0 a occhio nudo<\/strong>, la cometa si sta gi\u00e0 rivelando un soggetto affascinante per chi dispone di <strong data-start=\"1859\" data-end=\"1891\">binocoli o piccoli telescopi<\/strong>.<\/p>\n<p data-start=\"2012\" data-end=\"2248\">Ogni notte, man mano che la cometa prosegue la sua corsa verso il Sole, rappresenta un invito a volgere lo sguardo al cielo \u2014 un promemoria del fatto che anche eventi rari e lontani possono offrirci spettacoli di straordinaria bellezza.<\/p>\n<h3 data-start=\"378\" data-end=\"401\">Alcune informazioni:<br \/>\nScoperta e orbita<\/h3>\n<p data-start=\"378\" data-end=\"401\">La cometa C\/2025 A6 (Lemmon) \u00e8 stata individuata il 3 gennaio 2025 nell\u2019ambito del programma Mount\u202fLemmon\u202fSurvey (Arizona, USA). Si tratta di un corpo non periodico nel senso che, pur avendo un\u2019orbita stimata di circa 1.350 anni in ingresso nel sistema solare, dopo il passaggio avr\u00e0 una traiettoria che lo porter\u00e0 a ripassare solo tra molti secoli (anche se le stime variano: ~1.150 anni dopo il passaggio interno). <br data-start=\"894\" data-end=\"897\" \/>Il perielio (il punto pi\u00f9 vicino al Sole) \u00e8 calcolato intorno all\u20198 novembre 2025, a circa 0,53 AU dal Sole.<br data-start=\"1043\" data-end=\"1046\" \/>La minima distanza prevista dalla Terra avverr\u00e0 intorno al 21 ottobre 2025, alla quota di circa 0,596 AU (\u2248 89 milioni di km) nel momento pi\u00f9 vicino.<\/p>\n<h3 data-start=\"1235\" data-end=\"1269\">Luminosit\u00e0, colore e aspetto<\/h3>\n<p data-start=\"1270\" data-end=\"2187\">Inizialmente gli astronomi prevedevano che la cometa rimarrebbe abbastanza debole, visibile solo con strumenti dotati di buona apertura. Tuttavia, le osservazioni pi\u00f9 recenti hanno mostrato un incremento di luminosit\u00e0 pi\u00f9 rapido del previsto: ad esempio, approssimativamente la magnitudine stimata \u00e8 scesa a circa +5.6 o anche +4, in condizioni ottimali. <br data-start=\"1700\" data-end=\"1703\" \/>Un tratto distintivo dell\u2019oggetto \u00e8 il suo colore verdastro, dovuto alla presenza di di-carbonio (C\u2082) nella coma, che emette luce verde quando eccitato dalla radiazione solare. <br data-start=\"1917\" data-end=\"1920\" \/>Inoltre, fotografie recenti mostrano fenomeni di \u201cdistacco\u201d o rottura della coda causati dal vento solare: ad esempio la sezione della chioma\/coda \u00e8 stata strappata dal flusso solare, rendendo ancora pi\u00f9 spettacolare l\u2019oggetto.<\/p>\n<h3 data-start=\"2189\" data-end=\"2217\">Dove e come osservarla<\/h3>\n<p data-start=\"2218\" data-end=\"2466\">L\u2019occasione \u00e8 particolarmente favorevole per chi si trova nell\u2019emisfero nord: verso la sera, dopo il tramonto, e nei cieli poco inquinati, la cometa pu\u00f2 essere gi\u00e0 visibile con binocoli o piccoli telescopi.<\/p>\n<ul data-start=\"2467\" data-end=\"3039\">\n<li data-start=\"2467\" data-end=\"2574\">\n<p data-start=\"2469\" data-end=\"2574\">Nelle ore dopo il crepuscolo, guardando verso ovest-nord-ovest.<\/p>\n<\/li>\n<li data-start=\"2575\" data-end=\"3039\">\n<p data-start=\"2577\" data-end=\"3039\">Anche al mattino presto prima dell\u2019alba, in cieli bui, era stata segnalata nei giorni precedenti al passaggio pi\u00f9 vicino.<br data-start=\"2738\" data-end=\"2741\" \/>Gli strumenti digitali o smartphone possono aiutare: applicazioni di mappatura celeste o mappe stellari interattive sono molto utili.<br data-start=\"2914\" data-end=\"2917\" \/>\u00c8 importante scegliere un luogo con scarsa illuminazione artificiale (lontano dalle citt\u00e0) per massimizzare la visibilit\u00e0.<\/p>\n<\/li>\n<\/ul>\n<h3 data-start=\"3041\" data-end=\"3071\">Perch\u00e9 \u00e8 un evento unico<\/h3>\n<ul data-start=\"3072\" data-end=\"3669\">\n<li data-start=\"3072\" data-end=\"3238\">\n<p data-start=\"3074\" data-end=\"3238\">In primo luogo, questa cometa non torner\u00e0 a farsi vedere per molti secoli, rendendo questo passaggio un vero \u201cuna tantum\u201d.<\/p>\n<\/li>\n<li data-start=\"3239\" data-end=\"3435\">\n<p data-start=\"3241\" data-end=\"3435\">In secondo luogo, il fatto che stia diventando pi\u00f9 luminosa del previsto la trasforma in una ghiotta opportunit\u00e0 anche per astrofotografi amatoriali e osservatori di livello non professionale.<\/p>\n<\/li>\n<li data-start=\"3436\" data-end=\"3669\">\n<p data-start=\"3438\" data-end=\"3669\">In terzo luogo, la congiunzione con altri fenomeni celesti (come ad esempio lo sciame meteorico delle Orionidi verso la fine di ottobre) rende la finestra osservativa ancora pi\u00f9 interessante.<\/p>\n<\/li>\n<\/ul>\n<h3 data-start=\"3671\" data-end=\"3708\">Qualche dato tecnico in sintesi<\/h3>\n<ul data-start=\"3709\" data-end=\"4151\">\n<li data-start=\"3709\" data-end=\"3789\">\n<p data-start=\"3711\" data-end=\"3789\">Perielio: ~0,53 AU (8 novembre 2025)<\/p>\n<\/li>\n<li data-start=\"3790\" data-end=\"3914\">\n<p data-start=\"3792\" data-end=\"3914\">Avvicinamento massimo alla Terra: ~0,596 AU (~89 milioni km) il 21 ottobre 2025.<\/p>\n<\/li>\n<li data-start=\"3915\" data-end=\"4019\">\n<p data-start=\"3917\" data-end=\"4019\">Magnitudine prevista: tra +4 e +5 (in condizioni favorevoli)<\/p>\n<\/li>\n<li data-start=\"4020\" data-end=\"4151\">\n<p data-start=\"4022\" data-end=\"4151\">Orbita inclinata (~143\u00b0) e periodo stimato di ingresso ~1.350 anni, uscita ~1.150 anni.<\/p>\n<\/li>\n<\/ul>\n<h3 data-start=\"4153\" data-end=\"4175\">Consigli pratici<\/h3>\n<ul data-start=\"4176\" data-end=\"4768\">\n<li data-start=\"4176\" data-end=\"4281\">\n<p data-start=\"4178\" data-end=\"4281\">Se vuoi provare ad osservarla, scegli una serata verso la fine di ottobre in un luogo col cielo buio, lontano dall&#8217;inquinamento luminoso delle citt\u00e0.<\/p>\n<\/li>\n<li data-start=\"4282\" data-end=\"4352\">\n<p data-start=\"4284\" data-end=\"4352\">Usa binocolo da almeno 7\u00d735 o un piccolo telescopio se ne hai uno.<\/p>\n<\/li>\n<li data-start=\"4353\" data-end=\"4476\">\n<p data-start=\"4355\" data-end=\"4476\">Evita la Luna piena o il cielo imminente al tramonto: meglio attendere che il Sole sia almeno 30-40\u00b0 sotto l\u2019orizzonte.<\/p>\n<\/li>\n<li data-start=\"4477\" data-end=\"4613\">\n<p data-start=\"4479\" data-end=\"4613\">Scatta fotografie in pose lunghe (es. 10-30 secondi massimo) con cavalletto e regolazione manuale per immortalare la chioma e la coda.<\/p>\n<\/li>\n<li data-start=\"4614\" data-end=\"4768\">\n<p data-start=\"4616\" data-end=\"4768\">Controlla mappe stellari aggiornate e orientati rispetto a stelle luminose vicine (per esempio la stella Arcturus) per trovare pi\u00f9 facilmente la cometa. Qualche ulteriore dato o informazione riguardo l&#8217;osservazione della cometa \u00e8 possibile trovarle sul sito UAI <a href=\"https:\/\/www.uai.it\/sito\/\">https:\/\/www.uai.it\/sito\/<\/a> oppure <a href=\"https:\/\/occhialcielo.unioneastrofili.it\/\">https:\/\/occhialcielo.unioneastrofili.it\/\u00a0<\/a><\/p>\n<\/li>\n<\/ul>\n","protected":false},"excerpt":{"rendered":"<p>Negli ultimi giorni una nuova protagonista ha catturato l\u2019attenzione di chi guarda il cielo: la cometa C\/2025 A6 Lemmon. Individuata nei primi giorni del 2025 grazie al Mount Lemmon Survey, questa cometa sta mostrando un progressivo aumento di luminosit\u00e0 man mano che si avvicina al perielio, il punto della sua&#46;&#46;&#46;<\/p>\n","protected":false},"author":1,"featured_media":477,"comment_status":"open","ping_status":"open","sticky":false,"template":"","format":"standard","meta":{"_monsterinsights_skip_tracking":false,"_monsterinsights_sitenote_active":false,"_monsterinsights_sitenote_note":"","_monsterinsights_sitenote_category":0,"jetpack_post_was_ever_published":false,"_jetpack_newsletter_access":"","_jetpack_dont_email_post_to_subs":false,"_jetpack_newsletter_tier_id":0,"_jetpack_memberships_contains_paywalled_content":false,"_jetpack_memberships_contains_paid_content":false,"footnotes":""},"categories":[65,5],"tags":[81],"class_list":["post-2849","post","type-post","status-publish","format-standard","has-post-thumbnail","hentry","category-articoli","category-news","tag-comete"],"jetpack_featured_media_url":"https:\/\/i0.wp.com\/www.avdavigevano.com\/TEST\/wp-content\/uploads\/2018\/01\/banner_news-in-evidenza.jpg?fit=720%2C200&ssl=1","jetpack_sharing_enabled":true,"jetpack_shortlink":"https:\/\/wp.me\/p9jymR-JX","jetpack_likes_enabled":true,"_links":{"self":[{"href":"https:\/\/www.avdavigevano.com\/index.php?rest_route=\/wp\/v2\/posts\/2849","targetHints":{"allow":["GET"]}}],"collection":[{"href":"https:\/\/www.avdavigevano.com\/index.php?rest_route=\/wp\/v2\/posts"}],"about":[{"href":"https:\/\/www.avdavigevano.com\/index.php?rest_route=\/wp\/v2\/types\/post"}],"author":[{"embeddable":true,"href":"https:\/\/www.avdavigevano.com\/index.php?rest_route=\/wp\/v2\/users\/1"}],"replies":[{"embeddable":true,"href":"https:\/\/www.avdavigevano.com\/index.php?rest_route=%2Fwp%2Fv2%2Fcomments&post=2849"}],"version-history":[{"count":2,"href":"https:\/\/www.avdavigevano.com\/index.php?rest_route=\/wp\/v2\/posts\/2849\/revisions"}],"predecessor-version":[{"id":2851,"href":"https:\/\/www.avdavigevano.com\/index.php?rest_route=\/wp\/v2\/posts\/2849\/revisions\/2851"}],"wp:featuredmedia":[{"embeddable":true,"href":"https:\/\/www.avdavigevano.com\/index.php?rest_route=\/wp\/v2\/media\/477"}],"wp:attachment":[{"href":"https:\/\/www.avdavigevano.com\/index.php?rest_route=%2Fwp%2Fv2%2Fmedia&parent=2849"}],"wp:term":[{"taxonomy":"category","embeddable":true,"href":"https:\/\/www.avdavigevano.com\/index.php?rest_route=%2Fwp%2Fv2%2Fcategories&post=2849"},{"taxonomy":"post_tag","embeddable":true,"href":"https:\/\/www.avdavigevano.com\/index.php?rest_route=%2Fwp%2Fv2%2Ftags&post=2849"}],"curies":[{"name":"wp","href":"https:\/\/api.w.org\/{rel}","templated":true}]}}