{"id":2376,"date":"2025-06-12T10:00:39","date_gmt":"2025-06-12T08:00:39","guid":{"rendered":"https:\/\/www.avdavigevano.com\/?p=2376"},"modified":"2025-06-11T12:28:53","modified_gmt":"2025-06-11T10:28:53","slug":"aggiornamento-conferenza-sulla-cosmologia","status":"publish","type":"post","link":"https:\/\/www.avdavigevano.com\/?p=2376","title":{"rendered":"Aggiornamento: Conferenza sulla &#8220;Cosmologia&#8221;"},"content":{"rendered":"<p>A.V.D.A. informa che la conferenza sulla Cosmologia, inizialmente prevista per mercoled\u00ec 9 luglio 2025 e tenuta da Gianluigi Piva, sar\u00e0 suddivisa in due appuntamenti per offrire al pubblico una trattazione pi\u00f9 completa e approfondita.<\/p>\n<p>La prima parte si terr\u00e0 <em>mercoled\u00ec 2 luglio<\/em>, mentre la seconda parte rimane confermata per <em>mercoled\u00ec 9 luglio 2025<\/em>.<br \/>\nEntrambe le serate si svolgeranno come di consueto presso la Biblioteca dei Ragazzi di via Boldrini 1 a Vigevano, con inizio alle ore 21:15.<\/p>\n<p>Invitiamo tutti gli interessati a partecipare a entrambe le serate, che si preannunciano ricche di contenuti affascinanti sul tema dell\u2019origine e dell\u2019evoluzione dell\u2019universo.<\/p>\n<p>Per aggiornamenti, seguite i canali ufficiali A.V.D.A..<\/p>\n","protected":false},"excerpt":{"rendered":"<p>A.V.D.A. informa che la conferenza sulla Cosmologia, inizialmente prevista per mercoled\u00ec 9 luglio 2025 e tenuta da Gianluigi Piva, sar\u00e0 suddivisa in due appuntamenti per offrire al pubblico una trattazione pi\u00f9 completa e approfondita. La prima parte si terr\u00e0 mercoled\u00ec 2 luglio, mentre la seconda parte rimane confermata per mercoled\u00ec&#46;&#46;&#46;<\/p>\n","protected":false},"author":1,"featured_media":477,"comment_status":"open","ping_status":"open","sticky":false,"template":"","format":"standard","meta":{"_monsterinsights_skip_tracking":false,"_monsterinsights_sitenote_active":false,"_monsterinsights_sitenote_note":"","_monsterinsights_sitenote_category":0,"jetpack_post_was_ever_published":false,"_jetpack_newsletter_access":"","_jetpack_dont_email_post_to_subs":false,"_jetpack_newsletter_tier_id":0,"_jetpack_memberships_contains_paywalled_content":false,"_jetpack_memberships_contains_paid_content":false,"footnotes":""},"categories":[31,8,5],"tags":[19,138],"class_list":["post-2376","post","type-post","status-publish","format-standard","has-post-thumbnail","hentry","category-conferenze","category-eventi","category-news","tag-conferenze","tag-cosmologia"],"jetpack_featured_media_url":"https:\/\/i0.wp.com\/www.avdavigevano.com\/TEST\/wp-content\/uploads\/2018\/01\/banner_news-in-evidenza.jpg?fit=720%2C200&ssl=1","jetpack_sharing_enabled":true,"jetpack_shortlink":"https:\/\/wp.me\/p9jymR-Ck","jetpack_likes_enabled":true,"_links":{"self":[{"href":"https:\/\/www.avdavigevano.com\/index.php?rest_route=\/wp\/v2\/posts\/2376","targetHints":{"allow":["GET"]}}],"collection":[{"href":"https:\/\/www.avdavigevano.com\/index.php?rest_route=\/wp\/v2\/posts"}],"about":[{"href":"https:\/\/www.avdavigevano.com\/index.php?rest_route=\/wp\/v2\/types\/post"}],"author":[{"embeddable":true,"href":"https:\/\/www.avdavigevano.com\/index.php?rest_route=\/wp\/v2\/users\/1"}],"replies":[{"embeddable":true,"href":"https:\/\/www.avdavigevano.com\/index.php?rest_route=%2Fwp%2Fv2%2Fcomments&post=2376"}],"version-history":[{"count":2,"href":"https:\/\/www.avdavigevano.com\/index.php?rest_route=\/wp\/v2\/posts\/2376\/revisions"}],"predecessor-version":[{"id":2378,"href":"https:\/\/www.avdavigevano.com\/index.php?rest_route=\/wp\/v2\/posts\/2376\/revisions\/2378"}],"wp:featuredmedia":[{"embeddable":true,"href":"https:\/\/www.avdavigevano.com\/index.php?rest_route=\/wp\/v2\/media\/477"}],"wp:attachment":[{"href":"https:\/\/www.avdavigevano.com\/index.php?rest_route=%2Fwp%2Fv2%2Fmedia&parent=2376"}],"wp:term":[{"taxonomy":"category","embeddable":true,"href":"https:\/\/www.avdavigevano.com\/index.php?rest_route=%2Fwp%2Fv2%2Fcategories&post=2376"},{"taxonomy":"post_tag","embeddable":true,"href":"https:\/\/www.avdavigevano.com\/index.php?rest_route=%2Fwp%2Fv2%2Ftags&post=2376"}],"curies":[{"name":"wp","href":"https:\/\/api.w.org\/{rel}","templated":true}]}}