{"id":2327,"date":"2025-04-30T18:00:00","date_gmt":"2025-04-30T16:00:00","guid":{"rendered":"https:\/\/www.avdavigevano.com\/?p=2327"},"modified":"2025-04-30T17:06:03","modified_gmt":"2025-04-30T15:06:03","slug":"alla-scoperta-dei-pianeti-rocciosi-del-sistema-solare-7-maggio-2025","status":"publish","type":"post","link":"https:\/\/www.avdavigevano.com\/?p=2327","title":{"rendered":"Alla scoperta dei pianeti rocciosi del Sistema Solare &#8211; 7 maggio 2025"},"content":{"rendered":"<p class=\"\" data-start=\"285\" data-end=\"776\">Il fascino del cosmo torna protagonista a Vigevano con una nuova serata di divulgazione scientifica.<br \/>\nL\u2019appuntamento \u00e8 fissato per <strong data-start=\"501\" data-end=\"544\">mercoled\u00ec 7 maggio 2025, alle ore 21:15<\/strong>, presso la <strong data-start=\"556\" data-end=\"582\">Biblioteca dei Ragazzi<\/strong>, in <strong data-start=\"587\" data-end=\"605\">via Boldrini 1<\/strong>. Ospite e relatore sar\u00e0 <strong data-start=\"630\" data-end=\"648\">Gianluigi Piva<\/strong>, socio A.V.D.A. e appassionato conoscitore dell\u2019universo, con una conferenza dal titolo: <strong data-start=\"734\" data-end=\"775\">&#8220;Pianeti rocciosi del Sistema Solare&#8221;<\/strong>.<\/p>\n<p class=\"\" data-start=\"778\" data-end=\"1219\">Durante l\u2019incontro, il pubblico sar\u00e0 accompagnato in un viaggio affascinante attraverso i <strong data-start=\"868\" data-end=\"927\">quattro pianeti terrestri del nostro sistema planetario<\/strong>: <strong data-start=\"929\" data-end=\"964\">Mercurio, Venere, Terra e Marte<\/strong>.<br \/>\nA differenza dei giganti gassosi, questi mondi rocciosi, spesso tormentati da condizioni estreme ,offrono spunti straordinari per comprendere non solo la loro evoluzione geologica, ma anche il nostro passato e, forse, il futuro dell\u2019esplorazione spaziale.<\/p>\n<p class=\"\" data-start=\"1221\" data-end=\"1689\"><strong data-start=\"1221\" data-end=\"1239\">Gianluigi<\/strong> guider\u00e0 i presenti in un percorso tra crateri, vulcani, canyon e misteriose atmosfere, svelando le caratteristiche che accomunano e distinguono questi corpi celesti.<br \/>\nLa conferenza sar\u00e0 arricchita da immagini spettacolari, dati aggiornati dalle missioni spaziali pi\u00f9 recenti e riflessioni sul ruolo cruciale che lo studio dei pianeti rocciosi riveste nella ricerca di forme di vita extraterrestre e nella comprensione della storia del nostro pianeta.<\/p>\n<p class=\"\" data-start=\"1691\" data-end=\"2041\">L\u2019incontro \u00e8 pensato per un pubblico ampio: <strong data-start=\"1735\" data-end=\"1793\">appassionati, curiosi di ogni et\u00e0, studenti e famiglie<\/strong> troveranno spunti interessanti e un linguaggio chiaro, accessibile ma rigoroso. Come da tradizione per gli eventi A.V.D.A., sar\u00e0 lasciato spazio anche a domande e interazioni con il pubblico, per rendere la serata ancora pi\u00f9 coinvolgente e stimolante.<\/p>\n<p class=\"\" data-start=\"2043\" data-end=\"2330\">Questa conferenza si inserisce nel ciclo di eventi divulgativi promossi da A.V.D.A., associazione attiva sul territorio con lo scopo di <strong data-start=\"2175\" data-end=\"2227\">diffondere la cultura scientifica e l\u2019astronomia<\/strong> attraverso incontri, serate osservative e attivit\u00e0 didattiche rivolte alle scuole e alla cittadinanza.<\/p>\n<p class=\"\" data-start=\"2332\" data-end=\"2496\">L\u2019ingresso \u00e8 libero e gratuito fino ad esaurimento posti. Si consiglia di arrivare con qualche minuto di anticipo per agevolare l\u2019accesso e la sistemazione in sala.<\/p>\n<p class=\"\" data-start=\"2498\" data-end=\"2663\">Per ulteriori informazioni sull\u2019evento e sulle attivit\u00e0 dell\u2019associazione, \u00e8 possibile consultare i canali social di A.V.D.A. o scrivere all\u2019indirizzo email dedicato.<\/p>\n<p class=\"\" data-start=\"2665\" data-end=\"2811\"><strong data-start=\"2665\" data-end=\"2811\">Non perdete questa occasione per scoprire da vicino i mondi rocciosi che, nel silenzio dello spazio, raccontano storie antiche e meravigliose.<\/strong><\/p>\n<p><a href=\"https:\/\/www.avdavigevano.com\/?p=1955\">Riportiamo il nostro programma di conferenze per la stagione 2024\/2025<\/a>!<\/p>\n<p>&nbsp;<\/p>\n","protected":false},"excerpt":{"rendered":"<p>Il fascino del cosmo torna protagonista a Vigevano con una nuova serata di divulgazione scientifica. L\u2019appuntamento \u00e8 fissato per mercoled\u00ec 7 maggio 2025, alle ore 21:15, presso la Biblioteca dei Ragazzi, in via Boldrini 1. Ospite e relatore sar\u00e0 Gianluigi Piva, socio A.V.D.A. e appassionato conoscitore dell\u2019universo, con una conferenza&#46;&#46;&#46;<\/p>\n","protected":false},"author":1,"featured_media":475,"comment_status":"open","ping_status":"open","sticky":false,"template":"","format":"standard","meta":{"_monsterinsights_skip_tracking":false,"_monsterinsights_sitenote_active":false,"_monsterinsights_sitenote_note":"","_monsterinsights_sitenote_category":0,"jetpack_post_was_ever_published":false,"_jetpack_newsletter_access":"","_jetpack_dont_email_post_to_subs":false,"_jetpack_newsletter_tier_id":0,"_jetpack_memberships_contains_paywalled_content":false,"_jetpack_memberships_contains_paid_content":false,"footnotes":""},"categories":[31],"tags":[19,32,75,51,13,107,34],"class_list":["post-2327","post","type-post","status-publish","format-standard","has-post-thumbnail","hentry","category-conferenze","tag-conferenze","tag-marte","tag-mercurio","tag-pianeti","tag-presentazioni","tag-terra","tag-venere"],"jetpack_featured_media_url":"https:\/\/i0.wp.com\/www.avdavigevano.com\/TEST\/wp-content\/uploads\/2018\/01\/banner_conferenze.jpg?fit=720%2C200&ssl=1","jetpack_sharing_enabled":true,"jetpack_shortlink":"https:\/\/wp.me\/p9jymR-Bx","jetpack_likes_enabled":true,"_links":{"self":[{"href":"https:\/\/www.avdavigevano.com\/index.php?rest_route=\/wp\/v2\/posts\/2327","targetHints":{"allow":["GET"]}}],"collection":[{"href":"https:\/\/www.avdavigevano.com\/index.php?rest_route=\/wp\/v2\/posts"}],"about":[{"href":"https:\/\/www.avdavigevano.com\/index.php?rest_route=\/wp\/v2\/types\/post"}],"author":[{"embeddable":true,"href":"https:\/\/www.avdavigevano.com\/index.php?rest_route=\/wp\/v2\/users\/1"}],"replies":[{"embeddable":true,"href":"https:\/\/www.avdavigevano.com\/index.php?rest_route=%2Fwp%2Fv2%2Fcomments&post=2327"}],"version-history":[{"count":2,"href":"https:\/\/www.avdavigevano.com\/index.php?rest_route=\/wp\/v2\/posts\/2327\/revisions"}],"predecessor-version":[{"id":2340,"href":"https:\/\/www.avdavigevano.com\/index.php?rest_route=\/wp\/v2\/posts\/2327\/revisions\/2340"}],"wp:featuredmedia":[{"embeddable":true,"href":"https:\/\/www.avdavigevano.com\/index.php?rest_route=\/wp\/v2\/media\/475"}],"wp:attachment":[{"href":"https:\/\/www.avdavigevano.com\/index.php?rest_route=%2Fwp%2Fv2%2Fmedia&parent=2327"}],"wp:term":[{"taxonomy":"category","embeddable":true,"href":"https:\/\/www.avdavigevano.com\/index.php?rest_route=%2Fwp%2Fv2%2Fcategories&post=2327"},{"taxonomy":"post_tag","embeddable":true,"href":"https:\/\/www.avdavigevano.com\/index.php?rest_route=%2Fwp%2Fv2%2Ftags&post=2327"}],"curies":[{"name":"wp","href":"https:\/\/api.w.org\/{rel}","templated":true}]}}