{"id":2109,"date":"2025-01-29T10:00:32","date_gmt":"2025-01-29T09:00:32","guid":{"rendered":"https:\/\/www.avdavigevano.com\/?p=2109"},"modified":"2025-01-27T09:00:09","modified_gmt":"2025-01-27T08:00:09","slug":"la-luna-le-maree-e-le-eclissi","status":"publish","type":"post","link":"https:\/\/www.avdavigevano.com\/?p=2109","title":{"rendered":"La Luna, le maree e le eclissi"},"content":{"rendered":"<p>L&#8217;associazione AVDA \u00e8 lieta di invitarvi alla conferenza dal titolo \u201c<strong>La Luna, le maree e le eclissi<\/strong>\u201d, un evento che promette di affascinare e informare il pubblico con uno sguardo approfondito su alcuni dei fenomeni pi\u00f9 suggestivi del nostro satellite naturale.<\/p>\n<p><strong>L&#8217;incontro si terr\u00e0 presso la Biblioteca dei Ragazzi &#8220;G. Cordone&#8221; di Via Boldrini 1 a Vigevano mercoled\u00ec 12 febbraio alle ore 21:00<\/strong>.<\/p>\n<p>La Luna \u00e8 da sempre fonte di ispirazione per poeti, scienziati e sognatori. Tuttavia, dietro la sua bellezza si celano complessi fenomeni astronomici che influenzano direttamente la vita sulla Terra. La conferenza, tenuta dal socio A.V.D.A. Gianluigi Piva, vuole offrire un viaggio attraverso questi temi, Gianluigi condivider\u00e0 le sue conoscenze e curiosit\u00e0 sul nostro satellite naturale.<\/p>\n<p>Verranno illustrato il ruolo della Luna nelle maree. Questo fenomeno \u2013 causato dall&#8217;attrazione gravitazionale esercitata dalla Luna e, in misura minore, dal Sole \u2013 influenza non solo gli oceani ma anche la geologia del nostro pianeta.<\/p>\n<p>Si parler\u00e0 delle eclissi lunari e solari, spiegando come questi eventi si verifichino e quale sia il loro significato sia dal punto di vista scientifico che culturale. Le eclissi, infatti, sono state spesso interpretate in passato come presagi di grande importanza, ma oggi sappiamo che sono il risultato di precise dinamiche celesti.<\/p>\n<p>L&#8217;evento sar\u00e0 arricchito da una proiezione multimediale che consentir\u00e0 di osservare immagini spettacolari della superficie lunare, simulazioni del moto delle maree e delle eclissi. Per gli appassionati, ci sar\u00e0 anche uno spazio dedicato alle domande, dove il pubblico potr\u00e0 interagire direttamente con noi soci ed il relatore.<\/p>\n<p><strong>La conferenza si rivolge a un pubblico di tutte le et\u00e0, dagli appassionati di astronomia ai curiosi che desiderano saperne di pi\u00f9 su questi argomenti. La partecipazione \u00e8 gratuita.<\/strong><\/p>\n<p>Con questa iniziativa, A.V.D.A. conferma il suo impegno nella divulgazione scientifica, offrendo alla comunit\u00e0 un&#8217;opportunit\u00e0 unica per esplorare le meraviglie del nostro universo.<br \/>\nNon perdete l&#8217;occasione di partecipare a questa serata speciale e di scoprire insieme a noi il fascino della Luna, delle maree e delle eclissi.<\/p>\n","protected":false},"excerpt":{"rendered":"<p>L&#8217;associazione AVDA \u00e8 lieta di invitarvi alla conferenza dal titolo \u201cLa Luna, le maree e le eclissi\u201d, un evento che promette di affascinare e informare il pubblico con uno sguardo approfondito su alcuni dei fenomeni pi\u00f9 suggestivi del nostro satellite naturale. L&#8217;incontro si terr\u00e0 presso la Biblioteca dei Ragazzi &#8220;G.&#46;&#46;&#46;<\/p>\n","protected":false},"author":1,"featured_media":475,"comment_status":"open","ping_status":"open","sticky":false,"template":"","format":"standard","meta":{"_monsterinsights_skip_tracking":false,"_monsterinsights_sitenote_active":false,"_monsterinsights_sitenote_note":"","_monsterinsights_sitenote_category":0,"jetpack_post_was_ever_published":false,"_jetpack_newsletter_access":"","_jetpack_dont_email_post_to_subs":false,"_jetpack_newsletter_tier_id":0,"_jetpack_memberships_contains_paywalled_content":false,"_jetpack_memberships_contains_paid_content":false,"footnotes":""},"categories":[31],"tags":[19,10,13],"class_list":["post-2109","post","type-post","status-publish","format-standard","has-post-thumbnail","hentry","category-conferenze","tag-conferenze","tag-luna","tag-presentazioni"],"jetpack_featured_media_url":"https:\/\/i0.wp.com\/www.avdavigevano.com\/TEST\/wp-content\/uploads\/2018\/01\/banner_conferenze.jpg?fit=720%2C200&ssl=1","jetpack_sharing_enabled":true,"jetpack_shortlink":"https:\/\/wp.me\/p9jymR-y1","jetpack_likes_enabled":true,"_links":{"self":[{"href":"https:\/\/www.avdavigevano.com\/index.php?rest_route=\/wp\/v2\/posts\/2109","targetHints":{"allow":["GET"]}}],"collection":[{"href":"https:\/\/www.avdavigevano.com\/index.php?rest_route=\/wp\/v2\/posts"}],"about":[{"href":"https:\/\/www.avdavigevano.com\/index.php?rest_route=\/wp\/v2\/types\/post"}],"author":[{"embeddable":true,"href":"https:\/\/www.avdavigevano.com\/index.php?rest_route=\/wp\/v2\/users\/1"}],"replies":[{"embeddable":true,"href":"https:\/\/www.avdavigevano.com\/index.php?rest_route=%2Fwp%2Fv2%2Fcomments&post=2109"}],"version-history":[{"count":4,"href":"https:\/\/www.avdavigevano.com\/index.php?rest_route=\/wp\/v2\/posts\/2109\/revisions"}],"predecessor-version":[{"id":2118,"href":"https:\/\/www.avdavigevano.com\/index.php?rest_route=\/wp\/v2\/posts\/2109\/revisions\/2118"}],"wp:featuredmedia":[{"embeddable":true,"href":"https:\/\/www.avdavigevano.com\/index.php?rest_route=\/wp\/v2\/media\/475"}],"wp:attachment":[{"href":"https:\/\/www.avdavigevano.com\/index.php?rest_route=%2Fwp%2Fv2%2Fmedia&parent=2109"}],"wp:term":[{"taxonomy":"category","embeddable":true,"href":"https:\/\/www.avdavigevano.com\/index.php?rest_route=%2Fwp%2Fv2%2Fcategories&post=2109"},{"taxonomy":"post_tag","embeddable":true,"href":"https:\/\/www.avdavigevano.com\/index.php?rest_route=%2Fwp%2Fv2%2Ftags&post=2109"}],"curies":[{"name":"wp","href":"https:\/\/api.w.org\/{rel}","templated":true}]}}