{"id":2048,"date":"2024-10-21T13:00:24","date_gmt":"2024-10-21T11:00:24","guid":{"rendered":"https:\/\/www.avdavigevano.com\/?p=2048"},"modified":"2024-10-21T17:56:19","modified_gmt":"2024-10-21T15:56:19","slug":"la-cometa-c-2023-a3-tsuchinshan-atlas","status":"publish","type":"post","link":"https:\/\/www.avdavigevano.com\/?p=2048","title":{"rendered":"La cometa C\/2023 A3 Tsuchinshan-ATLAS nei nostri cieli!"},"content":{"rendered":"<p>Nel mese di ottobre, nei nostri cieli, purtroppo quasi sempre nuvolosi, \u00e8 apparsa questa bella cometa, che ha raggiunto il suo perielio (punto massimo di avvicinamento al Sole) il 27 Settembre 2024 e, il suo perigeo (minima distanza dalla Terra) il 12 Ottobre.<\/p>\n<p>C\/2023 A3 \u00e8 stata scoperta nel 2023 dall\u2019Osservatorio Tsuchinshan in Cina e dal telescopio sudafricano del progetto ATLAS.<\/p>\n<p>Da quando la cometa ha iniziato la sua apparizione al tramonto \u00e8 diventata (leggermente) visibile ad occhio nudo, giorni in cui il cielo delle nostre zone erano per lo pi\u00f9 nuvolose.<\/p>\n<p>Ormai non \u00e8 pi\u00f9 possibile vederla ad occhio nudo in quanto la sua magnitudine apparente (cio\u00e8 la sua luminosit\u00e0 come appare vista dalla Terra) \u00e8 di +5, ma nelle sere del 18 Ottobre e del 20 Ottobre, piccoli spiragli di sereno hanno dato la possibilit\u00e0 di vederla con piccola strumentazione, come ad esempio un binocolo 10&#215;70 o 15&#215;70 e, anche di fotografarla, come nel caso della splendida foto fatta dal nostro socio Roberto Zanola che ci racconta come l\u2019immagine sia frutto di un lavoro complesso e minuzioso: \u00e8 la somma di 100 scatti ripresi con focale f3,5 e esposizioni da 2 secondi, 1250 ISO, il tutto poi sommato ed elaborato con il software Sequator.<\/p>\n<p><em>Come posso provare a vederla?<\/em><br \/>\nCome detto la potrete vedere solo con l\u2019aiuto di strumentazione, come nel caso dei binocoli sopra citati (o con un telescopio) o scattando foto (provate anche con il vostro smartphone in modalit\u00e0 notturna, con un\u2019esposizione di almeno qualche secondo) ad OVEST tra le 19:30 e le 20:30, puntando verso la costellazione di Ofiuco fino al 31 ottobre.<br \/>\nDi seguito riportaimo una cartina che mostra la posizione della Cometa in base ai giorni.<\/p>\n<p>Riportiamo anche l&#8217;articolo scritto da <a href=\"https:\/\/www.avdavigevano.com\/?p=1996\" target=\"_blank\" rel=\"noopener\">Roberto sulla Cometa C\/2023 A3<\/a>.<\/p>\n<div id=\"attachment_2049\" style=\"width: 2570px\" class=\"wp-caption aligncenter\"><a href=\"https:\/\/i0.wp.com\/www.avdavigevano.com\/TEST\/wp-content\/uploads\/2024\/10\/C2023-A3-Tsuchinshan-ATLAS-scaled.jpg\" target=\"_blank\" rel=\"noopener\"><img data-recalc-dims=\"1\" loading=\"lazy\" decoding=\"async\" aria-describedby=\"caption-attachment-2049\" data-attachment-id=\"2049\" data-permalink=\"https:\/\/www.avdavigevano.com\/?attachment_id=2049\" data-orig-file=\"https:\/\/i0.wp.com\/www.avdavigevano.com\/TEST\/wp-content\/uploads\/2024\/10\/C2023-A3-Tsuchinshan-ATLAS-scaled.jpg?fit=2560%2C1700&amp;ssl=1\" data-orig-size=\"2560,1700\" data-comments-opened=\"1\" data-image-meta=\"{&quot;aperture&quot;:&quot;3.5&quot;,&quot;credit&quot;:&quot;&quot;,&quot;camera&quot;:&quot;NIKON D90&quot;,&quot;caption&quot;:&quot;&quot;,&quot;created_timestamp&quot;:&quot;1729454901&quot;,&quot;copyright&quot;:&quot;&quot;,&quot;focal_length&quot;:&quot;70&quot;,&quot;iso&quot;:&quot;1250&quot;,&quot;shutter_speed&quot;:&quot;310&quot;,&quot;title&quot;:&quot;&quot;,&quot;orientation&quot;:&quot;1&quot;}\" data-image-title=\"C2023 A3 Tsuchinshan-ATLAS\" data-image-description=\"&lt;p&gt;La C\/2023 A3 Tsuchinshan-ATLAS ripresa dal nostro socio Roberto Zanola.&lt;\/p&gt;\n\" data-image-caption=\"&lt;p&gt;La C\/2023 A3 Tsuchinshan-ATLAS ripresa dal nostro socio Roberto Zanola.&lt;\/p&gt;\n\" data-large-file=\"https:\/\/i0.wp.com\/www.avdavigevano.com\/TEST\/wp-content\/uploads\/2024\/10\/C2023-A3-Tsuchinshan-ATLAS-scaled.jpg?fit=1024%2C680&amp;ssl=1\" class=\"wp-image-2049 size-full\" src=\"https:\/\/i0.wp.com\/www.avdavigevano.com\/TEST\/wp-content\/uploads\/2024\/10\/C2023-A3-Tsuchinshan-ATLAS-scaled.jpg?resize=2560%2C1700\" alt=\"La C\/2023 A3 Tsuchinshan-ATLAS ripresa dal nostro socio Roberto Zanola.\" width=\"2560\" height=\"1700\" srcset=\"https:\/\/i0.wp.com\/www.avdavigevano.com\/TEST\/wp-content\/uploads\/2024\/10\/C2023-A3-Tsuchinshan-ATLAS-scaled.jpg?w=2560&amp;ssl=1 2560w, https:\/\/i0.wp.com\/www.avdavigevano.com\/TEST\/wp-content\/uploads\/2024\/10\/C2023-A3-Tsuchinshan-ATLAS-scaled.jpg?resize=300%2C199&amp;ssl=1 300w, https:\/\/i0.wp.com\/www.avdavigevano.com\/TEST\/wp-content\/uploads\/2024\/10\/C2023-A3-Tsuchinshan-ATLAS-scaled.jpg?resize=1024%2C680&amp;ssl=1 1024w, https:\/\/i0.wp.com\/www.avdavigevano.com\/TEST\/wp-content\/uploads\/2024\/10\/C2023-A3-Tsuchinshan-ATLAS-scaled.jpg?resize=768%2C510&amp;ssl=1 768w, https:\/\/i0.wp.com\/www.avdavigevano.com\/TEST\/wp-content\/uploads\/2024\/10\/C2023-A3-Tsuchinshan-ATLAS-scaled.jpg?resize=1536%2C1020&amp;ssl=1 1536w, https:\/\/i0.wp.com\/www.avdavigevano.com\/TEST\/wp-content\/uploads\/2024\/10\/C2023-A3-Tsuchinshan-ATLAS-scaled.jpg?resize=2048%2C1360&amp;ssl=1 2048w\" sizes=\"auto, (max-width: 1000px) 100vw, 1000px\" \/><\/a><p id=\"caption-attachment-2049\" class=\"wp-caption-text\">La C\/2023 A3 Tsuchinshan-ATLAS ripresa dal nostro socio Roberto Zanola.<\/p><\/div>\n<p><a href=\"https:\/\/i0.wp.com\/www.avdavigevano.com\/TEST\/wp-content\/uploads\/2024\/09\/ADE25505-4FE9-4FF5-8EA3-5753CE38A11A_1_105_c.jpeg\"><img data-recalc-dims=\"1\" loading=\"lazy\" decoding=\"async\" data-attachment-id=\"2002\" data-permalink=\"https:\/\/www.avdavigevano.com\/?attachment_id=2002\" data-orig-file=\"https:\/\/i0.wp.com\/www.avdavigevano.com\/TEST\/wp-content\/uploads\/2024\/09\/ADE25505-4FE9-4FF5-8EA3-5753CE38A11A_1_105_c.jpeg?fit=923%2C851&amp;ssl=1\" data-orig-size=\"923,851\" data-comments-opened=\"1\" data-image-meta=\"{&quot;aperture&quot;:&quot;0&quot;,&quot;credit&quot;:&quot;&quot;,&quot;camera&quot;:&quot;&quot;,&quot;caption&quot;:&quot;&quot;,&quot;created_timestamp&quot;:&quot;0&quot;,&quot;copyright&quot;:&quot;&quot;,&quot;focal_length&quot;:&quot;0&quot;,&quot;iso&quot;:&quot;0&quot;,&quot;shutter_speed&quot;:&quot;0&quot;,&quot;title&quot;:&quot;&quot;,&quot;orientation&quot;:&quot;1&quot;}\" data-image-title=\"ADE25505-4FE9-4FF5-8EA3-5753CE38A11A_1_105_c\" data-image-description=\"\" data-image-caption=\"\" data-large-file=\"https:\/\/i0.wp.com\/www.avdavigevano.com\/TEST\/wp-content\/uploads\/2024\/09\/ADE25505-4FE9-4FF5-8EA3-5753CE38A11A_1_105_c.jpeg?fit=923%2C851&amp;ssl=1\" class=\"aligncenter size-full wp-image-2002\" src=\"https:\/\/i0.wp.com\/www.avdavigevano.com\/TEST\/wp-content\/uploads\/2024\/09\/ADE25505-4FE9-4FF5-8EA3-5753CE38A11A_1_105_c.jpeg?resize=923%2C851\" alt=\"\" width=\"923\" height=\"851\" srcset=\"https:\/\/i0.wp.com\/www.avdavigevano.com\/TEST\/wp-content\/uploads\/2024\/09\/ADE25505-4FE9-4FF5-8EA3-5753CE38A11A_1_105_c.jpeg?w=923&amp;ssl=1 923w, https:\/\/i0.wp.com\/www.avdavigevano.com\/TEST\/wp-content\/uploads\/2024\/09\/ADE25505-4FE9-4FF5-8EA3-5753CE38A11A_1_105_c.jpeg?resize=300%2C277&amp;ssl=1 300w, https:\/\/i0.wp.com\/www.avdavigevano.com\/TEST\/wp-content\/uploads\/2024\/09\/ADE25505-4FE9-4FF5-8EA3-5753CE38A11A_1_105_c.jpeg?resize=768%2C708&amp;ssl=1 768w\" sizes=\"auto, (max-width: 923px) 100vw, 923px\" \/><\/a><\/p>\n","protected":false},"excerpt":{"rendered":"<p>Nel mese di ottobre, nei nostri cieli, purtroppo quasi sempre nuvolosi, \u00e8 apparsa questa bella cometa, che ha raggiunto il suo perielio (punto massimo di avvicinamento al Sole) il 27 Settembre 2024 e, il suo perigeo (minima distanza dalla Terra) il 12 Ottobre. C\/2023 A3 \u00e8 stata scoperta nel 2023&#46;&#46;&#46;<\/p>\n","protected":false},"author":7,"featured_media":2049,"comment_status":"open","ping_status":"open","sticky":false,"template":"","format":"standard","meta":{"_monsterinsights_skip_tracking":false,"_monsterinsights_sitenote_active":false,"_monsterinsights_sitenote_note":"","_monsterinsights_sitenote_category":0,"jetpack_post_was_ever_published":false,"_jetpack_newsletter_access":"","_jetpack_dont_email_post_to_subs":false,"_jetpack_newsletter_tier_id":0,"_jetpack_memberships_contains_paywalled_content":false,"_jetpack_memberships_contains_paid_content":false,"footnotes":""},"categories":[65,8,5,25],"tags":[81,28],"class_list":["post-2048","post","type-post","status-publish","format-standard","has-post-thumbnail","hentry","category-articoli","category-eventi","category-news","category-osservazioni","tag-comete","tag-osservazione"],"jetpack_featured_media_url":"https:\/\/i0.wp.com\/www.avdavigevano.com\/TEST\/wp-content\/uploads\/2024\/10\/C2023-A3-Tsuchinshan-ATLAS-scaled.jpg?fit=2560%2C1700&ssl=1","jetpack_sharing_enabled":true,"jetpack_shortlink":"https:\/\/wp.me\/p9jymR-x2","jetpack_likes_enabled":true,"_links":{"self":[{"href":"https:\/\/www.avdavigevano.com\/index.php?rest_route=\/wp\/v2\/posts\/2048","targetHints":{"allow":["GET"]}}],"collection":[{"href":"https:\/\/www.avdavigevano.com\/index.php?rest_route=\/wp\/v2\/posts"}],"about":[{"href":"https:\/\/www.avdavigevano.com\/index.php?rest_route=\/wp\/v2\/types\/post"}],"author":[{"embeddable":true,"href":"https:\/\/www.avdavigevano.com\/index.php?rest_route=\/wp\/v2\/users\/7"}],"replies":[{"embeddable":true,"href":"https:\/\/www.avdavigevano.com\/index.php?rest_route=%2Fwp%2Fv2%2Fcomments&post=2048"}],"version-history":[{"count":6,"href":"https:\/\/www.avdavigevano.com\/index.php?rest_route=\/wp\/v2\/posts\/2048\/revisions"}],"predecessor-version":[{"id":2055,"href":"https:\/\/www.avdavigevano.com\/index.php?rest_route=\/wp\/v2\/posts\/2048\/revisions\/2055"}],"wp:featuredmedia":[{"embeddable":true,"href":"https:\/\/www.avdavigevano.com\/index.php?rest_route=\/wp\/v2\/media\/2049"}],"wp:attachment":[{"href":"https:\/\/www.avdavigevano.com\/index.php?rest_route=%2Fwp%2Fv2%2Fmedia&parent=2048"}],"wp:term":[{"taxonomy":"category","embeddable":true,"href":"https:\/\/www.avdavigevano.com\/index.php?rest_route=%2Fwp%2Fv2%2Fcategories&post=2048"},{"taxonomy":"post_tag","embeddable":true,"href":"https:\/\/www.avdavigevano.com\/index.php?rest_route=%2Fwp%2Fv2%2Ftags&post=2048"}],"curies":[{"name":"wp","href":"https:\/\/api.w.org\/{rel}","templated":true}]}}