{"id":2039,"date":"2024-10-15T17:00:05","date_gmt":"2024-10-15T15:00:05","guid":{"rendered":"https:\/\/www.avdavigevano.com\/?p=2039"},"modified":"2024-10-15T17:39:26","modified_gmt":"2024-10-15T15:39:26","slug":"nuovo-evento-di-aurora-boreale-e-sar-nella-notte-tra-il-10-e-l11-ottobre-2024","status":"publish","type":"post","link":"https:\/\/www.avdavigevano.com\/?p=2039","title":{"rendered":"Nuovo evento di aurora boreale e SAR nella notte tra il 10 e l\u201911 Ottobre 2024"},"content":{"rendered":"<p class=\"p1\">Una tempesta geomagnetica di potenza G4 (Severe) ha interessato il nostro pianeta nelle giornate tra il 10 e l\u201911 ottobre.<br \/>\nIl \u201ccolpevole\u201d di questi eventi, ricordiamolo, \u00e8 il Sole; pi\u00f9 precisamente, per quanto riguarda questo specifico evento, la sua regione attiva AR3848, che he emesso nelle giornate precedenti alla tempesta diversi Flare (brillamenti) con CME annesse (in Italiano Espulsione di Massa Coronale).<\/p>\n<p class=\"p1\"><em>Perch\u00e9 questi fenomeni sono sempre pi\u00f9 frequenti<\/em>?<\/p>\n<p class=\"p1\">Il Sole ha dei cicli: un ciclo \u00e8 l\u2019arco di tempo, di circa 11 anni, che intercorre tra un periodo di minimo di attivit\u00e0 e l\u2019altro, ecco noi ci troviamo proprio a met\u00e0 precisa di questo periodo del ciclo, quindi nel momento di massima attivit\u00e0 solare e quindi nel momento in cui avvengono pi\u00f9 tempeste solari.<\/p>\n<p class=\"p1\">Se oggi conosciamo il fatto che il Sole ha i suoi cicli, la loro durata, il loro meccanismo, lo dobbiamo allo studio ed osservazione sistematica delle macchie solari iniziata gi\u00e0 nel XVII secolo e potenziata con avanzati strumenti negli ultimi decenni.<\/p>\n<p class=\"p1\">E se oggi ne veniamo a conoscenza \u00e8 perch\u00e9 c\u2019\u00e8 molta pi\u00f9 informazione, sopratutto da parte dei social, e strumentazione sulla Terra in grado di riprenderla, il fatto che prima non la vedessimo non vuol dire che non si verificassero\u2026 si esatto, probabilmente negli anni alcuni eventi non li abbiamo visti, ma altri sono stai invece documentati, gi\u00e0 dai tempi antichi.<\/p>\n<p class=\"p1\"><em>Ci dobbiamo preoccupare<\/em>?<\/p>\n<p class=\"p1\">Potete stare tranquilli che non inficiano in nessun modo sull\u2019organismo umano e sulla nostra vita quotidiana. Conosciamo pochissimi eventi documentati che hanno apportato delle problematiche alle tecnologie, dell\u2019epoca, e si stima, tutti molto pi\u00f9 forti di quelle che stanno avvenendo attualmente: <a href=\"https:\/\/www.media.inaf.it\/2019\/09\/03\/tempesta-geomagnetica-1859\/\">evento di Carrington del 1859<\/a>, evento del Settembre 1909 e l&#8217;evento del Quebec del 1989.<\/p>\n<p class=\"p1\">Per il resto, possiamo tranquillamente continuare a goderci i bellissimi spettacoli che queste tempeste stanno creando, non solo in Italia, ma se avete un p\u00f2 di dimestichezza con la tecnologia vi consigliamo di seguire su YouTube dei canali che facciano live streaming dai paesi dei circolo polare artico e godervi la meraviglia del cielo illuminato di tantissimi colori, non solo il rosso come vediamo nelle nostre latitudini.<\/p>\n<p class=\"p1\"><em>Perch\u00e9 il rosso<\/em>?<\/p>\n<p class=\"p1\">Per rispondere alla vostra domanda e approfondire il funzionamento dei due fenomeni ti rimandiamo all\u2019articolo dell\u2019AVDA del\u201911 Maggio 2024 \u201c<a href=\"https:\/\/www.avdavigevano.com\/?p=1864\">Ieri sera\u2026Aurora Boreale o SAR.. entrambi!<\/a>\u201d<\/p>\n<p>&nbsp;<\/p>\n<div id=\"attachment_2041\" style=\"width: 2570px\" class=\"wp-caption aligncenter\"><a href=\"https:\/\/i0.wp.com\/www.avdavigevano.com\/TEST\/wp-content\/uploads\/2024\/10\/Giorgi-Silvia-CRE-26_07_2024_4-scaled.jpg\" target=\"_blank\" rel=\"noopener\"><img data-recalc-dims=\"1\" loading=\"lazy\" decoding=\"async\" aria-describedby=\"caption-attachment-2041\" data-attachment-id=\"2041\" data-permalink=\"https:\/\/www.avdavigevano.com\/?attachment_id=2041\" data-orig-file=\"https:\/\/i0.wp.com\/www.avdavigevano.com\/TEST\/wp-content\/uploads\/2024\/10\/Giorgi-Silvia-CRE-26_07_2024_4-scaled.jpg?fit=2560%2C1707&amp;ssl=1\" data-orig-size=\"2560,1707\" data-comments-opened=\"1\" data-image-meta=\"{&quot;aperture&quot;:&quot;4.5&quot;,&quot;credit&quot;:&quot;Guido Clerici&quot;,&quot;camera&quot;:&quot;Canon EOS 5D&quot;,&quot;caption&quot;:&quot;&quot;,&quot;created_timestamp&quot;:&quot;1728607720&quot;,&quot;copyright&quot;:&quot;&quot;,&quot;focal_length&quot;:&quot;30&quot;,&quot;iso&quot;:&quot;200&quot;,&quot;shutter_speed&quot;:&quot;20&quot;,&quot;title&quot;:&quot;&quot;,&quot;orientation&quot;:&quot;0&quot;}\" data-image-title=\"Giorgi Silvia &amp;#8211; CRE 26_07_2024_4\" data-image-description=\"\" data-image-caption=\"&lt;p&gt;SAR pian piano si rende visibile &amp;#8211; Immagine ripresa da Giorgi Silvia&lt;\/p&gt;\n\" data-large-file=\"https:\/\/i0.wp.com\/www.avdavigevano.com\/TEST\/wp-content\/uploads\/2024\/10\/Giorgi-Silvia-CRE-26_07_2024_4-scaled.jpg?fit=1024%2C683&amp;ssl=1\" class=\"wp-image-2041 size-full\" src=\"https:\/\/i0.wp.com\/www.avdavigevano.com\/TEST\/wp-content\/uploads\/2024\/10\/Giorgi-Silvia-CRE-26_07_2024_4-scaled.jpg?resize=2560%2C1707\" alt=\"\" width=\"2560\" height=\"1707\" srcset=\"https:\/\/i0.wp.com\/www.avdavigevano.com\/TEST\/wp-content\/uploads\/2024\/10\/Giorgi-Silvia-CRE-26_07_2024_4-scaled.jpg?w=2560&amp;ssl=1 2560w, https:\/\/i0.wp.com\/www.avdavigevano.com\/TEST\/wp-content\/uploads\/2024\/10\/Giorgi-Silvia-CRE-26_07_2024_4-scaled.jpg?resize=300%2C200&amp;ssl=1 300w, https:\/\/i0.wp.com\/www.avdavigevano.com\/TEST\/wp-content\/uploads\/2024\/10\/Giorgi-Silvia-CRE-26_07_2024_4-scaled.jpg?resize=1024%2C683&amp;ssl=1 1024w, https:\/\/i0.wp.com\/www.avdavigevano.com\/TEST\/wp-content\/uploads\/2024\/10\/Giorgi-Silvia-CRE-26_07_2024_4-scaled.jpg?resize=768%2C512&amp;ssl=1 768w, https:\/\/i0.wp.com\/www.avdavigevano.com\/TEST\/wp-content\/uploads\/2024\/10\/Giorgi-Silvia-CRE-26_07_2024_4-scaled.jpg?resize=1536%2C1024&amp;ssl=1 1536w, https:\/\/i0.wp.com\/www.avdavigevano.com\/TEST\/wp-content\/uploads\/2024\/10\/Giorgi-Silvia-CRE-26_07_2024_4-scaled.jpg?resize=2048%2C1365&amp;ssl=1 2048w\" sizes=\"auto, (max-width: 1000px) 100vw, 1000px\" \/><\/a><p id=\"caption-attachment-2041\" class=\"wp-caption-text\">SAR pian piano si rende visibile &#8211; Immagine ripresa da Giorgi Silvia<\/p><\/div>\n<div id=\"attachment_2040\" style=\"width: 3877px\" class=\"wp-caption aligncenter\"><a href=\"https:\/\/i0.wp.com\/www.avdavigevano.com\/TEST\/wp-content\/uploads\/2024\/10\/Giorgi-Silvia-CRE-26_07_2024_2.png\"><img data-recalc-dims=\"1\" loading=\"lazy\" decoding=\"async\" aria-describedby=\"caption-attachment-2040\" data-attachment-id=\"2040\" data-permalink=\"https:\/\/www.avdavigevano.com\/?attachment_id=2040\" data-orig-file=\"https:\/\/i0.wp.com\/www.avdavigevano.com\/TEST\/wp-content\/uploads\/2024\/10\/Giorgi-Silvia-CRE-26_07_2024_2.png?fit=3867%2C2578&amp;ssl=1\" data-orig-size=\"3867,2578\" data-comments-opened=\"1\" data-image-meta=\"{&quot;aperture&quot;:&quot;0&quot;,&quot;credit&quot;:&quot;&quot;,&quot;camera&quot;:&quot;&quot;,&quot;caption&quot;:&quot;&quot;,&quot;created_timestamp&quot;:&quot;0&quot;,&quot;copyright&quot;:&quot;&quot;,&quot;focal_length&quot;:&quot;0&quot;,&quot;iso&quot;:&quot;0&quot;,&quot;shutter_speed&quot;:&quot;0&quot;,&quot;title&quot;:&quot;&quot;,&quot;orientation&quot;:&quot;0&quot;}\" data-image-title=\"Giorgi Silvia &amp;#8211; CRE 26_07_2024_2\" data-image-description=\"\" data-image-caption=\"&lt;p&gt;SAR ed Aurora ben visibili &amp;#8211; Immagine ripresa da Giorgi Silvia&lt;\/p&gt;\n\" data-large-file=\"https:\/\/i0.wp.com\/www.avdavigevano.com\/TEST\/wp-content\/uploads\/2024\/10\/Giorgi-Silvia-CRE-26_07_2024_2.png?fit=1024%2C683&amp;ssl=1\" class=\"size-full wp-image-2040\" src=\"https:\/\/i0.wp.com\/www.avdavigevano.com\/TEST\/wp-content\/uploads\/2024\/10\/Giorgi-Silvia-CRE-26_07_2024_2.png?resize=3867%2C2578\" alt=\"\" width=\"3867\" height=\"2578\" srcset=\"https:\/\/i0.wp.com\/www.avdavigevano.com\/TEST\/wp-content\/uploads\/2024\/10\/Giorgi-Silvia-CRE-26_07_2024_2.png?w=3867&amp;ssl=1 3867w, https:\/\/i0.wp.com\/www.avdavigevano.com\/TEST\/wp-content\/uploads\/2024\/10\/Giorgi-Silvia-CRE-26_07_2024_2.png?resize=300%2C200&amp;ssl=1 300w, https:\/\/i0.wp.com\/www.avdavigevano.com\/TEST\/wp-content\/uploads\/2024\/10\/Giorgi-Silvia-CRE-26_07_2024_2.png?resize=1024%2C683&amp;ssl=1 1024w, https:\/\/i0.wp.com\/www.avdavigevano.com\/TEST\/wp-content\/uploads\/2024\/10\/Giorgi-Silvia-CRE-26_07_2024_2.png?resize=768%2C512&amp;ssl=1 768w, https:\/\/i0.wp.com\/www.avdavigevano.com\/TEST\/wp-content\/uploads\/2024\/10\/Giorgi-Silvia-CRE-26_07_2024_2.png?resize=1536%2C1024&amp;ssl=1 1536w, https:\/\/i0.wp.com\/www.avdavigevano.com\/TEST\/wp-content\/uploads\/2024\/10\/Giorgi-Silvia-CRE-26_07_2024_2.png?resize=2048%2C1365&amp;ssl=1 2048w, https:\/\/i0.wp.com\/www.avdavigevano.com\/TEST\/wp-content\/uploads\/2024\/10\/Giorgi-Silvia-CRE-26_07_2024_2.png?w=3000 3000w\" sizes=\"auto, (max-width: 1000px) 100vw, 1000px\" \/><\/a><p id=\"caption-attachment-2040\" class=\"wp-caption-text\">SAR ed Aurora ben visibili &#8211; Immagine ripresa da Giorgi Silvia<\/p><\/div>\n","protected":false},"excerpt":{"rendered":"<p>Una tempesta geomagnetica di potenza G4 (Severe) ha interessato il nostro pianeta nelle giornate tra il 10 e l\u201911 ottobre. Il \u201ccolpevole\u201d di questi eventi, ricordiamolo, \u00e8 il Sole; pi\u00f9 precisamente, per quanto riguarda questo specifico evento, la sua regione attiva AR3848, che he emesso nelle giornate precedenti alla tempesta&#46;&#46;&#46;<\/p>\n","protected":false},"author":7,"featured_media":2042,"comment_status":"open","ping_status":"open","sticky":false,"template":"","format":"standard","meta":{"_monsterinsights_skip_tracking":false,"_monsterinsights_sitenote_active":false,"_monsterinsights_sitenote_note":"","_monsterinsights_sitenote_category":0,"jetpack_post_was_ever_published":false,"_jetpack_newsletter_access":"","_jetpack_dont_email_post_to_subs":false,"_jetpack_newsletter_tier_id":0,"_jetpack_memberships_contains_paywalled_content":false,"_jetpack_memberships_contains_paid_content":false,"footnotes":""},"categories":[65],"tags":[133,124],"class_list":["post-2039","post","type-post","status-publish","format-standard","has-post-thumbnail","hentry","category-articoli","tag-aurora","tag-sar"],"jetpack_featured_media_url":"https:\/\/i0.wp.com\/www.avdavigevano.com\/TEST\/wp-content\/uploads\/2024\/10\/Nuovo-evento-di-aurora-boreale-e-SAR.png?fit=600%2C170&ssl=1","jetpack_sharing_enabled":true,"jetpack_shortlink":"https:\/\/wp.me\/p9jymR-wT","jetpack_likes_enabled":true,"_links":{"self":[{"href":"https:\/\/www.avdavigevano.com\/index.php?rest_route=\/wp\/v2\/posts\/2039","targetHints":{"allow":["GET"]}}],"collection":[{"href":"https:\/\/www.avdavigevano.com\/index.php?rest_route=\/wp\/v2\/posts"}],"about":[{"href":"https:\/\/www.avdavigevano.com\/index.php?rest_route=\/wp\/v2\/types\/post"}],"author":[{"embeddable":true,"href":"https:\/\/www.avdavigevano.com\/index.php?rest_route=\/wp\/v2\/users\/7"}],"replies":[{"embeddable":true,"href":"https:\/\/www.avdavigevano.com\/index.php?rest_route=%2Fwp%2Fv2%2Fcomments&post=2039"}],"version-history":[{"count":4,"href":"https:\/\/www.avdavigevano.com\/index.php?rest_route=\/wp\/v2\/posts\/2039\/revisions"}],"predecessor-version":[{"id":2046,"href":"https:\/\/www.avdavigevano.com\/index.php?rest_route=\/wp\/v2\/posts\/2039\/revisions\/2046"}],"wp:featuredmedia":[{"embeddable":true,"href":"https:\/\/www.avdavigevano.com\/index.php?rest_route=\/wp\/v2\/media\/2042"}],"wp:attachment":[{"href":"https:\/\/www.avdavigevano.com\/index.php?rest_route=%2Fwp%2Fv2%2Fmedia&parent=2039"}],"wp:term":[{"taxonomy":"category","embeddable":true,"href":"https:\/\/www.avdavigevano.com\/index.php?rest_route=%2Fwp%2Fv2%2Fcategories&post=2039"},{"taxonomy":"post_tag","embeddable":true,"href":"https:\/\/www.avdavigevano.com\/index.php?rest_route=%2Fwp%2Fv2%2Ftags&post=2039"}],"curies":[{"name":"wp","href":"https:\/\/api.w.org\/{rel}","templated":true}]}}