{"id":1996,"date":"2024-09-27T10:00:05","date_gmt":"2024-09-27T08:00:05","guid":{"rendered":"https:\/\/www.avdavigevano.com\/?p=1996"},"modified":"2024-09-26T20:34:02","modified_gmt":"2024-09-26T18:34:02","slug":"l-evento-del-mese-c-2023-a3-sara-la-prossima-grande-cometa","status":"publish","type":"post","link":"https:\/\/www.avdavigevano.com\/?p=1996","title":{"rendered":"L\u2019 EVENTO DEL MESE:\u00a0 C\/2023 A3 sar\u00e0 la prossima grande Cometa?"},"content":{"rendered":"<p>La storia passata, anche quella pi\u00f9 o meno recente, \u00e8 piena di sorprese, a volte positive, altre negative. Cos\u00ec, alcune comete che sembravano destinate a dare spettacolo si sono rivelate meno appariscenti del previsto. Altre, invece, magari per via di un <em>outburst<\/em> inatteso, si sono rese facilmente osservabile a occhio nudo o con un piccolo binocolo. \u00c8 il caso, per esempio, della cometa periodica 17P\/Holmes, che si rese improvvisamente visibile anche senza strumenti alla fine del 2007.<\/p>\n<p><strong>C\/2023 A3<\/strong>, nota anche come <strong>Tsuchinshan-Atlas<\/strong> e ribattezzata \u201c<strong>la cometa del secolo<\/strong>\u201d, apparir\u00e0 in tutto il suo splendore nel cielo nei mesi di <strong>settembre e ottobre 2024<\/strong>. Per le sue caratteristiche, gli astronomi ritengono che sar\u00e0 <strong>eccezionalmente luminosa<\/strong>, quanto la cometa di Halley nel 1986 o Neowise nel 2020.<\/p>\n<p><a href=\"https:\/\/i0.wp.com\/www.avdavigevano.com\/TEST\/wp-content\/uploads\/2024\/09\/240927-Anatomia-di-una-cometa.jpg\" target=\"_blank\" rel=\"noopener\"><img data-recalc-dims=\"1\" loading=\"lazy\" decoding=\"async\" data-attachment-id=\"1998\" data-permalink=\"https:\/\/www.avdavigevano.com\/?attachment_id=1998\" data-orig-file=\"https:\/\/i0.wp.com\/www.avdavigevano.com\/TEST\/wp-content\/uploads\/2024\/09\/240927-Anatomia-di-una-cometa.jpg?fit=666%2C446&amp;ssl=1\" data-orig-size=\"666,446\" data-comments-opened=\"1\" data-image-meta=\"{&quot;aperture&quot;:&quot;0&quot;,&quot;credit&quot;:&quot;&quot;,&quot;camera&quot;:&quot;&quot;,&quot;caption&quot;:&quot;&quot;,&quot;created_timestamp&quot;:&quot;0&quot;,&quot;copyright&quot;:&quot;&quot;,&quot;focal_length&quot;:&quot;0&quot;,&quot;iso&quot;:&quot;0&quot;,&quot;shutter_speed&quot;:&quot;0&quot;,&quot;title&quot;:&quot;&quot;,&quot;orientation&quot;:&quot;1&quot;}\" data-image-title=\"240927 &amp;#8211; Anatomia di una cometa\" data-image-description=\"\" data-image-caption=\"\" data-large-file=\"https:\/\/i0.wp.com\/www.avdavigevano.com\/TEST\/wp-content\/uploads\/2024\/09\/240927-Anatomia-di-una-cometa.jpg?fit=666%2C446&amp;ssl=1\" class=\"aligncenter wp-image-1998 size-full\" src=\"https:\/\/i0.wp.com\/www.avdavigevano.com\/TEST\/wp-content\/uploads\/2024\/09\/240927-Anatomia-di-una-cometa.jpg?resize=666%2C446\" alt=\"\" width=\"666\" height=\"446\" srcset=\"https:\/\/i0.wp.com\/www.avdavigevano.com\/TEST\/wp-content\/uploads\/2024\/09\/240927-Anatomia-di-una-cometa.jpg?w=666&amp;ssl=1 666w, https:\/\/i0.wp.com\/www.avdavigevano.com\/TEST\/wp-content\/uploads\/2024\/09\/240927-Anatomia-di-una-cometa.jpg?resize=300%2C201&amp;ssl=1 300w\" sizes=\"auto, (max-width: 666px) 100vw, 666px\" \/><\/a><\/p>\n<p>La cometa proveniente da un luogo gelido e remoto del Sistema solare \u2013 chiamato <strong>Nube di Oort<\/strong> \u2013 sta infatti per affrontare l&#8217;esame pi\u00f9 difficile del suo ciclo vitale: venerd\u00ec 27 settembre si trover\u00e0 al perielio (la minima distanza dal Sole), a circa 58,6 milioni di chilometri dalla stella. \u00c8 pi\u00f9 o meno la distanza media del pianeta Mercurio. Questo incontro ravvicinato potrebbe essere letale per la cometa C\/2023 A3; il calore e il conseguente processo di sublimazione, in associazione con la gravit\u00e0, potrebbero infatti disgregare il nucleo cometario e distruggerla. Non \u00e8 possibile fare previsioni perch\u00e9 non siamo innanzi a una cometa periodica, dunque con un comportamento prevedibile. Il corpo celeste passer\u00e0 solo una volta vicino al cuore del Sistema Solare, per poi essere espulsa per sempre nello spazio profondo.<\/p>\n<p>C\/2023 A3 briller\u00e0 <strong>nel cielo dell&#8217;emisfero settentrionale a partire dal 27 settembre<\/strong> e rimarr\u00e0 visibile <strong>fino all&#8217;ultima settimana di ottobre<\/strong>. Durante questo periodo, la cometa raggiunger\u00e0 la sua distanza minima dal Sole, prima di iniziare il suo viaggio di ritorno fuori dal sistema solare. Secondo il blog specializzato <em>Cometography<\/em>, il giorno in cui C\/2023 A3 briller\u00e0 di pi\u00f9 sar\u00e0 il <strong>2 ottobre<\/strong>, quando la coda della cometa sar\u00e0 lunga e spettacolare a causa della sua vicinanza al Sole.<\/p>\n<p><a href=\"https:\/\/i0.wp.com\/www.avdavigevano.com\/TEST\/wp-content\/uploads\/2024\/09\/240927-C2023-A3-Percorso-nel-cielo.jpg\" target=\"_blank\" rel=\"noopener\"><img data-recalc-dims=\"1\" loading=\"lazy\" decoding=\"async\" data-attachment-id=\"1997\" data-permalink=\"https:\/\/www.avdavigevano.com\/?attachment_id=1997\" data-orig-file=\"https:\/\/i0.wp.com\/www.avdavigevano.com\/TEST\/wp-content\/uploads\/2024\/09\/240927-C2023-A3-Percorso-nel-cielo.jpg?fit=1540%2C311&amp;ssl=1\" data-orig-size=\"1540,311\" data-comments-opened=\"1\" data-image-meta=\"{&quot;aperture&quot;:&quot;0&quot;,&quot;credit&quot;:&quot;&quot;,&quot;camera&quot;:&quot;&quot;,&quot;caption&quot;:&quot;&quot;,&quot;created_timestamp&quot;:&quot;0&quot;,&quot;copyright&quot;:&quot;&quot;,&quot;focal_length&quot;:&quot;0&quot;,&quot;iso&quot;:&quot;0&quot;,&quot;shutter_speed&quot;:&quot;0&quot;,&quot;title&quot;:&quot;&quot;,&quot;orientation&quot;:&quot;1&quot;}\" data-image-title=\"240927 &amp;#8211; C2023 A3 Percorso nel cielo\" data-image-description=\"\" data-image-caption=\"\" data-large-file=\"https:\/\/i0.wp.com\/www.avdavigevano.com\/TEST\/wp-content\/uploads\/2024\/09\/240927-C2023-A3-Percorso-nel-cielo.jpg?fit=1024%2C207&amp;ssl=1\" class=\"aligncenter wp-image-1997 size-full\" src=\"https:\/\/i0.wp.com\/www.avdavigevano.com\/TEST\/wp-content\/uploads\/2024\/09\/240927-C2023-A3-Percorso-nel-cielo.jpg?resize=1540%2C311\" alt=\"\" width=\"1540\" height=\"311\" srcset=\"https:\/\/i0.wp.com\/www.avdavigevano.com\/TEST\/wp-content\/uploads\/2024\/09\/240927-C2023-A3-Percorso-nel-cielo.jpg?w=1540&amp;ssl=1 1540w, https:\/\/i0.wp.com\/www.avdavigevano.com\/TEST\/wp-content\/uploads\/2024\/09\/240927-C2023-A3-Percorso-nel-cielo.jpg?resize=300%2C61&amp;ssl=1 300w, https:\/\/i0.wp.com\/www.avdavigevano.com\/TEST\/wp-content\/uploads\/2024\/09\/240927-C2023-A3-Percorso-nel-cielo.jpg?resize=1024%2C207&amp;ssl=1 1024w, https:\/\/i0.wp.com\/www.avdavigevano.com\/TEST\/wp-content\/uploads\/2024\/09\/240927-C2023-A3-Percorso-nel-cielo.jpg?resize=768%2C155&amp;ssl=1 768w, https:\/\/i0.wp.com\/www.avdavigevano.com\/TEST\/wp-content\/uploads\/2024\/09\/240927-C2023-A3-Percorso-nel-cielo.jpg?resize=1536%2C310&amp;ssl=1 1536w\" sizes=\"auto, (max-width: 1000px) 100vw, 1000px\" \/><\/a><\/p>\n<p>Grazie alla distanza ridotta dalla nostra stella madre, la cometa si comporter\u00e0 in modo simile a Mercurio e Venere: sar\u00e0 visibile vicino all&#8217;orizzonte, nel percorso del sole e poco prima dell&#8217;alba. Una finestra appropriata per ammirarla sar\u00e0 <strong>tra le 5 e le 7 del mattino a partire dal 27 settembre nella costellazione della Vergine<\/strong>. Con l&#8217;avanzare del mese di ottobre, C\/2023 A3 elever\u00e0 la sua posizione rispetto all&#8217;orizzonte e allo stesso tempo perder\u00e0 luminosit\u00e0. Il 12 ottobre la C\/2023 A3 sar\u00e0 alla minima distanza dalla Terra, pari a circa 71 milioni di km. Da allora, giorno dopo giorno, la C\/2023 A3 sar\u00e0 via via meglio collocata in cielo e attraverser\u00e0 le costellazioni della Vergine, del Serpente e di Ofiuco. Intorno al 15 ottobre dovrebbe essere possibile ottenere la visione migliore tra luminosit\u00e0 della cometa e sua posizione nel cielo.<\/p>\n<p><strong>\u00a0<\/strong>Poich\u00e9 Tsuchinshan-Atlas \u00e8 un corpo a lunga orbita <strong>non apparir\u00e0 di nuovo nei nostri cieli per decine di migliaia di anni<\/strong>.<\/p>\n<div id=\"attachment_2002\" style=\"width: 933px\" class=\"wp-caption aligncenter\"><a href=\"https:\/\/i0.wp.com\/www.avdavigevano.com\/TEST\/wp-content\/uploads\/2024\/09\/ADE25505-4FE9-4FF5-8EA3-5753CE38A11A_1_105_c.jpeg\" target=\"_blank\" rel=\"noopener\"><img data-recalc-dims=\"1\" loading=\"lazy\" decoding=\"async\" aria-describedby=\"caption-attachment-2002\" data-attachment-id=\"2002\" data-permalink=\"https:\/\/www.avdavigevano.com\/?attachment_id=2002\" data-orig-file=\"https:\/\/i0.wp.com\/www.avdavigevano.com\/TEST\/wp-content\/uploads\/2024\/09\/ADE25505-4FE9-4FF5-8EA3-5753CE38A11A_1_105_c.jpeg?fit=923%2C851&amp;ssl=1\" data-orig-size=\"923,851\" data-comments-opened=\"1\" data-image-meta=\"{&quot;aperture&quot;:&quot;0&quot;,&quot;credit&quot;:&quot;&quot;,&quot;camera&quot;:&quot;&quot;,&quot;caption&quot;:&quot;&quot;,&quot;created_timestamp&quot;:&quot;0&quot;,&quot;copyright&quot;:&quot;&quot;,&quot;focal_length&quot;:&quot;0&quot;,&quot;iso&quot;:&quot;0&quot;,&quot;shutter_speed&quot;:&quot;0&quot;,&quot;title&quot;:&quot;&quot;,&quot;orientation&quot;:&quot;1&quot;}\" data-image-title=\"ADE25505-4FE9-4FF5-8EA3-5753CE38A11A_1_105_c\" data-image-description=\"\" data-image-caption=\"\" data-large-file=\"https:\/\/i0.wp.com\/www.avdavigevano.com\/TEST\/wp-content\/uploads\/2024\/09\/ADE25505-4FE9-4FF5-8EA3-5753CE38A11A_1_105_c.jpeg?fit=923%2C851&amp;ssl=1\" class=\"wp-image-2002 size-full\" src=\"https:\/\/i0.wp.com\/www.avdavigevano.com\/TEST\/wp-content\/uploads\/2024\/09\/ADE25505-4FE9-4FF5-8EA3-5753CE38A11A_1_105_c.jpeg?resize=923%2C851\" alt=\"Percorso della cometa C\/2023 A3 nel cielo di Ototbre '24\" width=\"923\" height=\"851\" srcset=\"https:\/\/i0.wp.com\/www.avdavigevano.com\/TEST\/wp-content\/uploads\/2024\/09\/ADE25505-4FE9-4FF5-8EA3-5753CE38A11A_1_105_c.jpeg?w=923&amp;ssl=1 923w, https:\/\/i0.wp.com\/www.avdavigevano.com\/TEST\/wp-content\/uploads\/2024\/09\/ADE25505-4FE9-4FF5-8EA3-5753CE38A11A_1_105_c.jpeg?resize=300%2C277&amp;ssl=1 300w, https:\/\/i0.wp.com\/www.avdavigevano.com\/TEST\/wp-content\/uploads\/2024\/09\/ADE25505-4FE9-4FF5-8EA3-5753CE38A11A_1_105_c.jpeg?resize=768%2C708&amp;ssl=1 768w\" sizes=\"auto, (max-width: 923px) 100vw, 923px\" \/><\/a><p id=\"caption-attachment-2002\" class=\"wp-caption-text\">Percorso della cometa C\/2023 A3 nel cielo di Ototbre &#8217;24<\/p><\/div>\n","protected":false},"excerpt":{"rendered":"<p>La storia passata, anche quella pi\u00f9 o meno recente, \u00e8 piena di sorprese, a volte positive, altre negative. Cos\u00ec, alcune comete che sembravano destinate a dare spettacolo si sono rivelate meno appariscenti del previsto. Altre, invece, magari per via di un outburst inatteso, si sono rese facilmente osservabile a occhio&#46;&#46;&#46;<\/p>\n","protected":false},"author":5,"featured_media":477,"comment_status":"open","ping_status":"open","sticky":false,"template":"","format":"standard","meta":{"_monsterinsights_skip_tracking":false,"_monsterinsights_sitenote_active":false,"_monsterinsights_sitenote_note":"","_monsterinsights_sitenote_category":0,"jetpack_post_was_ever_published":false,"_jetpack_newsletter_access":"","_jetpack_dont_email_post_to_subs":false,"_jetpack_newsletter_tier_id":0,"_jetpack_memberships_contains_paywalled_content":false,"_jetpack_memberships_contains_paid_content":false,"footnotes":""},"categories":[65,12,8],"tags":[81],"class_list":["post-1996","post","type-post","status-publish","format-standard","has-post-thumbnail","hentry","category-articoli","category-calendario","category-eventi","tag-comete"],"jetpack_featured_media_url":"https:\/\/i0.wp.com\/www.avdavigevano.com\/TEST\/wp-content\/uploads\/2018\/01\/banner_news-in-evidenza.jpg?fit=720%2C200&ssl=1","jetpack_sharing_enabled":true,"jetpack_shortlink":"https:\/\/wp.me\/p9jymR-wc","jetpack_likes_enabled":true,"_links":{"self":[{"href":"https:\/\/www.avdavigevano.com\/index.php?rest_route=\/wp\/v2\/posts\/1996","targetHints":{"allow":["GET"]}}],"collection":[{"href":"https:\/\/www.avdavigevano.com\/index.php?rest_route=\/wp\/v2\/posts"}],"about":[{"href":"https:\/\/www.avdavigevano.com\/index.php?rest_route=\/wp\/v2\/types\/post"}],"author":[{"embeddable":true,"href":"https:\/\/www.avdavigevano.com\/index.php?rest_route=\/wp\/v2\/users\/5"}],"replies":[{"embeddable":true,"href":"https:\/\/www.avdavigevano.com\/index.php?rest_route=%2Fwp%2Fv2%2Fcomments&post=1996"}],"version-history":[{"count":3,"href":"https:\/\/www.avdavigevano.com\/index.php?rest_route=\/wp\/v2\/posts\/1996\/revisions"}],"predecessor-version":[{"id":2003,"href":"https:\/\/www.avdavigevano.com\/index.php?rest_route=\/wp\/v2\/posts\/1996\/revisions\/2003"}],"wp:featuredmedia":[{"embeddable":true,"href":"https:\/\/www.avdavigevano.com\/index.php?rest_route=\/wp\/v2\/media\/477"}],"wp:attachment":[{"href":"https:\/\/www.avdavigevano.com\/index.php?rest_route=%2Fwp%2Fv2%2Fmedia&parent=1996"}],"wp:term":[{"taxonomy":"category","embeddable":true,"href":"https:\/\/www.avdavigevano.com\/index.php?rest_route=%2Fwp%2Fv2%2Fcategories&post=1996"},{"taxonomy":"post_tag","embeddable":true,"href":"https:\/\/www.avdavigevano.com\/index.php?rest_route=%2Fwp%2Fv2%2Ftags&post=1996"}],"curies":[{"name":"wp","href":"https:\/\/api.w.org\/{rel}","templated":true}]}}