{"id":1955,"date":"2024-09-09T10:00:09","date_gmt":"2024-09-09T08:00:09","guid":{"rendered":"https:\/\/www.avdavigevano.com\/?p=1955"},"modified":"2025-07-23T12:45:16","modified_gmt":"2025-07-23T10:45:16","slug":"programma-conferenze-ed-osservazioni-2024-25","status":"publish","type":"post","link":"https:\/\/www.avdavigevano.com\/?p=1955","title":{"rendered":"Programma conferenze ed osservazioni 2024-25 &#8211; Aggiornamento del 09\/06\/2025"},"content":{"rendered":"<p><span style=\"color: #800000;\"><strong>AGGIORNAEMNTO DEL 09\/06\/2025: La conferenza fissata per il 9 luglio 2025 tenuta da Ganluigi sulla Cosmologia, verr\u00e0 divisa in due parti.<br \/>\nLa <em>prima parte sar\u00e0 presentata mercoled\u00ec 2 luglio<\/em> e la <em>seconda parte mercoled\u00ec 9 luglio 2025<\/em> entrambe presso la Biblioteca dei Ragazzi.<\/strong><\/span><\/p>\n<p>L&#8217;Associazione Vigevanese Divulgazione Astronomica (A.V.D.A.), fondata nel 1996 da un gruppo di appassionati con l\u2019obiettivo di promuovere la conoscenza dell&#8217;astronomia, ha da sempre offerto un&#8217;ampia gamma di attivit\u00e0 rivolte al pubblico.<br \/>\nAnche per la stagione 2024\/25, A.V.D.A. ha organizzato un ciclo di conferenze che si terranno presso la Biblioteca dei Ragazzi, con appuntamenti mensili a partire dal 16 ottobre.<\/p>\n<p>Le conferenze, completamente gratuite e aperte a tutti, spazieranno tra diversi temi legati all\u2019astronomia e alla scienza del cielo, con relatori esperti che guideranno i partecipanti alla scoperta di fenomeni celesti, esplorazioni spaziali e curiosit\u00e0 scientifiche.<br \/>\nOgni incontro sar\u00e0 un&#8217;occasione per appassionati, famiglie e curiosi di approfondire le proprie conoscenze in un ambiente accogliente e divulgativo.<br \/>\nUn&#8217;opportunit\u00e0 per riscoprire la meraviglia del cielo, e magari alimentare la passione per l&#8217;astronomia.<br \/>\nNon mancate agli appuntamenti!<\/p>\n<p><a href=\"http:\/\/www.avdavigevano.com\/TEST\/wp-content\/uploads\/2025\/06\/2024-25-OTT-LUG.pdf\" target=\"_blank\" rel=\"attachment noopener wp-att-1956\">Link al file pdf con il programma per la stagione che parte ad ottobre 2024 e finisce a luglio 2025: 2024-25 OTT-LUG<\/a><\/p>\n<p><a href=\"https:\/\/i0.wp.com\/www.avdavigevano.com\/TEST\/wp-content\/uploads\/2025\/06\/2024-25-OTT-LUG.jpg\" target=\"_blank\" rel=\"noopener\"><img data-recalc-dims=\"1\" loading=\"lazy\" decoding=\"async\" data-attachment-id=\"2383\" data-permalink=\"https:\/\/www.avdavigevano.com\/?attachment_id=2383\" data-orig-file=\"https:\/\/i0.wp.com\/www.avdavigevano.com\/TEST\/wp-content\/uploads\/2025\/06\/2024-25-OTT-LUG.jpg?fit=1370%2C1932&amp;ssl=1\" data-orig-size=\"1370,1932\" data-comments-opened=\"1\" data-image-meta=\"{&quot;aperture&quot;:&quot;0&quot;,&quot;credit&quot;:&quot;&quot;,&quot;camera&quot;:&quot;&quot;,&quot;caption&quot;:&quot;&quot;,&quot;created_timestamp&quot;:&quot;0&quot;,&quot;copyright&quot;:&quot;&quot;,&quot;focal_length&quot;:&quot;0&quot;,&quot;iso&quot;:&quot;0&quot;,&quot;shutter_speed&quot;:&quot;0&quot;,&quot;title&quot;:&quot;&quot;,&quot;orientation&quot;:&quot;0&quot;}\" data-image-title=\"2024-25-OTT-LUG\" data-image-description=\"\" data-image-caption=\"\" data-large-file=\"https:\/\/i0.wp.com\/www.avdavigevano.com\/TEST\/wp-content\/uploads\/2025\/06\/2024-25-OTT-LUG.jpg?fit=726%2C1024&amp;ssl=1\" class=\"aligncenter wp-image-2383 size-full\" src=\"https:\/\/i0.wp.com\/www.avdavigevano.com\/TEST\/wp-content\/uploads\/2025\/06\/2024-25-OTT-LUG.jpg?resize=1370%2C1932\" alt=\"\" width=\"1370\" height=\"1932\" srcset=\"https:\/\/i0.wp.com\/www.avdavigevano.com\/TEST\/wp-content\/uploads\/2025\/06\/2024-25-OTT-LUG.jpg?w=1370&amp;ssl=1 1370w, https:\/\/i0.wp.com\/www.avdavigevano.com\/TEST\/wp-content\/uploads\/2025\/06\/2024-25-OTT-LUG.jpg?resize=213%2C300&amp;ssl=1 213w, https:\/\/i0.wp.com\/www.avdavigevano.com\/TEST\/wp-content\/uploads\/2025\/06\/2024-25-OTT-LUG.jpg?resize=726%2C1024&amp;ssl=1 726w, https:\/\/i0.wp.com\/www.avdavigevano.com\/TEST\/wp-content\/uploads\/2025\/06\/2024-25-OTT-LUG.jpg?resize=768%2C1083&amp;ssl=1 768w, https:\/\/i0.wp.com\/www.avdavigevano.com\/TEST\/wp-content\/uploads\/2025\/06\/2024-25-OTT-LUG.jpg?resize=1089%2C1536&amp;ssl=1 1089w\" sizes=\"auto, (max-width: 1000px) 100vw, 1000px\" \/><\/a><\/p>\n","protected":false},"excerpt":{"rendered":"<p>AGGIORNAEMNTO DEL 09\/06\/2025: La conferenza fissata per il 9 luglio 2025 tenuta da Ganluigi sulla Cosmologia, verr\u00e0 divisa in due parti. La prima parte sar\u00e0 presentata mercoled\u00ec 2 luglio e la seconda parte mercoled\u00ec 9 luglio 2025 entrambe presso la Biblioteca dei Ragazzi. L&#8217;Associazione Vigevanese Divulgazione Astronomica (A.V.D.A.), fondata nel&#46;&#46;&#46;<\/p>\n","protected":false},"author":1,"featured_media":479,"comment_status":"open","ping_status":"open","sticky":false,"template":"","format":"standard","meta":{"_monsterinsights_skip_tracking":false,"_monsterinsights_sitenote_active":false,"_monsterinsights_sitenote_note":"","_monsterinsights_sitenote_category":0,"jetpack_post_was_ever_published":false,"_jetpack_newsletter_access":"","_jetpack_dont_email_post_to_subs":false,"_jetpack_newsletter_tier_id":0,"_jetpack_memberships_contains_paywalled_content":false,"_jetpack_memberships_contains_paid_content":false,"footnotes":""},"categories":[12,31,8],"tags":[19,28,13,131],"class_list":["post-1955","post","type-post","status-publish","format-standard","has-post-thumbnail","hentry","category-calendario","category-conferenze","category-eventi","tag-conferenze","tag-osservazione","tag-presentazioni","tag-programma"],"jetpack_featured_media_url":"https:\/\/i0.wp.com\/www.avdavigevano.com\/TEST\/wp-content\/uploads\/2018\/01\/banner_programma_annuale.jpg?fit=720%2C200&ssl=1","jetpack_sharing_enabled":true,"jetpack_shortlink":"https:\/\/wp.me\/p9jymR-vx","jetpack_likes_enabled":true,"_links":{"self":[{"href":"https:\/\/www.avdavigevano.com\/index.php?rest_route=\/wp\/v2\/posts\/1955","targetHints":{"allow":["GET"]}}],"collection":[{"href":"https:\/\/www.avdavigevano.com\/index.php?rest_route=\/wp\/v2\/posts"}],"about":[{"href":"https:\/\/www.avdavigevano.com\/index.php?rest_route=\/wp\/v2\/types\/post"}],"author":[{"embeddable":true,"href":"https:\/\/www.avdavigevano.com\/index.php?rest_route=\/wp\/v2\/users\/1"}],"replies":[{"embeddable":true,"href":"https:\/\/www.avdavigevano.com\/index.php?rest_route=%2Fwp%2Fv2%2Fcomments&post=1955"}],"version-history":[{"count":9,"href":"https:\/\/www.avdavigevano.com\/index.php?rest_route=\/wp\/v2\/posts\/1955\/revisions"}],"predecessor-version":[{"id":1960,"href":"https:\/\/www.avdavigevano.com\/index.php?rest_route=\/wp\/v2\/posts\/1955\/revisions\/1960"}],"wp:featuredmedia":[{"embeddable":true,"href":"https:\/\/www.avdavigevano.com\/index.php?rest_route=\/wp\/v2\/media\/479"}],"wp:attachment":[{"href":"https:\/\/www.avdavigevano.com\/index.php?rest_route=%2Fwp%2Fv2%2Fmedia&parent=1955"}],"wp:term":[{"taxonomy":"category","embeddable":true,"href":"https:\/\/www.avdavigevano.com\/index.php?rest_route=%2Fwp%2Fv2%2Fcategories&post=1955"},{"taxonomy":"post_tag","embeddable":true,"href":"https:\/\/www.avdavigevano.com\/index.php?rest_route=%2Fwp%2Fv2%2Ftags&post=1955"}],"curies":[{"name":"wp","href":"https:\/\/api.w.org\/{rel}","templated":true}]}}