{"id":1953,"date":"2024-12-04T10:00:24","date_gmt":"2024-12-04T09:00:24","guid":{"rendered":"https:\/\/www.avdavigevano.com\/?p=1953"},"modified":"2025-01-25T14:48:27","modified_gmt":"2025-01-25T13:48:27","slug":"le-stelle-e-la-stella-dei-magi","status":"publish","type":"post","link":"https:\/\/www.avdavigevano.com\/?p=1953","title":{"rendered":"Le stelle e la stella dei Magi"},"content":{"rendered":"<p>La Biblioteca dei Ragazzi \u00e8 lieta di presentare la conferenza &#8220;Le stelle e la stella dei Magi&#8221;, un viaggio affascinante tra scienza, storia e leggenda. Durante l&#8217;incontro, esploreremo il legame tra l&#8217;astronomia e la tradizione, con un approfondimento particolare sulla celebre &#8220;stella di Betlemme&#8221; che, secondo il racconto evangelico, guid\u00f2 i Magi verso la nascita di Ges\u00f9.<\/p>\n<p>Il relatore illustrer\u00e0 le diverse ipotesi scientifiche che cercano di spiegare questo fenomeno: potrebbe essere stata una cometa, una congiunzione planetaria o un evento astronomico raro che affascin\u00f2 gli antichi osservatori del cielo. La conferenza non si limiter\u00e0 alla stella dei Magi, ma offrir\u00e0 anche uno sguardo sulle conoscenze astronomiche dei popoli antichi, evidenziando come le stelle abbiano sempre influenzato miti e credenze in molte culture.<\/p>\n<p>Attraverso immagini, ricostruzioni storiche e modelli astronomici, i partecipanti verranno coinvolti in una riflessione sul ruolo simbolico e scientifico degli astri nella storia dell&#8217;umanit\u00e0. Un&#8217;occasione unica per grandi e piccoli per scoprire come il cielo abbia sempre ispirato l\u2019uomo, dalla scienza alla religione.<\/p>\n<p><strong>&#8220;Le stelle e la stella dei Magi&#8221;, sar\u00e0 il tema della conferenza tenuta dal nostro socio Gianluigi, che si terr\u00e0 presso la Biblioteca dei Ragazzi, sede dell\u2019AVDA, mercoled\u00ec 18 dicembre 2024 alle ore 21.15.<br \/>\nAl termine della conferenza ci scambieremo gli auguri di Natale!<br \/>\n<\/strong><\/p>\n<p><strong>L&#8217;incontro \u00e8 gratuito ed aperto a tutti, ti aspettiamo!<\/strong><\/p>\n<p><iframe loading=\"lazy\" title=\"YouTube video player\" src=\"https:\/\/www.youtube.com\/embed\/Tr-OcmYPlrk\" width=\"560\" height=\"315\" frameborder=\"0\" allowfullscreen=\"allowfullscreen\"><\/iframe><\/p>\n<p><iframe loading=\"lazy\" title=\"YouTube video player\" src=\"https:\/\/www.youtube.com\/embed\/SapzGqNptmc\" width=\"560\" height=\"315\" frameborder=\"0\" allowfullscreen=\"allowfullscreen\"><\/iframe><\/p>\n","protected":false},"excerpt":{"rendered":"<p>La Biblioteca dei Ragazzi \u00e8 lieta di presentare la conferenza &#8220;Le stelle e la stella dei Magi&#8221;, un viaggio affascinante tra scienza, storia e leggenda. Durante l&#8217;incontro, esploreremo il legame tra l&#8217;astronomia e la tradizione, con un approfondimento particolare sulla celebre &#8220;stella di Betlemme&#8221; che, secondo il racconto evangelico, guid\u00f2&#46;&#46;&#46;<\/p>\n","protected":false},"author":1,"featured_media":475,"comment_status":"open","ping_status":"open","sticky":false,"template":"","format":"standard","meta":{"_monsterinsights_skip_tracking":false,"_monsterinsights_sitenote_active":false,"_monsterinsights_sitenote_note":"","_monsterinsights_sitenote_category":0,"jetpack_post_was_ever_published":false,"_jetpack_newsletter_access":"","_jetpack_dont_email_post_to_subs":false,"_jetpack_newsletter_tier_id":0,"_jetpack_memberships_contains_paywalled_content":false,"_jetpack_memberships_contains_paid_content":false,"footnotes":""},"categories":[31,8],"tags":[19,49,129,130],"class_list":["post-1953","post","type-post","status-publish","format-standard","has-post-thumbnail","hentry","category-conferenze","category-eventi","tag-conferenze","tag-costellazioni","tag-mitologia","tag-stelle"],"jetpack_featured_media_url":"https:\/\/i0.wp.com\/www.avdavigevano.com\/TEST\/wp-content\/uploads\/2018\/01\/banner_conferenze.jpg?fit=720%2C200&ssl=1","jetpack_sharing_enabled":true,"jetpack_shortlink":"https:\/\/wp.me\/p9jymR-vv","jetpack_likes_enabled":true,"_links":{"self":[{"href":"https:\/\/www.avdavigevano.com\/index.php?rest_route=\/wp\/v2\/posts\/1953","targetHints":{"allow":["GET"]}}],"collection":[{"href":"https:\/\/www.avdavigevano.com\/index.php?rest_route=\/wp\/v2\/posts"}],"about":[{"href":"https:\/\/www.avdavigevano.com\/index.php?rest_route=\/wp\/v2\/types\/post"}],"author":[{"embeddable":true,"href":"https:\/\/www.avdavigevano.com\/index.php?rest_route=\/wp\/v2\/users\/1"}],"replies":[{"embeddable":true,"href":"https:\/\/www.avdavigevano.com\/index.php?rest_route=%2Fwp%2Fv2%2Fcomments&post=1953"}],"version-history":[{"count":4,"href":"https:\/\/www.avdavigevano.com\/index.php?rest_route=\/wp\/v2\/posts\/1953\/revisions"}],"predecessor-version":[{"id":2112,"href":"https:\/\/www.avdavigevano.com\/index.php?rest_route=\/wp\/v2\/posts\/1953\/revisions\/2112"}],"wp:featuredmedia":[{"embeddable":true,"href":"https:\/\/www.avdavigevano.com\/index.php?rest_route=\/wp\/v2\/media\/475"}],"wp:attachment":[{"href":"https:\/\/www.avdavigevano.com\/index.php?rest_route=%2Fwp%2Fv2%2Fmedia&parent=1953"}],"wp:term":[{"taxonomy":"category","embeddable":true,"href":"https:\/\/www.avdavigevano.com\/index.php?rest_route=%2Fwp%2Fv2%2Fcategories&post=1953"},{"taxonomy":"post_tag","embeddable":true,"href":"https:\/\/www.avdavigevano.com\/index.php?rest_route=%2Fwp%2Fv2%2Ftags&post=1953"}],"curies":[{"name":"wp","href":"https:\/\/api.w.org\/{rel}","templated":true}]}}