{"id":1916,"date":"2024-07-02T12:00:06","date_gmt":"2024-07-02T10:00:06","guid":{"rendered":"https:\/\/www.avdavigevano.com\/?p=1916"},"modified":"2024-07-02T11:16:48","modified_gmt":"2024-07-02T09:16:48","slug":"5-luglio-la-terra-allafelio","status":"publish","type":"post","link":"https:\/\/www.avdavigevano.com\/?p=1916","title":{"rendered":"5 luglio: la Terra all\u2019afelio"},"content":{"rendered":"<p>Il 5 luglio, alle ore 5:07 UTC, la Terra si trover\u00e0 all\u2019afelio, ovvero alla massima distanza dal Sole.<br \/>\nPi\u00f9 precisamente, ci troveremo a 152.100.076 km di distanza dalla nostra stella.<\/p>\n<p>Ma quali sono gli effetti della Terra all\u2019afelio?<br \/>\nInnanzi tutto, trovandoci alla massima distanza dal Sole, la nostra stella risulter\u00e0 apparentemente pi\u00f9 piccola, anche se questa differenza non sar\u00e0 osservabile ad occhio nudo ma solo ed esclusivamente se il Sole viene ripreso tramite strumenti astronomici e sensori fotografici.<\/p>\n<p>Inoltre, la Terra si muover\u00e0 pi\u00f9 lentamente: dalla nostra prospettiva, quindi, il Sole sembrer\u00e0 spostarsi pi\u00f9 lentamente nel cielo.<\/p>\n<div style=\"width: 360px\" class=\"wp-caption aligncenter\"><a href=\"https:\/\/it.wikipedia.org\/wiki\/Afelio\" target=\"_blank\" rel=\"noopener\"><img loading=\"lazy\" decoding=\"async\" class=\"mw-file-element\" src=\"https:\/\/upload.wikimedia.org\/wikipedia\/commons\/thumb\/1\/16\/Afelio_Perielio_Sole_Terra.png\/350px-Afelio_Perielio_Sole_Terra.png\" alt=\"\" width=\"350\" height=\"262\" data-file-width=\"480\" data-file-height=\"359\" \/><\/a><p class=\"wp-caption-text\">I punti di perielio e afelio attraversati dall&#8217;orbita della Terra.<\/p><\/div>\n","protected":false},"excerpt":{"rendered":"<p>Il 5 luglio, alle ore 5:07 UTC, la Terra si trover\u00e0 all\u2019afelio, ovvero alla massima distanza dal Sole. Pi\u00f9 precisamente, ci troveremo a 152.100.076 km di distanza dalla nostra stella. Ma quali sono gli effetti della Terra all\u2019afelio? Innanzi tutto, trovandoci alla massima distanza dal Sole, la nostra stella risulter\u00e0&#46;&#46;&#46;<\/p>\n","protected":false},"author":1,"featured_media":473,"comment_status":"open","ping_status":"open","sticky":false,"template":"","format":"standard","meta":{"_monsterinsights_skip_tracking":false,"_monsterinsights_sitenote_active":false,"_monsterinsights_sitenote_note":"","_monsterinsights_sitenote_category":0,"jetpack_post_was_ever_published":false,"_jetpack_newsletter_access":"","_jetpack_dont_email_post_to_subs":false,"_jetpack_newsletter_tier_id":0,"_jetpack_memberships_contains_paywalled_content":false,"_jetpack_memberships_contains_paid_content":false,"footnotes":""},"categories":[65,12],"tags":[128,107],"class_list":["post-1916","post","type-post","status-publish","format-standard","has-post-thumbnail","hentry","category-articoli","category-calendario","tag-afelio","tag-terra"],"jetpack_featured_media_url":"https:\/\/i0.wp.com\/www.avdavigevano.com\/TEST\/wp-content\/uploads\/2018\/01\/banner_almanacco_mensile.jpg?fit=720%2C200&ssl=1","jetpack_sharing_enabled":true,"jetpack_shortlink":"https:\/\/wp.me\/p9jymR-uU","jetpack_likes_enabled":true,"_links":{"self":[{"href":"https:\/\/www.avdavigevano.com\/index.php?rest_route=\/wp\/v2\/posts\/1916","targetHints":{"allow":["GET"]}}],"collection":[{"href":"https:\/\/www.avdavigevano.com\/index.php?rest_route=\/wp\/v2\/posts"}],"about":[{"href":"https:\/\/www.avdavigevano.com\/index.php?rest_route=\/wp\/v2\/types\/post"}],"author":[{"embeddable":true,"href":"https:\/\/www.avdavigevano.com\/index.php?rest_route=\/wp\/v2\/users\/1"}],"replies":[{"embeddable":true,"href":"https:\/\/www.avdavigevano.com\/index.php?rest_route=%2Fwp%2Fv2%2Fcomments&post=1916"}],"version-history":[{"count":1,"href":"https:\/\/www.avdavigevano.com\/index.php?rest_route=\/wp\/v2\/posts\/1916\/revisions"}],"predecessor-version":[{"id":1917,"href":"https:\/\/www.avdavigevano.com\/index.php?rest_route=\/wp\/v2\/posts\/1916\/revisions\/1917"}],"wp:featuredmedia":[{"embeddable":true,"href":"https:\/\/www.avdavigevano.com\/index.php?rest_route=\/wp\/v2\/media\/473"}],"wp:attachment":[{"href":"https:\/\/www.avdavigevano.com\/index.php?rest_route=%2Fwp%2Fv2%2Fmedia&parent=1916"}],"wp:term":[{"taxonomy":"category","embeddable":true,"href":"https:\/\/www.avdavigevano.com\/index.php?rest_route=%2Fwp%2Fv2%2Fcategories&post=1916"},{"taxonomy":"post_tag","embeddable":true,"href":"https:\/\/www.avdavigevano.com\/index.php?rest_route=%2Fwp%2Fv2%2Ftags&post=1916"}],"curies":[{"name":"wp","href":"https:\/\/api.w.org\/{rel}","templated":true}]}}