{"id":1908,"date":"2024-09-11T10:00:10","date_gmt":"2024-09-11T08:00:10","guid":{"rendered":"https:\/\/www.avdavigevano.com\/?p=1908"},"modified":"2024-09-17T10:40:47","modified_gmt":"2024-09-17T08:40:47","slug":"18-settembre-eclissi-lunare-parziale","status":"publish","type":"post","link":"https:\/\/www.avdavigevano.com\/?p=1908","title":{"rendered":"18 settembre &#8211; Eclissi lunare parziale"},"content":{"rendered":"<p>Un&#8217;eclissi lunare parziale si verifica quando solo una parte del nostro satellite naturale entra nell&#8217;ombra.<br \/>\nNel caso del 18 settembre, l&#8217;area del disco lunare che entrer\u00e0 nell&#8217;ombra lo far\u00e0 in una percentuale molto piccola: sar\u00e0 quasi un&#8217;eclissi penombrale, e si potr\u00e0 osservare solo il disco lunare tingersi di un tono arancione o rossastro.<\/p>\n<div id=\"attachment_1909\" style=\"width: 1034px\" class=\"wp-caption aligncenter\"><a href=\"https:\/\/i0.wp.com\/www.avdavigevano.com\/TEST\/wp-content\/uploads\/2024\/07\/240918-Dati-Eclissi-parziale-di-Luna.png\" target=\"_blank\" rel=\"noopener\"><img data-recalc-dims=\"1\" loading=\"lazy\" decoding=\"async\" aria-describedby=\"caption-attachment-1909\" data-attachment-id=\"1909\" data-permalink=\"https:\/\/www.avdavigevano.com\/?attachment_id=1909\" data-orig-file=\"https:\/\/i0.wp.com\/www.avdavigevano.com\/TEST\/wp-content\/uploads\/2024\/07\/240918-Dati-Eclissi-parziale-di-Luna.png?fit=1688%2C518&amp;ssl=1\" data-orig-size=\"1688,518\" data-comments-opened=\"1\" data-image-meta=\"{&quot;aperture&quot;:&quot;0&quot;,&quot;credit&quot;:&quot;&quot;,&quot;camera&quot;:&quot;&quot;,&quot;caption&quot;:&quot;&quot;,&quot;created_timestamp&quot;:&quot;0&quot;,&quot;copyright&quot;:&quot;&quot;,&quot;focal_length&quot;:&quot;0&quot;,&quot;iso&quot;:&quot;0&quot;,&quot;shutter_speed&quot;:&quot;0&quot;,&quot;title&quot;:&quot;&quot;,&quot;orientation&quot;:&quot;0&quot;}\" data-image-title=\"240918 &amp;#8211; Dati Eclissi parziale di Luna\" data-image-description=\"\" data-image-caption=\"\" data-large-file=\"https:\/\/i0.wp.com\/www.avdavigevano.com\/TEST\/wp-content\/uploads\/2024\/07\/240918-Dati-Eclissi-parziale-di-Luna.png?fit=1024%2C314&amp;ssl=1\" class=\"wp-image-1909 size-large\" src=\"https:\/\/i0.wp.com\/www.avdavigevano.com\/TEST\/wp-content\/uploads\/2024\/07\/240918-Dati-Eclissi-parziale-di-Luna.png?resize=1024%2C314\" alt=\"\" width=\"1024\" height=\"314\" srcset=\"https:\/\/i0.wp.com\/www.avdavigevano.com\/TEST\/wp-content\/uploads\/2024\/07\/240918-Dati-Eclissi-parziale-di-Luna.png?resize=1024%2C314&amp;ssl=1 1024w, https:\/\/i0.wp.com\/www.avdavigevano.com\/TEST\/wp-content\/uploads\/2024\/07\/240918-Dati-Eclissi-parziale-di-Luna.png?resize=300%2C92&amp;ssl=1 300w, https:\/\/i0.wp.com\/www.avdavigevano.com\/TEST\/wp-content\/uploads\/2024\/07\/240918-Dati-Eclissi-parziale-di-Luna.png?resize=768%2C236&amp;ssl=1 768w, https:\/\/i0.wp.com\/www.avdavigevano.com\/TEST\/wp-content\/uploads\/2024\/07\/240918-Dati-Eclissi-parziale-di-Luna.png?resize=1536%2C471&amp;ssl=1 1536w, https:\/\/i0.wp.com\/www.avdavigevano.com\/TEST\/wp-content\/uploads\/2024\/07\/240918-Dati-Eclissi-parziale-di-Luna.png?w=1688&amp;ssl=1 1688w\" sizes=\"auto, (max-width: 1000px) 100vw, 1000px\" \/><\/a><p id=\"caption-attachment-1909\" class=\"wp-caption-text\">Dati eclissi parziale di Luna<\/p><\/div>\n<div id=\"attachment_1982\" style=\"width: 740px\" class=\"wp-caption aligncenter\"><a href=\"https:\/\/i0.wp.com\/www.avdavigevano.com\/TEST\/wp-content\/uploads\/2024\/09\/Peter-Zimnikoval-PartEcl24_1726422458_lg.gif\"><img data-recalc-dims=\"1\" loading=\"lazy\" decoding=\"async\" aria-describedby=\"caption-attachment-1982\" data-attachment-id=\"1982\" data-permalink=\"https:\/\/www.avdavigevano.com\/?attachment_id=1982\" data-orig-file=\"https:\/\/i0.wp.com\/www.avdavigevano.com\/TEST\/wp-content\/uploads\/2024\/09\/Peter-Zimnikoval-PartEcl24_1726422458_lg.gif?fit=730%2C438&amp;ssl=1\" data-orig-size=\"730,438\" data-comments-opened=\"1\" data-image-meta=\"{&quot;aperture&quot;:&quot;0&quot;,&quot;credit&quot;:&quot;&quot;,&quot;camera&quot;:&quot;&quot;,&quot;caption&quot;:&quot;&quot;,&quot;created_timestamp&quot;:&quot;0&quot;,&quot;copyright&quot;:&quot;&quot;,&quot;focal_length&quot;:&quot;0&quot;,&quot;iso&quot;:&quot;0&quot;,&quot;shutter_speed&quot;:&quot;0&quot;,&quot;title&quot;:&quot;&quot;,&quot;orientation&quot;:&quot;0&quot;}\" data-image-title=\"Peter-Zimnikoval-PartEcl24_1726422458_lg\" data-image-description=\"&lt;p&gt;Taken by Peter Zimnikoval on September 15, 2024 @ Banska Bystrica, Slovakia &lt;\/p&gt;\n\" data-image-caption=\"&lt;p&gt;Taken by Peter Zimnikoval on September 15, 2024 @ Banska Bystrica, Slovakia &lt;\/p&gt;\n\" data-large-file=\"https:\/\/i0.wp.com\/www.avdavigevano.com\/TEST\/wp-content\/uploads\/2024\/09\/Peter-Zimnikoval-PartEcl24_1726422458_lg.gif?fit=730%2C438&amp;ssl=1\" class=\"size-full wp-image-1982\" src=\"https:\/\/i0.wp.com\/www.avdavigevano.com\/TEST\/wp-content\/uploads\/2024\/09\/Peter-Zimnikoval-PartEcl24_1726422458_lg.gif?resize=730%2C438\" alt=\"Taken by Peter Zimnikoval on September 15, 2024 @ Banska Bystrica, Slovakia \" width=\"730\" height=\"438\" \/><\/a><p id=\"caption-attachment-1982\" class=\"wp-caption-text\">Taken by Peter Zimnikoval on September 15, 2024 @ Banska Bystrica, Slovakia<\/p><\/div>\n<div id=\"attachment_1910\" style=\"width: 1034px\" class=\"wp-caption aligncenter\"><a href=\"https:\/\/i0.wp.com\/www.avdavigevano.com\/TEST\/wp-content\/uploads\/2024\/07\/240918-Eclissi-Parziale-di-Luna.png\" target=\"_blank\" rel=\"noopener\"><img data-recalc-dims=\"1\" loading=\"lazy\" decoding=\"async\" aria-describedby=\"caption-attachment-1910\" data-attachment-id=\"1910\" data-permalink=\"https:\/\/www.avdavigevano.com\/?attachment_id=1910\" data-orig-file=\"https:\/\/i0.wp.com\/www.avdavigevano.com\/TEST\/wp-content\/uploads\/2024\/07\/240918-Eclissi-Parziale-di-Luna.png?fit=1562%2C1286&amp;ssl=1\" data-orig-size=\"1562,1286\" data-comments-opened=\"1\" data-image-meta=\"{&quot;aperture&quot;:&quot;0&quot;,&quot;credit&quot;:&quot;&quot;,&quot;camera&quot;:&quot;&quot;,&quot;caption&quot;:&quot;&quot;,&quot;created_timestamp&quot;:&quot;0&quot;,&quot;copyright&quot;:&quot;&quot;,&quot;focal_length&quot;:&quot;0&quot;,&quot;iso&quot;:&quot;0&quot;,&quot;shutter_speed&quot;:&quot;0&quot;,&quot;title&quot;:&quot;&quot;,&quot;orientation&quot;:&quot;0&quot;}\" data-image-title=\"240918 &amp;#8211; Eclissi Parziale di Luna\" data-image-description=\"\" data-image-caption=\"\" data-large-file=\"https:\/\/i0.wp.com\/www.avdavigevano.com\/TEST\/wp-content\/uploads\/2024\/07\/240918-Eclissi-Parziale-di-Luna.png?fit=1024%2C843&amp;ssl=1\" class=\"wp-image-1910 size-large\" src=\"https:\/\/i0.wp.com\/www.avdavigevano.com\/TEST\/wp-content\/uploads\/2024\/07\/240918-Eclissi-Parziale-di-Luna.png?resize=1024%2C843\" alt=\"\" width=\"1024\" height=\"843\" srcset=\"https:\/\/i0.wp.com\/www.avdavigevano.com\/TEST\/wp-content\/uploads\/2024\/07\/240918-Eclissi-Parziale-di-Luna.png?resize=1024%2C843&amp;ssl=1 1024w, https:\/\/i0.wp.com\/www.avdavigevano.com\/TEST\/wp-content\/uploads\/2024\/07\/240918-Eclissi-Parziale-di-Luna.png?resize=300%2C247&amp;ssl=1 300w, https:\/\/i0.wp.com\/www.avdavigevano.com\/TEST\/wp-content\/uploads\/2024\/07\/240918-Eclissi-Parziale-di-Luna.png?resize=768%2C632&amp;ssl=1 768w, https:\/\/i0.wp.com\/www.avdavigevano.com\/TEST\/wp-content\/uploads\/2024\/07\/240918-Eclissi-Parziale-di-Luna.png?resize=1536%2C1265&amp;ssl=1 1536w, https:\/\/i0.wp.com\/www.avdavigevano.com\/TEST\/wp-content\/uploads\/2024\/07\/240918-Eclissi-Parziale-di-Luna.png?w=1562&amp;ssl=1 1562w\" sizes=\"auto, (max-width: 1000px) 100vw, 1000px\" \/><\/a><p id=\"caption-attachment-1910\" class=\"wp-caption-text\">Simulazione dell&#8217;eclissi parziale di Luna del. 18 settembre 2024 &#8211; Software Perseus<\/p><\/div>\n","protected":false},"excerpt":{"rendered":"<p>Un&#8217;eclissi lunare parziale si verifica quando solo una parte del nostro satellite naturale entra nell&#8217;ombra. Nel caso del 18 settembre, l&#8217;area del disco lunare che entrer\u00e0 nell&#8217;ombra lo far\u00e0 in una percentuale molto piccola: sar\u00e0 quasi un&#8217;eclissi penombrale, e si potr\u00e0 osservare solo il disco lunare tingersi di un tono&#46;&#46;&#46;<\/p>\n","protected":false},"author":5,"featured_media":1911,"comment_status":"open","ping_status":"open","sticky":false,"template":"","format":"standard","meta":{"_monsterinsights_skip_tracking":false,"_monsterinsights_sitenote_active":false,"_monsterinsights_sitenote_note":"","_monsterinsights_sitenote_category":0,"jetpack_post_was_ever_published":false,"_jetpack_newsletter_access":"","_jetpack_dont_email_post_to_subs":false,"_jetpack_newsletter_tier_id":0,"_jetpack_memberships_contains_paywalled_content":false,"_jetpack_memberships_contains_paid_content":false,"footnotes":""},"categories":[65,12,8],"tags":[9,36,10,28],"class_list":["post-1908","post","type-post","status-publish","format-standard","has-post-thumbnail","hentry","category-articoli","category-calendario","category-eventi","tag-eclissi","tag-eclissi-di-luna","tag-luna","tag-osservazione"],"jetpack_featured_media_url":"https:\/\/i0.wp.com\/www.avdavigevano.com\/TEST\/wp-content\/uploads\/2024\/07\/240918-Eclissi-Parziale-di-Luna-AI.png?fit=720%2C200&ssl=1","jetpack_sharing_enabled":true,"jetpack_shortlink":"https:\/\/wp.me\/p9jymR-uM","jetpack_likes_enabled":true,"_links":{"self":[{"href":"https:\/\/www.avdavigevano.com\/index.php?rest_route=\/wp\/v2\/posts\/1908","targetHints":{"allow":["GET"]}}],"collection":[{"href":"https:\/\/www.avdavigevano.com\/index.php?rest_route=\/wp\/v2\/posts"}],"about":[{"href":"https:\/\/www.avdavigevano.com\/index.php?rest_route=\/wp\/v2\/types\/post"}],"author":[{"embeddable":true,"href":"https:\/\/www.avdavigevano.com\/index.php?rest_route=\/wp\/v2\/users\/5"}],"replies":[{"embeddable":true,"href":"https:\/\/www.avdavigevano.com\/index.php?rest_route=%2Fwp%2Fv2%2Fcomments&post=1908"}],"version-history":[{"count":3,"href":"https:\/\/www.avdavigevano.com\/index.php?rest_route=\/wp\/v2\/posts\/1908\/revisions"}],"predecessor-version":[{"id":1984,"href":"https:\/\/www.avdavigevano.com\/index.php?rest_route=\/wp\/v2\/posts\/1908\/revisions\/1984"}],"wp:featuredmedia":[{"embeddable":true,"href":"https:\/\/www.avdavigevano.com\/index.php?rest_route=\/wp\/v2\/media\/1911"}],"wp:attachment":[{"href":"https:\/\/www.avdavigevano.com\/index.php?rest_route=%2Fwp%2Fv2%2Fmedia&parent=1908"}],"wp:term":[{"taxonomy":"category","embeddable":true,"href":"https:\/\/www.avdavigevano.com\/index.php?rest_route=%2Fwp%2Fv2%2Fcategories&post=1908"},{"taxonomy":"post_tag","embeddable":true,"href":"https:\/\/www.avdavigevano.com\/index.php?rest_route=%2Fwp%2Fv2%2Ftags&post=1908"}],"curies":[{"name":"wp","href":"https:\/\/api.w.org\/{rel}","templated":true}]}}