{"id":1900,"date":"2024-07-22T10:00:29","date_gmt":"2024-07-22T08:00:29","guid":{"rendered":"https:\/\/www.avdavigevano.com\/?p=1900"},"modified":"2024-07-01T10:24:51","modified_gmt":"2024-07-01T08:24:51","slug":"31-luglio-luna-vicina-a-giove-e-marte","status":"publish","type":"post","link":"https:\/\/www.avdavigevano.com\/?p=1900","title":{"rendered":"31 luglio &#8211; Luna vicina a Giove e Marte"},"content":{"rendered":"<p>Una bella configurazione celeste si potr\u00e0 osservare all\u2019alba del 31 luglio, quando una sottile falce di luna si trover\u00e0 vicina a Giove e Marte.<br \/>\nPoco pi\u00f9 in basso sull\u2019orizzonte si potr\u00e0 vedere anche Aldebaran con il suo tipico colore rosso-arancio. Aldebaran \u00e8 la stella pi\u00f9 luminosa della costellazione del Toro e rappresenta l\u2019occhio di fuoco dell\u2019animale.<br \/>\nIl suo nome deriva dall\u2019arabo \u201cAl Dabar\u00e0n\u201d che significa \u201cil seguace\u201d, perch\u00e9 la stella sorge subito dopo gli ammassi delle Iadi e delle Pleiadi.<\/p>\n<div id=\"attachment_1901\" style=\"width: 1878px\" class=\"wp-caption aligncenter\"><a href=\"https:\/\/i0.wp.com\/www.avdavigevano.com\/TEST\/wp-content\/uploads\/2024\/07\/img_6677-1.jpg\" target=\"_blank\" rel=\"noopener\"><img data-recalc-dims=\"1\" loading=\"lazy\" decoding=\"async\" aria-describedby=\"caption-attachment-1901\" data-attachment-id=\"1901\" data-permalink=\"https:\/\/www.avdavigevano.com\/?attachment_id=1901\" data-orig-file=\"https:\/\/i0.wp.com\/www.avdavigevano.com\/TEST\/wp-content\/uploads\/2024\/07\/img_6677-1.jpg?fit=1868%2C1290&amp;ssl=1\" data-orig-size=\"1868,1290\" data-comments-opened=\"1\" data-image-meta=\"{&quot;aperture&quot;:&quot;0&quot;,&quot;credit&quot;:&quot;&quot;,&quot;camera&quot;:&quot;&quot;,&quot;caption&quot;:&quot;&quot;,&quot;created_timestamp&quot;:&quot;0&quot;,&quot;copyright&quot;:&quot;&quot;,&quot;focal_length&quot;:&quot;0&quot;,&quot;iso&quot;:&quot;0&quot;,&quot;shutter_speed&quot;:&quot;0&quot;,&quot;title&quot;:&quot;&quot;,&quot;orientation&quot;:&quot;0&quot;}\" data-image-title=\"\" data-image-description=\"\" data-image-caption=\"\" data-large-file=\"https:\/\/i0.wp.com\/www.avdavigevano.com\/TEST\/wp-content\/uploads\/2024\/07\/img_6677-1.jpg?fit=1024%2C707&amp;ssl=1\" class=\"wp-image-1901 size-full\" src=\"https:\/\/i0.wp.com\/www.avdavigevano.com\/TEST\/wp-content\/uploads\/2024\/07\/img_6677-1.jpg?resize=1868%2C1290\" alt=\"Immagine tratta da Star Disk per iOS\" width=\"1868\" height=\"1290\" srcset=\"https:\/\/i0.wp.com\/www.avdavigevano.com\/TEST\/wp-content\/uploads\/2024\/07\/img_6677-1.jpg?w=1868&amp;ssl=1 1868w, https:\/\/i0.wp.com\/www.avdavigevano.com\/TEST\/wp-content\/uploads\/2024\/07\/img_6677-1.jpg?resize=300%2C207&amp;ssl=1 300w, https:\/\/i0.wp.com\/www.avdavigevano.com\/TEST\/wp-content\/uploads\/2024\/07\/img_6677-1.jpg?resize=1024%2C707&amp;ssl=1 1024w, https:\/\/i0.wp.com\/www.avdavigevano.com\/TEST\/wp-content\/uploads\/2024\/07\/img_6677-1.jpg?resize=768%2C530&amp;ssl=1 768w, https:\/\/i0.wp.com\/www.avdavigevano.com\/TEST\/wp-content\/uploads\/2024\/07\/img_6677-1.jpg?resize=1536%2C1061&amp;ssl=1 1536w\" sizes=\"auto, (max-width: 1000px) 100vw, 1000px\" \/><\/a><p id=\"caption-attachment-1901\" class=\"wp-caption-text\">Nell\u2019immagine il cielo alle ore 5:00 del 31 luglio in direzione Est &#8211; Immagine tratta da Star Disk per iOS<\/p><\/div>\n","protected":false},"excerpt":{"rendered":"<p>Una bella configurazione celeste si potr\u00e0 osservare all\u2019alba del 31 luglio, quando una sottile falce di luna si trover\u00e0 vicina a Giove e Marte. Poco pi\u00f9 in basso sull\u2019orizzonte si potr\u00e0 vedere anche Aldebaran con il suo tipico colore rosso-arancio. Aldebaran \u00e8 la stella pi\u00f9 luminosa della costellazione del Toro&#46;&#46;&#46;<\/p>\n","protected":false},"author":5,"featured_media":1903,"comment_status":"open","ping_status":"open","sticky":false,"template":"","format":"standard","meta":{"_monsterinsights_skip_tracking":false,"_monsterinsights_sitenote_active":false,"_monsterinsights_sitenote_note":"","_monsterinsights_sitenote_category":0,"jetpack_post_was_ever_published":false,"_jetpack_newsletter_access":"","_jetpack_dont_email_post_to_subs":false,"_jetpack_newsletter_tier_id":0,"_jetpack_memberships_contains_paywalled_content":false,"_jetpack_memberships_contains_paid_content":false,"footnotes":""},"categories":[65,8,25],"tags":[80,33,10,32],"class_list":["post-1900","post","type-post","status-publish","format-standard","has-post-thumbnail","hentry","category-articoli","category-eventi","category-osservazioni","tag-congiunzione","tag-giove","tag-luna","tag-marte"],"jetpack_featured_media_url":"https:\/\/i0.wp.com\/www.avdavigevano.com\/TEST\/wp-content\/uploads\/2024\/07\/Congiunzione-Luna-Giove-e-Marte-Copertina-AI.png?fit=1080%2C1080&ssl=1","jetpack_sharing_enabled":true,"jetpack_shortlink":"https:\/\/wp.me\/p9jymR-uE","jetpack_likes_enabled":true,"_links":{"self":[{"href":"https:\/\/www.avdavigevano.com\/index.php?rest_route=\/wp\/v2\/posts\/1900","targetHints":{"allow":["GET"]}}],"collection":[{"href":"https:\/\/www.avdavigevano.com\/index.php?rest_route=\/wp\/v2\/posts"}],"about":[{"href":"https:\/\/www.avdavigevano.com\/index.php?rest_route=\/wp\/v2\/types\/post"}],"author":[{"embeddable":true,"href":"https:\/\/www.avdavigevano.com\/index.php?rest_route=\/wp\/v2\/users\/5"}],"replies":[{"embeddable":true,"href":"https:\/\/www.avdavigevano.com\/index.php?rest_route=%2Fwp%2Fv2%2Fcomments&post=1900"}],"version-history":[{"count":1,"href":"https:\/\/www.avdavigevano.com\/index.php?rest_route=\/wp\/v2\/posts\/1900\/revisions"}],"predecessor-version":[{"id":1902,"href":"https:\/\/www.avdavigevano.com\/index.php?rest_route=\/wp\/v2\/posts\/1900\/revisions\/1902"}],"wp:featuredmedia":[{"embeddable":true,"href":"https:\/\/www.avdavigevano.com\/index.php?rest_route=\/wp\/v2\/media\/1903"}],"wp:attachment":[{"href":"https:\/\/www.avdavigevano.com\/index.php?rest_route=%2Fwp%2Fv2%2Fmedia&parent=1900"}],"wp:term":[{"taxonomy":"category","embeddable":true,"href":"https:\/\/www.avdavigevano.com\/index.php?rest_route=%2Fwp%2Fv2%2Fcategories&post=1900"},{"taxonomy":"post_tag","embeddable":true,"href":"https:\/\/www.avdavigevano.com\/index.php?rest_route=%2Fwp%2Fv2%2Ftags&post=1900"}],"curies":[{"name":"wp","href":"https:\/\/api.w.org\/{rel}","templated":true}]}}