{"id":1802,"date":"2024-04-23T10:00:06","date_gmt":"2024-04-23T08:00:06","guid":{"rendered":"http:\/\/www.avdavigevano.com\/?p=1802"},"modified":"2024-04-23T08:45:12","modified_gmt":"2024-04-23T06:45:12","slug":"in-messico-per-vedere-leclissi-di-sole","status":"publish","type":"post","link":"https:\/\/www.avdavigevano.com\/?p=1802","title":{"rendered":"In Messico per vedere l&#8217;eclissi di Sole"},"content":{"rendered":"<table width=\"699\">\n<tbody>\n<tr>\n<td width=\"272\">\n<p><div id=\"attachment_1804\" style=\"width: 304px\" class=\"wp-caption aligncenter\"><a href=\"https:\/\/i0.wp.com\/www.avdavigevano.com\/TEST\/wp-content\/uploads\/2024\/04\/01-Gianluigi-Piva.jpg\" target=\"_blank\" rel=\"noopener\"><img data-recalc-dims=\"1\" loading=\"lazy\" decoding=\"async\" aria-describedby=\"caption-attachment-1804\" data-attachment-id=\"1804\" data-permalink=\"https:\/\/www.avdavigevano.com\/?attachment_id=1804\" data-orig-file=\"https:\/\/i0.wp.com\/www.avdavigevano.com\/TEST\/wp-content\/uploads\/2024\/04\/01-Gianluigi-Piva.jpg?fit=611%2C1078&amp;ssl=1\" data-orig-size=\"611,1078\" data-comments-opened=\"1\" data-image-meta=\"{&quot;aperture&quot;:&quot;0&quot;,&quot;credit&quot;:&quot;&quot;,&quot;camera&quot;:&quot;&quot;,&quot;caption&quot;:&quot;&quot;,&quot;created_timestamp&quot;:&quot;0&quot;,&quot;copyright&quot;:&quot;&quot;,&quot;focal_length&quot;:&quot;0&quot;,&quot;iso&quot;:&quot;0&quot;,&quot;shutter_speed&quot;:&quot;0&quot;,&quot;title&quot;:&quot;&quot;,&quot;orientation&quot;:&quot;0&quot;}\" data-image-title=\"01 &amp;#8211; Gianluigi Piva\" data-image-description=\"\" data-image-caption=\"\" data-large-file=\"https:\/\/i0.wp.com\/www.avdavigevano.com\/TEST\/wp-content\/uploads\/2024\/04\/01-Gianluigi-Piva.jpg?fit=580%2C1024&amp;ssl=1\" class=\"wp-image-1804 \" src=\"https:\/\/i0.wp.com\/www.avdavigevano.com\/TEST\/wp-content\/uploads\/2024\/04\/01-Gianluigi-Piva.jpg?resize=294%2C519\" alt=\"\" width=\"294\" height=\"519\" srcset=\"https:\/\/i0.wp.com\/www.avdavigevano.com\/TEST\/wp-content\/uploads\/2024\/04\/01-Gianluigi-Piva.jpg?w=611&amp;ssl=1 611w, https:\/\/i0.wp.com\/www.avdavigevano.com\/TEST\/wp-content\/uploads\/2024\/04\/01-Gianluigi-Piva.jpg?resize=170%2C300&amp;ssl=1 170w, https:\/\/i0.wp.com\/www.avdavigevano.com\/TEST\/wp-content\/uploads\/2024\/04\/01-Gianluigi-Piva.jpg?resize=580%2C1024&amp;ssl=1 580w\" sizes=\"auto, (max-width: 294px) 100vw, 294px\" \/><\/a><p id=\"caption-attachment-1804\" class=\"wp-caption-text\">Gianluigi in tenuta estiva, pronto per osservare l&#8217;eclissi di Sole.<\/p><\/div><\/td>\n<td style=\"text-align: left;\" width=\"427\"><em>1 Aprile 2024<\/em> (e non \u00e8 un pesce):<br \/>\neccomi nuovamente in partenza alla ricerca del Sole Nero.<\/p>\n<div id=\"attachment_1805\" style=\"width: 416px\" class=\"wp-caption aligncenter\"><a href=\"https:\/\/i0.wp.com\/www.avdavigevano.com\/TEST\/wp-content\/uploads\/2024\/04\/01-Partenza-da-Malpensa.jpg\" target=\"_blank\" rel=\"noopener\"><img data-recalc-dims=\"1\" loading=\"lazy\" decoding=\"async\" aria-describedby=\"caption-attachment-1805\" data-attachment-id=\"1805\" data-permalink=\"https:\/\/www.avdavigevano.com\/?attachment_id=1805\" data-orig-file=\"https:\/\/i0.wp.com\/www.avdavigevano.com\/TEST\/wp-content\/uploads\/2024\/04\/01-Partenza-da-Malpensa.jpg?fit=406%2C232&amp;ssl=1\" data-orig-size=\"406,232\" data-comments-opened=\"1\" data-image-meta=\"{&quot;aperture&quot;:&quot;0&quot;,&quot;credit&quot;:&quot;&quot;,&quot;camera&quot;:&quot;&quot;,&quot;caption&quot;:&quot;&quot;,&quot;created_timestamp&quot;:&quot;0&quot;,&quot;copyright&quot;:&quot;&quot;,&quot;focal_length&quot;:&quot;0&quot;,&quot;iso&quot;:&quot;0&quot;,&quot;shutter_speed&quot;:&quot;0&quot;,&quot;title&quot;:&quot;&quot;,&quot;orientation&quot;:&quot;0&quot;}\" data-image-title=\"01 &amp;#8211; Partenza da Malpensa\" data-image-description=\"\" data-image-caption=\"\" data-large-file=\"https:\/\/i0.wp.com\/www.avdavigevano.com\/TEST\/wp-content\/uploads\/2024\/04\/01-Partenza-da-Malpensa.jpg?fit=406%2C232&amp;ssl=1\" class=\"wp-image-1805 size-full\" src=\"https:\/\/i0.wp.com\/www.avdavigevano.com\/TEST\/wp-content\/uploads\/2024\/04\/01-Partenza-da-Malpensa.jpg?resize=406%2C232\" alt=\"\" width=\"406\" height=\"232\" srcset=\"https:\/\/i0.wp.com\/www.avdavigevano.com\/TEST\/wp-content\/uploads\/2024\/04\/01-Partenza-da-Malpensa.jpg?w=406&amp;ssl=1 406w, https:\/\/i0.wp.com\/www.avdavigevano.com\/TEST\/wp-content\/uploads\/2024\/04\/01-Partenza-da-Malpensa.jpg?resize=300%2C171&amp;ssl=1 300w\" sizes=\"auto, (max-width: 406px) 100vw, 406px\" \/><\/a><p id=\"caption-attachment-1805\" class=\"wp-caption-text\">Pronti per la partenza?<\/p><\/div>\n<p style=\"text-align: left;\">Dopo l\u2019esperienza del mio 1\u00b0 eclisse (11 Agosto 1999) in Germania, anche se visto attraverso le nuvole, era nato il mio desiderio di muovermi per il mondo inseguendo il \u201cfenomeno non descrivibile a parole\u201d.<\/p>\n<p style=\"text-align: left;\">In questi ultimi anni mi sono quindi mosso attraverso il mondo per cercare di rivivere quei momenti indimenticabili\u2026\u2026.<\/p>\n<\/td>\n<\/tr>\n<\/tbody>\n<\/table>\n<p>Questo mi ha portato a:<\/p>\n<p>11 Luglio 2010: Isola di Pasqua;<\/p>\n<p>14 Novembre 2012: Australia;<\/p>\n<p>20 Marzo 2015: Isole Faroe;<\/p>\n<p>21 Agosto 2018: Stati Uniti;<\/p>\n<p>2 Luglio 2019: Cile;<\/p>\n<p>(ho dovuto rinunciare all\u2019eclisse in Australia del 2023 causa problemi medici)<\/p>\n<p>ed ora il Messico, per il mio 7\u00b0 eclisse\u2026.<\/p>\n<p>&nbsp;<\/p>\n<p>&nbsp;<\/p>\n<p>Ma perch\u00e9 proprio in Messico?<\/p>\n<p>La meta \u00e8 stata scelta ad agosto 2023 in base alle statistiche meteo:<\/p>\n<div id=\"attachment_1806\" style=\"width: 1574px\" class=\"wp-caption aligncenter\"><a href=\"https:\/\/i0.wp.com\/www.avdavigevano.com\/TEST\/wp-content\/uploads\/2024\/04\/03-Meteo.jpg\" target=\"_blank\" rel=\"noopener\"><img data-recalc-dims=\"1\" loading=\"lazy\" decoding=\"async\" aria-describedby=\"caption-attachment-1806\" data-attachment-id=\"1806\" data-permalink=\"https:\/\/www.avdavigevano.com\/?attachment_id=1806\" data-orig-file=\"https:\/\/i0.wp.com\/www.avdavigevano.com\/TEST\/wp-content\/uploads\/2024\/04\/03-Meteo.jpg?fit=1564%2C800&amp;ssl=1\" data-orig-size=\"1564,800\" data-comments-opened=\"1\" data-image-meta=\"{&quot;aperture&quot;:&quot;0&quot;,&quot;credit&quot;:&quot;&quot;,&quot;camera&quot;:&quot;&quot;,&quot;caption&quot;:&quot;&quot;,&quot;created_timestamp&quot;:&quot;0&quot;,&quot;copyright&quot;:&quot;&quot;,&quot;focal_length&quot;:&quot;0&quot;,&quot;iso&quot;:&quot;0&quot;,&quot;shutter_speed&quot;:&quot;0&quot;,&quot;title&quot;:&quot;&quot;,&quot;orientation&quot;:&quot;0&quot;}\" data-image-title=\"03 &amp;#8211; Meteo\" data-image-description=\"\" data-image-caption=\"\" data-large-file=\"https:\/\/i0.wp.com\/www.avdavigevano.com\/TEST\/wp-content\/uploads\/2024\/04\/03-Meteo.jpg?fit=1024%2C524&amp;ssl=1\" class=\"wp-image-1806 size-full\" src=\"https:\/\/i0.wp.com\/www.avdavigevano.com\/TEST\/wp-content\/uploads\/2024\/04\/03-Meteo.jpg?resize=1564%2C800\" alt=\"\" width=\"1564\" height=\"800\" srcset=\"https:\/\/i0.wp.com\/www.avdavigevano.com\/TEST\/wp-content\/uploads\/2024\/04\/03-Meteo.jpg?w=1564&amp;ssl=1 1564w, https:\/\/i0.wp.com\/www.avdavigevano.com\/TEST\/wp-content\/uploads\/2024\/04\/03-Meteo.jpg?resize=300%2C153&amp;ssl=1 300w, https:\/\/i0.wp.com\/www.avdavigevano.com\/TEST\/wp-content\/uploads\/2024\/04\/03-Meteo.jpg?resize=1024%2C524&amp;ssl=1 1024w, https:\/\/i0.wp.com\/www.avdavigevano.com\/TEST\/wp-content\/uploads\/2024\/04\/03-Meteo.jpg?resize=768%2C393&amp;ssl=1 768w, https:\/\/i0.wp.com\/www.avdavigevano.com\/TEST\/wp-content\/uploads\/2024\/04\/03-Meteo.jpg?resize=1536%2C786&amp;ssl=1 1536w\" sizes=\"auto, (max-width: 1000px) 100vw, 1000px\" \/><\/a><p id=\"caption-attachment-1806\" class=\"wp-caption-text\">Statistiche meteo 2023<\/p><\/div>\n<p>Osservando il percorso della totalit\u00e0 si osserva che la probabilit\u00e0 di copertura aumenta spostandosi verso est.<\/p>\n<p>Il Messico, e la citt\u00e0 di Torreon in particolare, \u00e8 quella che aveva la maggior probabilit\u00e0 di un cielo limpido:<\/p>\n<div id=\"attachment_1807\" style=\"width: 2022px\" class=\"wp-caption aligncenter\"><a href=\"https:\/\/i0.wp.com\/www.avdavigevano.com\/TEST\/wp-content\/uploads\/2024\/04\/04-Average-April-Cloud.jpg\" target=\"_blank\" rel=\"noopener\"><img data-recalc-dims=\"1\" loading=\"lazy\" decoding=\"async\" aria-describedby=\"caption-attachment-1807\" data-attachment-id=\"1807\" data-permalink=\"https:\/\/www.avdavigevano.com\/?attachment_id=1807\" data-orig-file=\"https:\/\/i0.wp.com\/www.avdavigevano.com\/TEST\/wp-content\/uploads\/2024\/04\/04-Average-April-Cloud.jpg?fit=2012%2C1462&amp;ssl=1\" data-orig-size=\"2012,1462\" data-comments-opened=\"1\" data-image-meta=\"{&quot;aperture&quot;:&quot;0&quot;,&quot;credit&quot;:&quot;&quot;,&quot;camera&quot;:&quot;&quot;,&quot;caption&quot;:&quot;&quot;,&quot;created_timestamp&quot;:&quot;0&quot;,&quot;copyright&quot;:&quot;&quot;,&quot;focal_length&quot;:&quot;0&quot;,&quot;iso&quot;:&quot;0&quot;,&quot;shutter_speed&quot;:&quot;0&quot;,&quot;title&quot;:&quot;&quot;,&quot;orientation&quot;:&quot;0&quot;}\" data-image-title=\"04 &amp;#8211; Average April Cloud\" data-image-description=\"\" data-image-caption=\"\" data-large-file=\"https:\/\/i0.wp.com\/www.avdavigevano.com\/TEST\/wp-content\/uploads\/2024\/04\/04-Average-April-Cloud.jpg?fit=1024%2C744&amp;ssl=1\" class=\"wp-image-1807 size-full\" src=\"https:\/\/i0.wp.com\/www.avdavigevano.com\/TEST\/wp-content\/uploads\/2024\/04\/04-Average-April-Cloud.jpg?resize=2012%2C1462\" alt=\"\" width=\"2012\" height=\"1462\" srcset=\"https:\/\/i0.wp.com\/www.avdavigevano.com\/TEST\/wp-content\/uploads\/2024\/04\/04-Average-April-Cloud.jpg?w=2012&amp;ssl=1 2012w, https:\/\/i0.wp.com\/www.avdavigevano.com\/TEST\/wp-content\/uploads\/2024\/04\/04-Average-April-Cloud.jpg?resize=300%2C218&amp;ssl=1 300w, https:\/\/i0.wp.com\/www.avdavigevano.com\/TEST\/wp-content\/uploads\/2024\/04\/04-Average-April-Cloud.jpg?resize=1024%2C744&amp;ssl=1 1024w, https:\/\/i0.wp.com\/www.avdavigevano.com\/TEST\/wp-content\/uploads\/2024\/04\/04-Average-April-Cloud.jpg?resize=768%2C558&amp;ssl=1 768w, https:\/\/i0.wp.com\/www.avdavigevano.com\/TEST\/wp-content\/uploads\/2024\/04\/04-Average-April-Cloud.jpg?resize=1536%2C1116&amp;ssl=1 1536w\" sizes=\"auto, (max-width: 1000px) 100vw, 1000px\" \/><\/a><p id=\"caption-attachment-1807\" class=\"wp-caption-text\">Maggior probabilit\u00e0 di un cielo limpido<\/p><\/div>\n<p>Scelta poi confermata ad ottobre 2023 dalla Nasa:<\/p>\n<div id=\"attachment_1808\" style=\"width: 786px\" class=\"wp-caption aligncenter\"><a href=\"https:\/\/i0.wp.com\/www.avdavigevano.com\/TEST\/wp-content\/uploads\/2024\/04\/05-La-NASA-Conferma-Torreon.jpg\" target=\"_blank\" rel=\"noopener\"><img data-recalc-dims=\"1\" loading=\"lazy\" decoding=\"async\" aria-describedby=\"caption-attachment-1808\" data-attachment-id=\"1808\" data-permalink=\"https:\/\/www.avdavigevano.com\/?attachment_id=1808\" data-orig-file=\"https:\/\/i0.wp.com\/www.avdavigevano.com\/TEST\/wp-content\/uploads\/2024\/04\/05-La-NASA-Conferma-Torreon.jpg?fit=776%2C672&amp;ssl=1\" data-orig-size=\"776,672\" data-comments-opened=\"1\" data-image-meta=\"{&quot;aperture&quot;:&quot;0&quot;,&quot;credit&quot;:&quot;&quot;,&quot;camera&quot;:&quot;&quot;,&quot;caption&quot;:&quot;&quot;,&quot;created_timestamp&quot;:&quot;0&quot;,&quot;copyright&quot;:&quot;&quot;,&quot;focal_length&quot;:&quot;0&quot;,&quot;iso&quot;:&quot;0&quot;,&quot;shutter_speed&quot;:&quot;0&quot;,&quot;title&quot;:&quot;&quot;,&quot;orientation&quot;:&quot;0&quot;}\" data-image-title=\"05 &amp;#8211; La NASA Conferma Torreon\" data-image-description=\"\" data-image-caption=\"\" data-large-file=\"https:\/\/i0.wp.com\/www.avdavigevano.com\/TEST\/wp-content\/uploads\/2024\/04\/05-La-NASA-Conferma-Torreon.jpg?fit=776%2C672&amp;ssl=1\" class=\"wp-image-1808 size-full\" src=\"https:\/\/i0.wp.com\/www.avdavigevano.com\/TEST\/wp-content\/uploads\/2024\/04\/05-La-NASA-Conferma-Torreon.jpg?resize=776%2C672\" alt=\"\" width=\"776\" height=\"672\" srcset=\"https:\/\/i0.wp.com\/www.avdavigevano.com\/TEST\/wp-content\/uploads\/2024\/04\/05-La-NASA-Conferma-Torreon.jpg?w=776&amp;ssl=1 776w, https:\/\/i0.wp.com\/www.avdavigevano.com\/TEST\/wp-content\/uploads\/2024\/04\/05-La-NASA-Conferma-Torreon.jpg?resize=300%2C260&amp;ssl=1 300w, https:\/\/i0.wp.com\/www.avdavigevano.com\/TEST\/wp-content\/uploads\/2024\/04\/05-La-NASA-Conferma-Torreon.jpg?resize=768%2C665&amp;ssl=1 768w\" sizes=\"auto, (max-width: 776px) 100vw, 776px\" \/><\/a><p id=\"caption-attachment-1808\" class=\"wp-caption-text\">Anche la NASA sceglie Torreon!<\/p><\/div>\n<p>&nbsp;<\/p>\n<p>Eccoci, dunque, pronti per un viaggio di <strong><em>12\u00a0259<\/em><\/strong> km che ci ha portato ad osservare uno degli spettacoli pi\u00f9 incredibili:<\/p>\n<p><a href=\"https:\/\/i0.wp.com\/www.avdavigevano.com\/TEST\/wp-content\/uploads\/2024\/04\/06-12259.jpg\" target=\"_blank\" rel=\"noopener\"><img data-recalc-dims=\"1\" loading=\"lazy\" decoding=\"async\" data-attachment-id=\"1809\" data-permalink=\"https:\/\/www.avdavigevano.com\/?attachment_id=1809\" data-orig-file=\"https:\/\/i0.wp.com\/www.avdavigevano.com\/TEST\/wp-content\/uploads\/2024\/04\/06-12259.jpg?fit=680%2C268&amp;ssl=1\" data-orig-size=\"680,268\" data-comments-opened=\"1\" data-image-meta=\"{&quot;aperture&quot;:&quot;0&quot;,&quot;credit&quot;:&quot;&quot;,&quot;camera&quot;:&quot;&quot;,&quot;caption&quot;:&quot;&quot;,&quot;created_timestamp&quot;:&quot;0&quot;,&quot;copyright&quot;:&quot;&quot;,&quot;focal_length&quot;:&quot;0&quot;,&quot;iso&quot;:&quot;0&quot;,&quot;shutter_speed&quot;:&quot;0&quot;,&quot;title&quot;:&quot;&quot;,&quot;orientation&quot;:&quot;0&quot;}\" data-image-title=\"06 &amp;#8211; 12259\" data-image-description=\"\" data-image-caption=\"\" data-large-file=\"https:\/\/i0.wp.com\/www.avdavigevano.com\/TEST\/wp-content\/uploads\/2024\/04\/06-12259.jpg?fit=680%2C268&amp;ssl=1\" class=\"aligncenter wp-image-1809 size-full\" src=\"https:\/\/i0.wp.com\/www.avdavigevano.com\/TEST\/wp-content\/uploads\/2024\/04\/06-12259.jpg?resize=680%2C268\" alt=\"\" width=\"680\" height=\"268\" srcset=\"https:\/\/i0.wp.com\/www.avdavigevano.com\/TEST\/wp-content\/uploads\/2024\/04\/06-12259.jpg?w=680&amp;ssl=1 680w, https:\/\/i0.wp.com\/www.avdavigevano.com\/TEST\/wp-content\/uploads\/2024\/04\/06-12259.jpg?resize=300%2C118&amp;ssl=1 300w\" sizes=\"auto, (max-width: 680px) 100vw, 680px\" \/><\/a><\/p>\n<p><a href=\"https:\/\/i0.wp.com\/www.avdavigevano.com\/TEST\/wp-content\/uploads\/2024\/04\/07-Percorso-in-Messico.jpg\" target=\"_blank\" rel=\"noopener\"><img data-recalc-dims=\"1\" loading=\"lazy\" decoding=\"async\" data-attachment-id=\"1810\" data-permalink=\"https:\/\/www.avdavigevano.com\/?attachment_id=1810\" data-orig-file=\"https:\/\/i0.wp.com\/www.avdavigevano.com\/TEST\/wp-content\/uploads\/2024\/04\/07-Percorso-in-Messico.jpg?fit=680%2C580&amp;ssl=1\" data-orig-size=\"680,580\" data-comments-opened=\"1\" data-image-meta=\"{&quot;aperture&quot;:&quot;0&quot;,&quot;credit&quot;:&quot;&quot;,&quot;camera&quot;:&quot;&quot;,&quot;caption&quot;:&quot;&quot;,&quot;created_timestamp&quot;:&quot;0&quot;,&quot;copyright&quot;:&quot;&quot;,&quot;focal_length&quot;:&quot;0&quot;,&quot;iso&quot;:&quot;0&quot;,&quot;shutter_speed&quot;:&quot;0&quot;,&quot;title&quot;:&quot;&quot;,&quot;orientation&quot;:&quot;0&quot;}\" data-image-title=\"07 &amp;#8211; Percorso in Messico\" data-image-description=\"\" data-image-caption=\"\" data-large-file=\"https:\/\/i0.wp.com\/www.avdavigevano.com\/TEST\/wp-content\/uploads\/2024\/04\/07-Percorso-in-Messico.jpg?fit=680%2C580&amp;ssl=1\" class=\"aligncenter wp-image-1810 size-full\" src=\"https:\/\/i0.wp.com\/www.avdavigevano.com\/TEST\/wp-content\/uploads\/2024\/04\/07-Percorso-in-Messico.jpg?resize=680%2C580\" alt=\"\" width=\"680\" height=\"580\" srcset=\"https:\/\/i0.wp.com\/www.avdavigevano.com\/TEST\/wp-content\/uploads\/2024\/04\/07-Percorso-in-Messico.jpg?w=680&amp;ssl=1 680w, https:\/\/i0.wp.com\/www.avdavigevano.com\/TEST\/wp-content\/uploads\/2024\/04\/07-Percorso-in-Messico.jpg?resize=300%2C256&amp;ssl=1 300w\" sizes=\"auto, (max-width: 680px) 100vw, 680px\" \/><\/a><\/p>\n<p>Da Citt\u00e0 del Messico (citt\u00e0 di pi\u00f9 di 30 milioni di abitanti, con un traffico allucinante, ma ricchissima di vestigia Maja) ci siamo mossi verso in nord del Messico: immancabile la visita alla citt\u00e0 di Teotihuacan, con la piramide del Sole e della Luna:<\/p>\n<table>\n<tbody>\n<tr>\n<td width=\"340\"><a href=\"https:\/\/i0.wp.com\/www.avdavigevano.com\/TEST\/wp-content\/uploads\/2024\/04\/08-Teotihuacan.jpg\" target=\"_blank\" rel=\"noopener\"><img data-recalc-dims=\"1\" loading=\"lazy\" decoding=\"async\" data-attachment-id=\"1811\" data-permalink=\"https:\/\/www.avdavigevano.com\/?attachment_id=1811\" data-orig-file=\"https:\/\/i0.wp.com\/www.avdavigevano.com\/TEST\/wp-content\/uploads\/2024\/04\/08-Teotihuacan.jpg?fit=751%2C568&amp;ssl=1\" data-orig-size=\"751,568\" data-comments-opened=\"1\" data-image-meta=\"{&quot;aperture&quot;:&quot;0&quot;,&quot;credit&quot;:&quot;&quot;,&quot;camera&quot;:&quot;&quot;,&quot;caption&quot;:&quot;&quot;,&quot;created_timestamp&quot;:&quot;0&quot;,&quot;copyright&quot;:&quot;&quot;,&quot;focal_length&quot;:&quot;0&quot;,&quot;iso&quot;:&quot;0&quot;,&quot;shutter_speed&quot;:&quot;0&quot;,&quot;title&quot;:&quot;&quot;,&quot;orientation&quot;:&quot;0&quot;}\" data-image-title=\"08 &amp;#8211; Teotihuacan\" data-image-description=\"\" data-image-caption=\"\" data-large-file=\"https:\/\/i0.wp.com\/www.avdavigevano.com\/TEST\/wp-content\/uploads\/2024\/04\/08-Teotihuacan.jpg?fit=751%2C568&amp;ssl=1\" class=\"aligncenter wp-image-1811 size-full\" src=\"https:\/\/i0.wp.com\/www.avdavigevano.com\/TEST\/wp-content\/uploads\/2024\/04\/08-Teotihuacan.jpg?resize=751%2C568\" alt=\"\" width=\"751\" height=\"568\" srcset=\"https:\/\/i0.wp.com\/www.avdavigevano.com\/TEST\/wp-content\/uploads\/2024\/04\/08-Teotihuacan.jpg?w=751&amp;ssl=1 751w, https:\/\/i0.wp.com\/www.avdavigevano.com\/TEST\/wp-content\/uploads\/2024\/04\/08-Teotihuacan.jpg?resize=300%2C227&amp;ssl=1 300w\" sizes=\"auto, (max-width: 751px) 100vw, 751px\" \/><\/a><\/td>\n<td width=\"340\"><a href=\"https:\/\/i0.wp.com\/www.avdavigevano.com\/TEST\/wp-content\/uploads\/2024\/04\/09-Piramide-del-Sole-e-della-Luna.jpg\" target=\"_blank\" rel=\"noopener\"><img data-recalc-dims=\"1\" loading=\"lazy\" decoding=\"async\" data-attachment-id=\"1812\" data-permalink=\"https:\/\/www.avdavigevano.com\/?attachment_id=1812\" data-orig-file=\"https:\/\/i0.wp.com\/www.avdavigevano.com\/TEST\/wp-content\/uploads\/2024\/04\/09-Piramide-del-Sole-e-della-Luna.jpg?fit=751%2C568&amp;ssl=1\" data-orig-size=\"751,568\" data-comments-opened=\"1\" data-image-meta=\"{&quot;aperture&quot;:&quot;0&quot;,&quot;credit&quot;:&quot;&quot;,&quot;camera&quot;:&quot;&quot;,&quot;caption&quot;:&quot;&quot;,&quot;created_timestamp&quot;:&quot;0&quot;,&quot;copyright&quot;:&quot;&quot;,&quot;focal_length&quot;:&quot;0&quot;,&quot;iso&quot;:&quot;0&quot;,&quot;shutter_speed&quot;:&quot;0&quot;,&quot;title&quot;:&quot;&quot;,&quot;orientation&quot;:&quot;0&quot;}\" data-image-title=\"09 &amp;#8211; Piramide del Sole e della Luna\" data-image-description=\"\" data-image-caption=\"\" data-large-file=\"https:\/\/i0.wp.com\/www.avdavigevano.com\/TEST\/wp-content\/uploads\/2024\/04\/09-Piramide-del-Sole-e-della-Luna.jpg?fit=751%2C568&amp;ssl=1\" class=\"aligncenter wp-image-1812 size-full\" src=\"https:\/\/i0.wp.com\/www.avdavigevano.com\/TEST\/wp-content\/uploads\/2024\/04\/09-Piramide-del-Sole-e-della-Luna.jpg?resize=751%2C568\" alt=\"\" width=\"751\" height=\"568\" srcset=\"https:\/\/i0.wp.com\/www.avdavigevano.com\/TEST\/wp-content\/uploads\/2024\/04\/09-Piramide-del-Sole-e-della-Luna.jpg?w=751&amp;ssl=1 751w, https:\/\/i0.wp.com\/www.avdavigevano.com\/TEST\/wp-content\/uploads\/2024\/04\/09-Piramide-del-Sole-e-della-Luna.jpg?resize=300%2C227&amp;ssl=1 300w\" sizes=\"auto, (max-width: 751px) 100vw, 751px\" \/><\/a><\/td>\n<\/tr>\n<\/tbody>\n<\/table>\n<p>Il viaggio \u00e8 proseguito \u201ctranquillo\u201d per le citt\u00e0 coloniali di Queretaro, Guanajuato, Aguascalientes e Zacatecas.<\/p>\n<p>Citt\u00e0 di origine coloniale, ricche grazie alle miniere di argento ed oro che le circondavano. Le chiese mostrano tutte un misto di cultura indios Azteca ed Incas e cattolicesimo, grazie alla lungimiranza dei religiosi che <em>(quando non si sono comportati da Domins Canis)<\/em> hanno favorito in questo modo l\u2019avvicinarsi al culto delle popolazioni locali.<br \/>\nSoprattutto al nord i Messicano sono molto religiosi, anche se molto legati alla loro cultura nativa: tipici i riti di purificazione indios davanti alle cattedrali:<\/p>\n<table>\n<tbody>\n<tr>\n<td width=\"187\"><a href=\"https:\/\/i0.wp.com\/www.avdavigevano.com\/TEST\/wp-content\/uploads\/2024\/04\/10-Altare.jpg\" target=\"_blank\" rel=\"noopener\"><img data-recalc-dims=\"1\" loading=\"lazy\" decoding=\"async\" data-attachment-id=\"1813\" data-permalink=\"https:\/\/www.avdavigevano.com\/?attachment_id=1813\" data-orig-file=\"https:\/\/i0.wp.com\/www.avdavigevano.com\/TEST\/wp-content\/uploads\/2024\/04\/10-Altare.jpg?fit=568%2C754&amp;ssl=1\" data-orig-size=\"568,754\" data-comments-opened=\"1\" data-image-meta=\"{&quot;aperture&quot;:&quot;0&quot;,&quot;credit&quot;:&quot;&quot;,&quot;camera&quot;:&quot;&quot;,&quot;caption&quot;:&quot;&quot;,&quot;created_timestamp&quot;:&quot;0&quot;,&quot;copyright&quot;:&quot;&quot;,&quot;focal_length&quot;:&quot;0&quot;,&quot;iso&quot;:&quot;0&quot;,&quot;shutter_speed&quot;:&quot;0&quot;,&quot;title&quot;:&quot;&quot;,&quot;orientation&quot;:&quot;0&quot;}\" data-image-title=\"10 &amp;#8211; Altare\" data-image-description=\"\" data-image-caption=\"\" data-large-file=\"https:\/\/i0.wp.com\/www.avdavigevano.com\/TEST\/wp-content\/uploads\/2024\/04\/10-Altare.jpg?fit=568%2C754&amp;ssl=1\" class=\"aligncenter wp-image-1813 \" src=\"https:\/\/i0.wp.com\/www.avdavigevano.com\/TEST\/wp-content\/uploads\/2024\/04\/10-Altare.jpg?resize=289%2C383\" alt=\"\" width=\"289\" height=\"383\" srcset=\"https:\/\/i0.wp.com\/www.avdavigevano.com\/TEST\/wp-content\/uploads\/2024\/04\/10-Altare.jpg?w=568&amp;ssl=1 568w, https:\/\/i0.wp.com\/www.avdavigevano.com\/TEST\/wp-content\/uploads\/2024\/04\/10-Altare.jpg?resize=226%2C300&amp;ssl=1 226w\" sizes=\"auto, (max-width: 289px) 100vw, 289px\" \/><\/a><\/td>\n<td width=\"491\"><a href=\"https:\/\/i0.wp.com\/www.avdavigevano.com\/TEST\/wp-content\/uploads\/2024\/04\/11-Gente.jpg\" target=\"_blank\" rel=\"noopener\"><img data-recalc-dims=\"1\" loading=\"lazy\" decoding=\"async\" data-attachment-id=\"1814\" data-permalink=\"https:\/\/www.avdavigevano.com\/?attachment_id=1814\" data-orig-file=\"https:\/\/i0.wp.com\/www.avdavigevano.com\/TEST\/wp-content\/uploads\/2024\/04\/11-Gente.jpg?fit=1011%2C763&amp;ssl=1\" data-orig-size=\"1011,763\" data-comments-opened=\"1\" data-image-meta=\"{&quot;aperture&quot;:&quot;0&quot;,&quot;credit&quot;:&quot;&quot;,&quot;camera&quot;:&quot;&quot;,&quot;caption&quot;:&quot;&quot;,&quot;created_timestamp&quot;:&quot;0&quot;,&quot;copyright&quot;:&quot;&quot;,&quot;focal_length&quot;:&quot;0&quot;,&quot;iso&quot;:&quot;0&quot;,&quot;shutter_speed&quot;:&quot;0&quot;,&quot;title&quot;:&quot;&quot;,&quot;orientation&quot;:&quot;0&quot;}\" data-image-title=\"11 &amp;#8211; Gente\" data-image-description=\"\" data-image-caption=\"\" data-large-file=\"https:\/\/i0.wp.com\/www.avdavigevano.com\/TEST\/wp-content\/uploads\/2024\/04\/11-Gente.jpg?fit=1011%2C763&amp;ssl=1\" class=\"aligncenter wp-image-1814 size-full\" src=\"https:\/\/i0.wp.com\/www.avdavigevano.com\/TEST\/wp-content\/uploads\/2024\/04\/11-Gente.jpg?resize=1011%2C763\" alt=\"\" width=\"1011\" height=\"763\" srcset=\"https:\/\/i0.wp.com\/www.avdavigevano.com\/TEST\/wp-content\/uploads\/2024\/04\/11-Gente.jpg?w=1011&amp;ssl=1 1011w, https:\/\/i0.wp.com\/www.avdavigevano.com\/TEST\/wp-content\/uploads\/2024\/04\/11-Gente.jpg?resize=300%2C226&amp;ssl=1 300w, https:\/\/i0.wp.com\/www.avdavigevano.com\/TEST\/wp-content\/uploads\/2024\/04\/11-Gente.jpg?resize=768%2C580&amp;ssl=1 768w\" sizes=\"auto, (max-width: 1000px) 100vw, 1000px\" \/><\/a><\/td>\n<\/tr>\n<\/tbody>\n<\/table>\n<p>Importante, soprattutto al nord, il culto della morte: si tratta di una amica che ci vive accanto e che va onorata.<\/p>\n<table>\n<tbody>\n<tr>\n<td width=\"187\">\n<p><div id=\"attachment_1815\" style=\"width: 905px\" class=\"wp-caption aligncenter\"><a href=\"https:\/\/i0.wp.com\/www.avdavigevano.com\/TEST\/wp-content\/uploads\/2024\/04\/12-Museo-nazionale-della-Morte.jpg\" target=\"_blank\" rel=\"noopener\"><img data-recalc-dims=\"1\" loading=\"lazy\" decoding=\"async\" aria-describedby=\"caption-attachment-1815\" data-attachment-id=\"1815\" data-permalink=\"https:\/\/www.avdavigevano.com\/?attachment_id=1815\" data-orig-file=\"https:\/\/i0.wp.com\/www.avdavigevano.com\/TEST\/wp-content\/uploads\/2024\/04\/12-Museo-nazionale-della-Morte.jpg?fit=895%2C675&amp;ssl=1\" data-orig-size=\"895,675\" data-comments-opened=\"1\" data-image-meta=\"{&quot;aperture&quot;:&quot;0&quot;,&quot;credit&quot;:&quot;&quot;,&quot;camera&quot;:&quot;&quot;,&quot;caption&quot;:&quot;&quot;,&quot;created_timestamp&quot;:&quot;0&quot;,&quot;copyright&quot;:&quot;&quot;,&quot;focal_length&quot;:&quot;0&quot;,&quot;iso&quot;:&quot;0&quot;,&quot;shutter_speed&quot;:&quot;0&quot;,&quot;title&quot;:&quot;&quot;,&quot;orientation&quot;:&quot;0&quot;}\" data-image-title=\"12 &amp;#8211; Museo nazionale della Morte\" data-image-description=\"\" data-image-caption=\"\" data-large-file=\"https:\/\/i0.wp.com\/www.avdavigevano.com\/TEST\/wp-content\/uploads\/2024\/04\/12-Museo-nazionale-della-Morte.jpg?fit=895%2C675&amp;ssl=1\" class=\"wp-image-1815 size-full\" src=\"https:\/\/i0.wp.com\/www.avdavigevano.com\/TEST\/wp-content\/uploads\/2024\/04\/12-Museo-nazionale-della-Morte.jpg?resize=895%2C675\" alt=\"\" width=\"895\" height=\"675\" srcset=\"https:\/\/i0.wp.com\/www.avdavigevano.com\/TEST\/wp-content\/uploads\/2024\/04\/12-Museo-nazionale-della-Morte.jpg?w=895&amp;ssl=1 895w, https:\/\/i0.wp.com\/www.avdavigevano.com\/TEST\/wp-content\/uploads\/2024\/04\/12-Museo-nazionale-della-Morte.jpg?resize=300%2C226&amp;ssl=1 300w, https:\/\/i0.wp.com\/www.avdavigevano.com\/TEST\/wp-content\/uploads\/2024\/04\/12-Museo-nazionale-della-Morte.jpg?resize=768%2C579&amp;ssl=1 768w\" sizes=\"auto, (max-width: 895px) 100vw, 895px\" \/><\/a><p id=\"caption-attachment-1815\" class=\"wp-caption-text\">Museo Nazionale della Morte<\/p><\/div><\/td>\n<td width=\"491\">\n<p><div id=\"attachment_1816\" style=\"width: 593px\" class=\"wp-caption aligncenter\"><a href=\"https:\/\/i0.wp.com\/www.avdavigevano.com\/TEST\/wp-content\/uploads\/2024\/04\/13-Gianluigi-e-la-signora-Morte.jpg\" target=\"_blank\" rel=\"noopener\"><img data-recalc-dims=\"1\" loading=\"lazy\" decoding=\"async\" aria-describedby=\"caption-attachment-1816\" data-attachment-id=\"1816\" data-permalink=\"https:\/\/www.avdavigevano.com\/?attachment_id=1816\" data-orig-file=\"https:\/\/i0.wp.com\/www.avdavigevano.com\/TEST\/wp-content\/uploads\/2024\/04\/13-Gianluigi-e-la-signora-Morte.jpg?fit=583%2C776&amp;ssl=1\" data-orig-size=\"583,776\" data-comments-opened=\"1\" data-image-meta=\"{&quot;aperture&quot;:&quot;0&quot;,&quot;credit&quot;:&quot;&quot;,&quot;camera&quot;:&quot;&quot;,&quot;caption&quot;:&quot;&quot;,&quot;created_timestamp&quot;:&quot;0&quot;,&quot;copyright&quot;:&quot;&quot;,&quot;focal_length&quot;:&quot;0&quot;,&quot;iso&quot;:&quot;0&quot;,&quot;shutter_speed&quot;:&quot;0&quot;,&quot;title&quot;:&quot;&quot;,&quot;orientation&quot;:&quot;0&quot;}\" data-image-title=\"13 &amp;#8211; Gianluigi e la signora Morte\" data-image-description=\"\" data-image-caption=\"\" data-large-file=\"https:\/\/i0.wp.com\/www.avdavigevano.com\/TEST\/wp-content\/uploads\/2024\/04\/13-Gianluigi-e-la-signora-Morte.jpg?fit=583%2C776&amp;ssl=1\" class=\"wp-image-1816 size-full\" src=\"https:\/\/i0.wp.com\/www.avdavigevano.com\/TEST\/wp-content\/uploads\/2024\/04\/13-Gianluigi-e-la-signora-Morte.jpg?resize=583%2C776\" alt=\"\" width=\"583\" height=\"776\" srcset=\"https:\/\/i0.wp.com\/www.avdavigevano.com\/TEST\/wp-content\/uploads\/2024\/04\/13-Gianluigi-e-la-signora-Morte.jpg?w=583&amp;ssl=1 583w, https:\/\/i0.wp.com\/www.avdavigevano.com\/TEST\/wp-content\/uploads\/2024\/04\/13-Gianluigi-e-la-signora-Morte.jpg?resize=225%2C300&amp;ssl=1 225w\" sizes=\"auto, (max-width: 583px) 100vw, 583px\" \/><\/a><p id=\"caption-attachment-1816\" class=\"wp-caption-text\">Gianluigi con l&#8217;immancabile maglietta con la tavola periodica degli elementi e la sig.ra Morte<\/p><\/div><\/td>\n<\/tr>\n<\/tbody>\n<\/table>\n<p>&nbsp;<\/p>\n<p>La visita alla miniera di Zacatacas ci ha mostrato le condizioni in cui operavano per l\u2019estrazione dell\u2019argento e dell\u2019oro; ma ci ha illuminato il museo mineralogico annesso:<\/p>\n<table width=\"680\">\n<tbody>\n<tr>\n<td width=\"305\"><a href=\"https:\/\/i0.wp.com\/www.avdavigevano.com\/TEST\/wp-content\/uploads\/2024\/04\/14-Astrofilita.jpg\" target=\"_blank\" rel=\"noopener\"><img data-recalc-dims=\"1\" loading=\"lazy\" decoding=\"async\" data-attachment-id=\"1817\" data-permalink=\"https:\/\/www.avdavigevano.com\/?attachment_id=1817\" data-orig-file=\"https:\/\/i0.wp.com\/www.avdavigevano.com\/TEST\/wp-content\/uploads\/2024\/04\/14-Astrofilita.jpg?fit=656%2C1045&amp;ssl=1\" data-orig-size=\"656,1045\" data-comments-opened=\"1\" data-image-meta=\"{&quot;aperture&quot;:&quot;0&quot;,&quot;credit&quot;:&quot;&quot;,&quot;camera&quot;:&quot;&quot;,&quot;caption&quot;:&quot;&quot;,&quot;created_timestamp&quot;:&quot;0&quot;,&quot;copyright&quot;:&quot;&quot;,&quot;focal_length&quot;:&quot;0&quot;,&quot;iso&quot;:&quot;0&quot;,&quot;shutter_speed&quot;:&quot;0&quot;,&quot;title&quot;:&quot;&quot;,&quot;orientation&quot;:&quot;0&quot;}\" data-image-title=\"14 &amp;#8211; Astrofilita\" data-image-description=\"\" data-image-caption=\"\" data-large-file=\"https:\/\/i0.wp.com\/www.avdavigevano.com\/TEST\/wp-content\/uploads\/2024\/04\/14-Astrofilita.jpg?fit=643%2C1024&amp;ssl=1\" class=\"aligncenter wp-image-1817 size-full\" src=\"https:\/\/i0.wp.com\/www.avdavigevano.com\/TEST\/wp-content\/uploads\/2024\/04\/14-Astrofilita.jpg?resize=656%2C1045\" alt=\"\" width=\"656\" height=\"1045\" srcset=\"https:\/\/i0.wp.com\/www.avdavigevano.com\/TEST\/wp-content\/uploads\/2024\/04\/14-Astrofilita.jpg?w=656&amp;ssl=1 656w, https:\/\/i0.wp.com\/www.avdavigevano.com\/TEST\/wp-content\/uploads\/2024\/04\/14-Astrofilita.jpg?resize=188%2C300&amp;ssl=1 188w, https:\/\/i0.wp.com\/www.avdavigevano.com\/TEST\/wp-content\/uploads\/2024\/04\/14-Astrofilita.jpg?resize=643%2C1024&amp;ssl=1 643w\" sizes=\"auto, (max-width: 656px) 100vw, 656px\" \/><\/a><\/td>\n<td width=\"375\">Definita da un nostro nostro compagno di viaggio come:<\/p>\n<p>\u201cLa malattia che costringe alcune persone a viaggiare con la testa rivolta all\u2019ins\u00f9\u2026..\u201d<\/td>\n<\/tr>\n<\/tbody>\n<\/table>\n<p>Ho invece ancora dubbi sul seguente minerale\u2026\u2026<\/p>\n<table width=\"680\">\n<tbody>\n<tr>\n<td width=\"340\"><a href=\"https:\/\/i0.wp.com\/www.avdavigevano.com\/TEST\/wp-content\/uploads\/2024\/04\/15-Kripton_01.jpg\" target=\"_blank\" rel=\"noopener\"><img data-recalc-dims=\"1\" loading=\"lazy\" decoding=\"async\" data-attachment-id=\"1818\" data-permalink=\"https:\/\/www.avdavigevano.com\/?attachment_id=1818\" data-orig-file=\"https:\/\/i0.wp.com\/www.avdavigevano.com\/TEST\/wp-content\/uploads\/2024\/04\/15-Kripton_01.jpg?fit=770%2C870&amp;ssl=1\" data-orig-size=\"770,870\" data-comments-opened=\"1\" data-image-meta=\"{&quot;aperture&quot;:&quot;0&quot;,&quot;credit&quot;:&quot;&quot;,&quot;camera&quot;:&quot;&quot;,&quot;caption&quot;:&quot;&quot;,&quot;created_timestamp&quot;:&quot;0&quot;,&quot;copyright&quot;:&quot;&quot;,&quot;focal_length&quot;:&quot;0&quot;,&quot;iso&quot;:&quot;0&quot;,&quot;shutter_speed&quot;:&quot;0&quot;,&quot;title&quot;:&quot;&quot;,&quot;orientation&quot;:&quot;0&quot;}\" data-image-title=\"15 &amp;#8211; Kripton_01\" data-image-description=\"\" data-image-caption=\"\" data-large-file=\"https:\/\/i0.wp.com\/www.avdavigevano.com\/TEST\/wp-content\/uploads\/2024\/04\/15-Kripton_01.jpg?fit=770%2C870&amp;ssl=1\" class=\"aligncenter wp-image-1818 size-full\" src=\"https:\/\/i0.wp.com\/www.avdavigevano.com\/TEST\/wp-content\/uploads\/2024\/04\/15-Kripton_01.jpg?resize=770%2C870\" alt=\"\" width=\"770\" height=\"870\" srcset=\"https:\/\/i0.wp.com\/www.avdavigevano.com\/TEST\/wp-content\/uploads\/2024\/04\/15-Kripton_01.jpg?w=770&amp;ssl=1 770w, https:\/\/i0.wp.com\/www.avdavigevano.com\/TEST\/wp-content\/uploads\/2024\/04\/15-Kripton_01.jpg?resize=266%2C300&amp;ssl=1 266w, https:\/\/i0.wp.com\/www.avdavigevano.com\/TEST\/wp-content\/uploads\/2024\/04\/15-Kripton_01.jpg?resize=768%2C868&amp;ssl=1 768w\" sizes=\"auto, (max-width: 770px) 100vw, 770px\" \/><\/a><\/td>\n<td width=\"340\"><a href=\"https:\/\/i0.wp.com\/www.avdavigevano.com\/TEST\/wp-content\/uploads\/2024\/04\/15-Kripton_02.jpg\" target=\"_blank\" rel=\"noopener\"><img data-recalc-dims=\"1\" loading=\"lazy\" decoding=\"async\" data-attachment-id=\"1819\" data-permalink=\"https:\/\/www.avdavigevano.com\/?attachment_id=1819\" data-orig-file=\"https:\/\/i0.wp.com\/www.avdavigevano.com\/TEST\/wp-content\/uploads\/2024\/04\/15-Kripton_02.jpg?fit=806%2C870&amp;ssl=1\" data-orig-size=\"806,870\" data-comments-opened=\"1\" data-image-meta=\"{&quot;aperture&quot;:&quot;0&quot;,&quot;credit&quot;:&quot;&quot;,&quot;camera&quot;:&quot;&quot;,&quot;caption&quot;:&quot;&quot;,&quot;created_timestamp&quot;:&quot;0&quot;,&quot;copyright&quot;:&quot;&quot;,&quot;focal_length&quot;:&quot;0&quot;,&quot;iso&quot;:&quot;0&quot;,&quot;shutter_speed&quot;:&quot;0&quot;,&quot;title&quot;:&quot;&quot;,&quot;orientation&quot;:&quot;0&quot;}\" data-image-title=\"15 &amp;#8211; Kripton_02\" data-image-description=\"\" data-image-caption=\"\" data-large-file=\"https:\/\/i0.wp.com\/www.avdavigevano.com\/TEST\/wp-content\/uploads\/2024\/04\/15-Kripton_02.jpg?fit=806%2C870&amp;ssl=1\" class=\"aligncenter wp-image-1819 size-full\" src=\"https:\/\/i0.wp.com\/www.avdavigevano.com\/TEST\/wp-content\/uploads\/2024\/04\/15-Kripton_02.jpg?resize=806%2C870\" alt=\"\" width=\"806\" height=\"870\" srcset=\"https:\/\/i0.wp.com\/www.avdavigevano.com\/TEST\/wp-content\/uploads\/2024\/04\/15-Kripton_02.jpg?w=806&amp;ssl=1 806w, https:\/\/i0.wp.com\/www.avdavigevano.com\/TEST\/wp-content\/uploads\/2024\/04\/15-Kripton_02.jpg?resize=278%2C300&amp;ssl=1 278w, https:\/\/i0.wp.com\/www.avdavigevano.com\/TEST\/wp-content\/uploads\/2024\/04\/15-Kripton_02.jpg?resize=768%2C829&amp;ssl=1 768w\" sizes=\"auto, (max-width: 806px) 100vw, 806px\" \/><\/a><\/td>\n<\/tr>\n<\/tbody>\n<\/table>\n<p>Visto in luce naturale e sotto la luce UV (Superman esiste ?????)<\/p>\n<p>L\u2019avvicinarsi a Torreon ha cominciato con la frenetica consultazione dei bollettini meteo &#x2639;&#x2639;&#x2639;: (prima era assolutamente proibito per motivi scaramantici &#x1f60a;).<\/p>\n<p>L\u2019organizzatore del gruppo: Alberto Villa <em>(astrofilo di origine pavese, che aveva cominciato la progettazione dell\u2019Osservatorio di Ca\u2019 del Monte nell\u2019oltrep\u00f2, e che ora, spostatosi in quel della Toscana, \u00e8 presidente dell\u2019Associazione Astrofili dell\u2019Alta Valdera: cuore ed animatore del nostro Gruppo Astrofili che ci accompagna dall\u2019Isola di Pasqua &#8211; \u201cquesta \u00e8 la sua tredicesima eclisse\u201d)<\/em> aveva cominciato la frenetica ricerca del sito migliore dal punto di vista meteorologico.<\/p>\n<p>&nbsp;<\/p>\n<p>Torreon, sito scelto inizialmente cominciava ad avere problemi di nuvole (vi consiglio il sito di MetoBlue), che ha anche una visualizzazione per gli astrofili:<\/p>\n<table>\n<tbody>\n<tr>\n<td width=\"171\"><a href=\"https:\/\/i0.wp.com\/www.avdavigevano.com\/TEST\/wp-content\/uploads\/2024\/04\/16-Previsioni-Torreon.jpg\" target=\"_blank\" rel=\"noopener\"><img data-recalc-dims=\"1\" loading=\"lazy\" decoding=\"async\" data-attachment-id=\"1820\" data-permalink=\"https:\/\/www.avdavigevano.com\/?attachment_id=1820\" data-orig-file=\"https:\/\/i0.wp.com\/www.avdavigevano.com\/TEST\/wp-content\/uploads\/2024\/04\/16-Previsioni-Torreon.jpg?fit=394%2C873&amp;ssl=1\" data-orig-size=\"394,873\" data-comments-opened=\"1\" data-image-meta=\"{&quot;aperture&quot;:&quot;0&quot;,&quot;credit&quot;:&quot;&quot;,&quot;camera&quot;:&quot;&quot;,&quot;caption&quot;:&quot;&quot;,&quot;created_timestamp&quot;:&quot;0&quot;,&quot;copyright&quot;:&quot;&quot;,&quot;focal_length&quot;:&quot;0&quot;,&quot;iso&quot;:&quot;0&quot;,&quot;shutter_speed&quot;:&quot;0&quot;,&quot;title&quot;:&quot;&quot;,&quot;orientation&quot;:&quot;0&quot;}\" data-image-title=\"16 &amp;#8211; Previsioni Torreon\" data-image-description=\"\" data-image-caption=\"\" data-large-file=\"https:\/\/i0.wp.com\/www.avdavigevano.com\/TEST\/wp-content\/uploads\/2024\/04\/16-Previsioni-Torreon.jpg?fit=394%2C873&amp;ssl=1\" class=\"aligncenter wp-image-1820 size-full\" src=\"https:\/\/i0.wp.com\/www.avdavigevano.com\/TEST\/wp-content\/uploads\/2024\/04\/16-Previsioni-Torreon.jpg?resize=394%2C873\" alt=\"\" width=\"394\" height=\"873\" srcset=\"https:\/\/i0.wp.com\/www.avdavigevano.com\/TEST\/wp-content\/uploads\/2024\/04\/16-Previsioni-Torreon.jpg?w=394&amp;ssl=1 394w, https:\/\/i0.wp.com\/www.avdavigevano.com\/TEST\/wp-content\/uploads\/2024\/04\/16-Previsioni-Torreon.jpg?resize=135%2C300&amp;ssl=1 135w\" sizes=\"auto, (max-width: 394px) 100vw, 394px\" \/><\/a><\/td>\n<td width=\"171\"><a href=\"https:\/\/i0.wp.com\/www.avdavigevano.com\/TEST\/wp-content\/uploads\/2024\/04\/17-Previsioni-Tesajillo.jpg\" target=\"_blank\" rel=\"noopener\"><img data-recalc-dims=\"1\" loading=\"lazy\" decoding=\"async\" data-attachment-id=\"1821\" data-permalink=\"https:\/\/www.avdavigevano.com\/?attachment_id=1821\" data-orig-file=\"https:\/\/i0.wp.com\/www.avdavigevano.com\/TEST\/wp-content\/uploads\/2024\/04\/17-Previsioni-Tesajillo.jpg?fit=394%2C873&amp;ssl=1\" data-orig-size=\"394,873\" data-comments-opened=\"1\" data-image-meta=\"{&quot;aperture&quot;:&quot;0&quot;,&quot;credit&quot;:&quot;&quot;,&quot;camera&quot;:&quot;&quot;,&quot;caption&quot;:&quot;&quot;,&quot;created_timestamp&quot;:&quot;0&quot;,&quot;copyright&quot;:&quot;&quot;,&quot;focal_length&quot;:&quot;0&quot;,&quot;iso&quot;:&quot;0&quot;,&quot;shutter_speed&quot;:&quot;0&quot;,&quot;title&quot;:&quot;&quot;,&quot;orientation&quot;:&quot;0&quot;}\" data-image-title=\"17 &amp;#8211; Previsioni Tesajillo\" data-image-description=\"\" data-image-caption=\"\" data-large-file=\"https:\/\/i0.wp.com\/www.avdavigevano.com\/TEST\/wp-content\/uploads\/2024\/04\/17-Previsioni-Tesajillo.jpg?fit=394%2C873&amp;ssl=1\" class=\"aligncenter wp-image-1821 size-full\" src=\"https:\/\/i0.wp.com\/www.avdavigevano.com\/TEST\/wp-content\/uploads\/2024\/04\/17-Previsioni-Tesajillo.jpg?resize=394%2C873\" alt=\"\" width=\"394\" height=\"873\" srcset=\"https:\/\/i0.wp.com\/www.avdavigevano.com\/TEST\/wp-content\/uploads\/2024\/04\/17-Previsioni-Tesajillo.jpg?w=394&amp;ssl=1 394w, https:\/\/i0.wp.com\/www.avdavigevano.com\/TEST\/wp-content\/uploads\/2024\/04\/17-Previsioni-Tesajillo.jpg?resize=135%2C300&amp;ssl=1 135w\" sizes=\"auto, (max-width: 394px) 100vw, 394px\" \/><\/a><\/td>\n<td width=\"167\"><a href=\"https:\/\/i0.wp.com\/www.avdavigevano.com\/TEST\/wp-content\/uploads\/2024\/04\/18-Previsioni-Durango.jpg\" target=\"_blank\" rel=\"noopener\"><img data-recalc-dims=\"1\" loading=\"lazy\" decoding=\"async\" data-attachment-id=\"1822\" data-permalink=\"https:\/\/www.avdavigevano.com\/?attachment_id=1822\" data-orig-file=\"https:\/\/i0.wp.com\/www.avdavigevano.com\/TEST\/wp-content\/uploads\/2024\/04\/18-Previsioni-Durango.jpg?fit=385%2C855&amp;ssl=1\" data-orig-size=\"385,855\" data-comments-opened=\"1\" data-image-meta=\"{&quot;aperture&quot;:&quot;0&quot;,&quot;credit&quot;:&quot;&quot;,&quot;camera&quot;:&quot;&quot;,&quot;caption&quot;:&quot;&quot;,&quot;created_timestamp&quot;:&quot;0&quot;,&quot;copyright&quot;:&quot;&quot;,&quot;focal_length&quot;:&quot;0&quot;,&quot;iso&quot;:&quot;0&quot;,&quot;shutter_speed&quot;:&quot;0&quot;,&quot;title&quot;:&quot;&quot;,&quot;orientation&quot;:&quot;0&quot;}\" data-image-title=\"18 &amp;#8211; Previsioni Durango\" data-image-description=\"\" data-image-caption=\"\" data-large-file=\"https:\/\/i0.wp.com\/www.avdavigevano.com\/TEST\/wp-content\/uploads\/2024\/04\/18-Previsioni-Durango.jpg?fit=385%2C855&amp;ssl=1\" class=\"aligncenter wp-image-1822 size-full\" src=\"https:\/\/i0.wp.com\/www.avdavigevano.com\/TEST\/wp-content\/uploads\/2024\/04\/18-Previsioni-Durango.jpg?resize=385%2C855\" alt=\"\" width=\"385\" height=\"855\" srcset=\"https:\/\/i0.wp.com\/www.avdavigevano.com\/TEST\/wp-content\/uploads\/2024\/04\/18-Previsioni-Durango.jpg?w=385&amp;ssl=1 385w, https:\/\/i0.wp.com\/www.avdavigevano.com\/TEST\/wp-content\/uploads\/2024\/04\/18-Previsioni-Durango.jpg?resize=135%2C300&amp;ssl=1 135w\" sizes=\"auto, (max-width: 385px) 100vw, 385px\" \/><\/a><\/td>\n<td width=\"171\"><a href=\"https:\/\/i0.wp.com\/www.avdavigevano.com\/TEST\/wp-content\/uploads\/2024\/04\/19-Previsioni-Guadalupe.jpg\" target=\"_blank\" rel=\"noopener\"><img data-recalc-dims=\"1\" loading=\"lazy\" decoding=\"async\" data-attachment-id=\"1823\" data-permalink=\"https:\/\/www.avdavigevano.com\/?attachment_id=1823\" data-orig-file=\"https:\/\/i0.wp.com\/www.avdavigevano.com\/TEST\/wp-content\/uploads\/2024\/04\/19-Previsioni-Guadalupe.jpg?fit=394%2C873&amp;ssl=1\" data-orig-size=\"394,873\" data-comments-opened=\"1\" data-image-meta=\"{&quot;aperture&quot;:&quot;0&quot;,&quot;credit&quot;:&quot;&quot;,&quot;camera&quot;:&quot;&quot;,&quot;caption&quot;:&quot;&quot;,&quot;created_timestamp&quot;:&quot;0&quot;,&quot;copyright&quot;:&quot;&quot;,&quot;focal_length&quot;:&quot;0&quot;,&quot;iso&quot;:&quot;0&quot;,&quot;shutter_speed&quot;:&quot;0&quot;,&quot;title&quot;:&quot;&quot;,&quot;orientation&quot;:&quot;0&quot;}\" data-image-title=\"19 &amp;#8211; Previsioni Guadalupe\" data-image-description=\"\" data-image-caption=\"\" data-large-file=\"https:\/\/i0.wp.com\/www.avdavigevano.com\/TEST\/wp-content\/uploads\/2024\/04\/19-Previsioni-Guadalupe.jpg?fit=394%2C873&amp;ssl=1\" class=\"aligncenter wp-image-1823 size-full\" src=\"https:\/\/i0.wp.com\/www.avdavigevano.com\/TEST\/wp-content\/uploads\/2024\/04\/19-Previsioni-Guadalupe.jpg?resize=394%2C873\" alt=\"\" width=\"394\" height=\"873\" srcset=\"https:\/\/i0.wp.com\/www.avdavigevano.com\/TEST\/wp-content\/uploads\/2024\/04\/19-Previsioni-Guadalupe.jpg?w=394&amp;ssl=1 394w, https:\/\/i0.wp.com\/www.avdavigevano.com\/TEST\/wp-content\/uploads\/2024\/04\/19-Previsioni-Guadalupe.jpg?resize=135%2C300&amp;ssl=1 135w\" sizes=\"auto, (max-width: 394px) 100vw, 394px\" \/><\/a><\/td>\n<\/tr>\n<tr>\n<td width=\"171\">Previsioni Torreon<\/td>\n<td width=\"171\">Previsioni Tesajillo<\/td>\n<td width=\"167\">Previsioni Durango<\/td>\n<td width=\"171\">Previsioni Guadalupe<\/td>\n<\/tr>\n<\/tbody>\n<\/table>\n<p>&nbsp;<\/p>\n<p>L\u2019aggiornamento meteo \u00e8 continuato sino alle prime luci dell\u2019alba:<\/p>\n<table>\n<tbody>\n<tr>\n<td width=\"171\"><a href=\"https:\/\/i0.wp.com\/www.avdavigevano.com\/TEST\/wp-content\/uploads\/2024\/04\/20-Previsioni-Torreon-2am.jpg\" target=\"_blank\" rel=\"noopener\"><img data-recalc-dims=\"1\" loading=\"lazy\" decoding=\"async\" data-attachment-id=\"1824\" data-permalink=\"https:\/\/www.avdavigevano.com\/?attachment_id=1824\" data-orig-file=\"https:\/\/i0.wp.com\/www.avdavigevano.com\/TEST\/wp-content\/uploads\/2024\/04\/20-Previsioni-Torreon-2am.jpg?fit=394%2C696&amp;ssl=1\" data-orig-size=\"394,696\" data-comments-opened=\"1\" data-image-meta=\"{&quot;aperture&quot;:&quot;0&quot;,&quot;credit&quot;:&quot;&quot;,&quot;camera&quot;:&quot;&quot;,&quot;caption&quot;:&quot;&quot;,&quot;created_timestamp&quot;:&quot;0&quot;,&quot;copyright&quot;:&quot;&quot;,&quot;focal_length&quot;:&quot;0&quot;,&quot;iso&quot;:&quot;0&quot;,&quot;shutter_speed&quot;:&quot;0&quot;,&quot;title&quot;:&quot;&quot;,&quot;orientation&quot;:&quot;0&quot;}\" data-image-title=\"20 &amp;#8211; Previsioni Torreon 2am\" data-image-description=\"\" data-image-caption=\"\" data-large-file=\"https:\/\/i0.wp.com\/www.avdavigevano.com\/TEST\/wp-content\/uploads\/2024\/04\/20-Previsioni-Torreon-2am.jpg?fit=394%2C696&amp;ssl=1\" class=\"aligncenter wp-image-1824 size-full\" src=\"https:\/\/i0.wp.com\/www.avdavigevano.com\/TEST\/wp-content\/uploads\/2024\/04\/20-Previsioni-Torreon-2am.jpg?resize=394%2C696\" alt=\"\" width=\"394\" height=\"696\" srcset=\"https:\/\/i0.wp.com\/www.avdavigevano.com\/TEST\/wp-content\/uploads\/2024\/04\/20-Previsioni-Torreon-2am.jpg?w=394&amp;ssl=1 394w, https:\/\/i0.wp.com\/www.avdavigevano.com\/TEST\/wp-content\/uploads\/2024\/04\/20-Previsioni-Torreon-2am.jpg?resize=170%2C300&amp;ssl=1 170w\" sizes=\"auto, (max-width: 394px) 100vw, 394px\" \/><\/a><\/td>\n<td width=\"171\"><a href=\"https:\/\/i0.wp.com\/www.avdavigevano.com\/TEST\/wp-content\/uploads\/2024\/04\/21-Previsioni-Tesajillo-2am.jpg\" target=\"_blank\" rel=\"noopener\"><img data-recalc-dims=\"1\" loading=\"lazy\" decoding=\"async\" data-attachment-id=\"1825\" data-permalink=\"https:\/\/www.avdavigevano.com\/?attachment_id=1825\" data-orig-file=\"https:\/\/i0.wp.com\/www.avdavigevano.com\/TEST\/wp-content\/uploads\/2024\/04\/21-Previsioni-Tesajillo-2am.jpg?fit=394%2C696&amp;ssl=1\" data-orig-size=\"394,696\" data-comments-opened=\"1\" data-image-meta=\"{&quot;aperture&quot;:&quot;0&quot;,&quot;credit&quot;:&quot;&quot;,&quot;camera&quot;:&quot;&quot;,&quot;caption&quot;:&quot;&quot;,&quot;created_timestamp&quot;:&quot;0&quot;,&quot;copyright&quot;:&quot;&quot;,&quot;focal_length&quot;:&quot;0&quot;,&quot;iso&quot;:&quot;0&quot;,&quot;shutter_speed&quot;:&quot;0&quot;,&quot;title&quot;:&quot;&quot;,&quot;orientation&quot;:&quot;0&quot;}\" data-image-title=\"21 &amp;#8211; Previsioni Tesajillo 2am\" data-image-description=\"\" data-image-caption=\"\" data-large-file=\"https:\/\/i0.wp.com\/www.avdavigevano.com\/TEST\/wp-content\/uploads\/2024\/04\/21-Previsioni-Tesajillo-2am.jpg?fit=394%2C696&amp;ssl=1\" class=\"aligncenter wp-image-1825 size-full\" src=\"https:\/\/i0.wp.com\/www.avdavigevano.com\/TEST\/wp-content\/uploads\/2024\/04\/21-Previsioni-Tesajillo-2am.jpg?resize=394%2C696\" alt=\"\" width=\"394\" height=\"696\" srcset=\"https:\/\/i0.wp.com\/www.avdavigevano.com\/TEST\/wp-content\/uploads\/2024\/04\/21-Previsioni-Tesajillo-2am.jpg?w=394&amp;ssl=1 394w, https:\/\/i0.wp.com\/www.avdavigevano.com\/TEST\/wp-content\/uploads\/2024\/04\/21-Previsioni-Tesajillo-2am.jpg?resize=170%2C300&amp;ssl=1 170w\" sizes=\"auto, (max-width: 394px) 100vw, 394px\" \/><\/a><\/td>\n<td width=\"167\"><a href=\"https:\/\/i0.wp.com\/www.avdavigevano.com\/TEST\/wp-content\/uploads\/2024\/04\/22-Previsioni-Durango-2am.jpg\" target=\"_blank\" rel=\"noopener\"><img data-recalc-dims=\"1\" loading=\"lazy\" decoding=\"async\" data-attachment-id=\"1826\" data-permalink=\"https:\/\/www.avdavigevano.com\/?attachment_id=1826\" data-orig-file=\"https:\/\/i0.wp.com\/www.avdavigevano.com\/TEST\/wp-content\/uploads\/2024\/04\/22-Previsioni-Durango-2am.jpg?fit=394%2C696&amp;ssl=1\" data-orig-size=\"394,696\" data-comments-opened=\"1\" data-image-meta=\"{&quot;aperture&quot;:&quot;0&quot;,&quot;credit&quot;:&quot;&quot;,&quot;camera&quot;:&quot;&quot;,&quot;caption&quot;:&quot;&quot;,&quot;created_timestamp&quot;:&quot;0&quot;,&quot;copyright&quot;:&quot;&quot;,&quot;focal_length&quot;:&quot;0&quot;,&quot;iso&quot;:&quot;0&quot;,&quot;shutter_speed&quot;:&quot;0&quot;,&quot;title&quot;:&quot;&quot;,&quot;orientation&quot;:&quot;0&quot;}\" data-image-title=\"22 &amp;#8211; Previsioni Durango 2am\" data-image-description=\"\" data-image-caption=\"\" data-large-file=\"https:\/\/i0.wp.com\/www.avdavigevano.com\/TEST\/wp-content\/uploads\/2024\/04\/22-Previsioni-Durango-2am.jpg?fit=394%2C696&amp;ssl=1\" class=\"aligncenter wp-image-1826 size-full\" src=\"https:\/\/i0.wp.com\/www.avdavigevano.com\/TEST\/wp-content\/uploads\/2024\/04\/22-Previsioni-Durango-2am.jpg?resize=394%2C696\" alt=\"\" width=\"394\" height=\"696\" srcset=\"https:\/\/i0.wp.com\/www.avdavigevano.com\/TEST\/wp-content\/uploads\/2024\/04\/22-Previsioni-Durango-2am.jpg?w=394&amp;ssl=1 394w, https:\/\/i0.wp.com\/www.avdavigevano.com\/TEST\/wp-content\/uploads\/2024\/04\/22-Previsioni-Durango-2am.jpg?resize=170%2C300&amp;ssl=1 170w\" sizes=\"auto, (max-width: 394px) 100vw, 394px\" \/><\/a><\/td>\n<td width=\"171\"><a href=\"https:\/\/i0.wp.com\/www.avdavigevano.com\/TEST\/wp-content\/uploads\/2024\/04\/23-Previsioni-Guadalupe-2am.jpg\" target=\"_blank\" rel=\"noopener\"><img data-recalc-dims=\"1\" loading=\"lazy\" decoding=\"async\" data-attachment-id=\"1827\" data-permalink=\"https:\/\/www.avdavigevano.com\/?attachment_id=1827\" data-orig-file=\"https:\/\/i0.wp.com\/www.avdavigevano.com\/TEST\/wp-content\/uploads\/2024\/04\/23-Previsioni-Guadalupe-2am.jpg?fit=394%2C696&amp;ssl=1\" data-orig-size=\"394,696\" data-comments-opened=\"1\" data-image-meta=\"{&quot;aperture&quot;:&quot;0&quot;,&quot;credit&quot;:&quot;&quot;,&quot;camera&quot;:&quot;&quot;,&quot;caption&quot;:&quot;&quot;,&quot;created_timestamp&quot;:&quot;0&quot;,&quot;copyright&quot;:&quot;&quot;,&quot;focal_length&quot;:&quot;0&quot;,&quot;iso&quot;:&quot;0&quot;,&quot;shutter_speed&quot;:&quot;0&quot;,&quot;title&quot;:&quot;&quot;,&quot;orientation&quot;:&quot;0&quot;}\" data-image-title=\"23 &amp;#8211; Previsioni Guadalupe 2am\" data-image-description=\"\" data-image-caption=\"\" data-large-file=\"https:\/\/i0.wp.com\/www.avdavigevano.com\/TEST\/wp-content\/uploads\/2024\/04\/23-Previsioni-Guadalupe-2am.jpg?fit=394%2C696&amp;ssl=1\" class=\"aligncenter wp-image-1827 size-full\" src=\"https:\/\/i0.wp.com\/www.avdavigevano.com\/TEST\/wp-content\/uploads\/2024\/04\/23-Previsioni-Guadalupe-2am.jpg?resize=394%2C696\" alt=\"\" width=\"394\" height=\"696\" srcset=\"https:\/\/i0.wp.com\/www.avdavigevano.com\/TEST\/wp-content\/uploads\/2024\/04\/23-Previsioni-Guadalupe-2am.jpg?w=394&amp;ssl=1 394w, https:\/\/i0.wp.com\/www.avdavigevano.com\/TEST\/wp-content\/uploads\/2024\/04\/23-Previsioni-Guadalupe-2am.jpg?resize=170%2C300&amp;ssl=1 170w\" sizes=\"auto, (max-width: 394px) 100vw, 394px\" \/><\/a><\/td>\n<\/tr>\n<tr>\n<td width=\"171\">Previsioni Torreon: ore 02:00<\/td>\n<td width=\"171\">Previsioni Tesajillo: ore 02.00<\/td>\n<td width=\"167\">Previsioni Durango: ore 02.00<\/td>\n<td width=\"171\">Previsioni Guadalupe: ore 02.00<\/td>\n<\/tr>\n<\/tbody>\n<\/table>\n<p>In base alle ultime previsioni, abbiamo deciso di partire per Durando: Distanza ca. 250 km, eclisse ore 12:00, partenza ore 04:00 !!!!<\/p>\n<p>A Durango, dopo aver visitato 3 differenti postazioni, abbiamo deciso di fermarci presso una stazione di servizio.<br \/>\nI proprietari sono stati felicissimo di offrirci una parte del loro parteggio, che hanno recintato per il nostro uso.<\/p>\n<p>Avevamo a disposizione rete WiFi gratuita, Toilettes ed un supermercato: cosa si voleva di pi\u00f9?<br \/>\nCi hanno solo chiesto di avere copia delle foto che avremmo scattato: chiaramente accontentati, ed invitati all\u2019evento offrendogli occhialini e tutte le risposte alle decine di domande che vi avevano entusiasticamente fatto\u2026\u2026<\/p>\n<p>Godetevi le straordinarie foto effettuate:<\/p>\n<p>A Torreon hanno visto l\u2019eclisse tra le nuvole;<\/p>\n<p>Alle Cascate del Niagara hanno solo visto l\u2019oscurarsi del sole tra le fitte nubi.<\/p>\n<p>&nbsp;<\/p>\n<p>&nbsp;<\/p>\n<p>Anche Fred Espenak, che era pi\u00f9 ad oves (a Matzalan)t ha potuto osservare l\u2019eclisse tra la coltre di nubi:<\/p>\n<table>\n<tbody>\n<tr>\n<td width=\"298\">\n<p><div id=\"attachment_1828\" style=\"width: 608px\" class=\"wp-caption aligncenter\"><a href=\"https:\/\/i0.wp.com\/www.avdavigevano.com\/TEST\/wp-content\/uploads\/2024\/04\/24-Fred-Espenak.jpg\" target=\"_blank\" rel=\"noopener\"><img data-recalc-dims=\"1\" loading=\"lazy\" decoding=\"async\" aria-describedby=\"caption-attachment-1828\" data-attachment-id=\"1828\" data-permalink=\"https:\/\/www.avdavigevano.com\/?attachment_id=1828\" data-orig-file=\"https:\/\/i0.wp.com\/www.avdavigevano.com\/TEST\/wp-content\/uploads\/2024\/04\/24-Fred-Espenak-e1713853690295.jpg?fit=598%2C446&amp;ssl=1\" data-orig-size=\"598,446\" data-comments-opened=\"1\" data-image-meta=\"{&quot;aperture&quot;:&quot;0&quot;,&quot;credit&quot;:&quot;&quot;,&quot;camera&quot;:&quot;&quot;,&quot;caption&quot;:&quot;&quot;,&quot;created_timestamp&quot;:&quot;0&quot;,&quot;copyright&quot;:&quot;&quot;,&quot;focal_length&quot;:&quot;0&quot;,&quot;iso&quot;:&quot;0&quot;,&quot;shutter_speed&quot;:&quot;0&quot;,&quot;title&quot;:&quot;&quot;,&quot;orientation&quot;:&quot;0&quot;}\" data-image-title=\"24 &amp;#8211; Fred Espenak\" data-image-description=\"\" data-image-caption=\"\" data-large-file=\"https:\/\/i0.wp.com\/www.avdavigevano.com\/TEST\/wp-content\/uploads\/2024\/04\/24-Fred-Espenak-e1713853690295.jpg?fit=598%2C446&amp;ssl=1\" class=\"wp-image-1828 size-full\" src=\"https:\/\/i0.wp.com\/www.avdavigevano.com\/TEST\/wp-content\/uploads\/2024\/04\/24-Fred-Espenak-e1713853690295.jpg?resize=598%2C446\" alt=\"\" width=\"598\" height=\"446\" srcset=\"https:\/\/i0.wp.com\/www.avdavigevano.com\/TEST\/wp-content\/uploads\/2024\/04\/24-Fred-Espenak-e1713853690295.jpg?w=598&amp;ssl=1 598w, https:\/\/i0.wp.com\/www.avdavigevano.com\/TEST\/wp-content\/uploads\/2024\/04\/24-Fred-Espenak-e1713853690295.jpg?resize=300%2C224&amp;ssl=1 300w\" sizes=\"auto, (max-width: 598px) 100vw, 598px\" \/><\/a><p id=\"caption-attachment-1828\" class=\"wp-caption-text\">il grande Fred Espenak<\/p><\/div><\/td>\n<td width=\"381\"><a href=\"https:\/\/i0.wp.com\/www.avdavigevano.com\/TEST\/wp-content\/uploads\/2024\/04\/25-Fred-Espenak-Eclisse.jpg\" target=\"_blank\" rel=\"noopener\"><img data-recalc-dims=\"1\" loading=\"lazy\" decoding=\"async\" data-attachment-id=\"1829\" data-permalink=\"https:\/\/www.avdavigevano.com\/?attachment_id=1829\" data-orig-file=\"https:\/\/i0.wp.com\/www.avdavigevano.com\/TEST\/wp-content\/uploads\/2024\/04\/25-Fred-Espenak-Eclisse.jpg?fit=268%2C474&amp;ssl=1\" data-orig-size=\"268,474\" data-comments-opened=\"1\" data-image-meta=\"{&quot;aperture&quot;:&quot;0&quot;,&quot;credit&quot;:&quot;&quot;,&quot;camera&quot;:&quot;&quot;,&quot;caption&quot;:&quot;&quot;,&quot;created_timestamp&quot;:&quot;0&quot;,&quot;copyright&quot;:&quot;&quot;,&quot;focal_length&quot;:&quot;0&quot;,&quot;iso&quot;:&quot;0&quot;,&quot;shutter_speed&quot;:&quot;0&quot;,&quot;title&quot;:&quot;&quot;,&quot;orientation&quot;:&quot;0&quot;}\" data-image-title=\"25 &amp;#8211; Fred Espenak Eclisse\" data-image-description=\"\" data-image-caption=\"\" data-large-file=\"https:\/\/i0.wp.com\/www.avdavigevano.com\/TEST\/wp-content\/uploads\/2024\/04\/25-Fred-Espenak-Eclisse.jpg?fit=268%2C474&amp;ssl=1\" class=\"aligncenter wp-image-1829 size-full\" src=\"https:\/\/i0.wp.com\/www.avdavigevano.com\/TEST\/wp-content\/uploads\/2024\/04\/25-Fred-Espenak-Eclisse.jpg?resize=268%2C474\" alt=\"\" width=\"268\" height=\"474\" srcset=\"https:\/\/i0.wp.com\/www.avdavigevano.com\/TEST\/wp-content\/uploads\/2024\/04\/25-Fred-Espenak-Eclisse.jpg?w=268&amp;ssl=1 268w, https:\/\/i0.wp.com\/www.avdavigevano.com\/TEST\/wp-content\/uploads\/2024\/04\/25-Fred-Espenak-Eclisse.jpg?resize=170%2C300&amp;ssl=1 170w\" sizes=\"auto, (max-width: 268px) 100vw, 268px\" \/><\/a><\/td>\n<\/tr>\n<\/tbody>\n<\/table>\n<p>&nbsp;<\/p>\n<p>Godetevi lo spettacoli incredibile che il sole ci ha offerto:<\/p>\n<p>Un anello di diamante incredibilmente visibile ad occhio nudo, con una straordinaria protuberanza rossa, anch\u2019essa perfettamente visibile ad occhio nudo.<\/p>\n<p>A pare mio e di A. Villa la pi\u00f9 stupefacente delle sue 13 e mie 7 eclissi:<\/p>\n<p><a href=\"https:\/\/i0.wp.com\/www.avdavigevano.com\/TEST\/wp-content\/uploads\/2024\/04\/WA_Alberto-Villa-G.Piva-01_2024-04-08.jpg\" target=\"_blank\" rel=\"noopener\"><img data-recalc-dims=\"1\" loading=\"lazy\" decoding=\"async\" data-attachment-id=\"1832\" data-permalink=\"https:\/\/www.avdavigevano.com\/?attachment_id=1832\" data-orig-file=\"https:\/\/i0.wp.com\/www.avdavigevano.com\/TEST\/wp-content\/uploads\/2024\/04\/WA_Alberto-Villa-G.Piva-01_2024-04-08.jpg?fit=1500%2C1000&amp;ssl=1\" data-orig-size=\"1500,1000\" data-comments-opened=\"1\" data-image-meta=\"{&quot;aperture&quot;:&quot;0&quot;,&quot;credit&quot;:&quot;&quot;,&quot;camera&quot;:&quot;&quot;,&quot;caption&quot;:&quot;&quot;,&quot;created_timestamp&quot;:&quot;0&quot;,&quot;copyright&quot;:&quot;&quot;,&quot;focal_length&quot;:&quot;0&quot;,&quot;iso&quot;:&quot;0&quot;,&quot;shutter_speed&quot;:&quot;0&quot;,&quot;title&quot;:&quot;&quot;,&quot;orientation&quot;:&quot;0&quot;}\" data-image-title=\"WA_Alberto Villa &amp;#8211; G.Piva 01_2024-04-08\" data-image-description=\"\" data-image-caption=\"\" data-large-file=\"https:\/\/i0.wp.com\/www.avdavigevano.com\/TEST\/wp-content\/uploads\/2024\/04\/WA_Alberto-Villa-G.Piva-01_2024-04-08.jpg?fit=1024%2C683&amp;ssl=1\" class=\"aligncenter wp-image-1832 size-full\" src=\"https:\/\/i0.wp.com\/www.avdavigevano.com\/TEST\/wp-content\/uploads\/2024\/04\/WA_Alberto-Villa-G.Piva-01_2024-04-08.jpg?resize=1500%2C1000\" alt=\"\" width=\"1500\" height=\"1000\" srcset=\"https:\/\/i0.wp.com\/www.avdavigevano.com\/TEST\/wp-content\/uploads\/2024\/04\/WA_Alberto-Villa-G.Piva-01_2024-04-08.jpg?w=1500&amp;ssl=1 1500w, https:\/\/i0.wp.com\/www.avdavigevano.com\/TEST\/wp-content\/uploads\/2024\/04\/WA_Alberto-Villa-G.Piva-01_2024-04-08.jpg?resize=300%2C200&amp;ssl=1 300w, https:\/\/i0.wp.com\/www.avdavigevano.com\/TEST\/wp-content\/uploads\/2024\/04\/WA_Alberto-Villa-G.Piva-01_2024-04-08.jpg?resize=1024%2C683&amp;ssl=1 1024w, https:\/\/i0.wp.com\/www.avdavigevano.com\/TEST\/wp-content\/uploads\/2024\/04\/WA_Alberto-Villa-G.Piva-01_2024-04-08.jpg?resize=768%2C512&amp;ssl=1 768w\" sizes=\"auto, (max-width: 1000px) 100vw, 1000px\" \/><\/a> <a href=\"https:\/\/i0.wp.com\/www.avdavigevano.com\/TEST\/wp-content\/uploads\/2024\/04\/WA_Alberto-Villa-G.Piva-02_2024-04-08.jpg\" target=\"_blank\" rel=\"noopener\"><img data-recalc-dims=\"1\" loading=\"lazy\" decoding=\"async\" data-attachment-id=\"1833\" data-permalink=\"https:\/\/www.avdavigevano.com\/?attachment_id=1833\" data-orig-file=\"https:\/\/i0.wp.com\/www.avdavigevano.com\/TEST\/wp-content\/uploads\/2024\/04\/WA_Alberto-Villa-G.Piva-02_2024-04-08.jpg?fit=1500%2C1000&amp;ssl=1\" data-orig-size=\"1500,1000\" data-comments-opened=\"1\" data-image-meta=\"{&quot;aperture&quot;:&quot;0&quot;,&quot;credit&quot;:&quot;&quot;,&quot;camera&quot;:&quot;&quot;,&quot;caption&quot;:&quot;&quot;,&quot;created_timestamp&quot;:&quot;0&quot;,&quot;copyright&quot;:&quot;&quot;,&quot;focal_length&quot;:&quot;0&quot;,&quot;iso&quot;:&quot;0&quot;,&quot;shutter_speed&quot;:&quot;0&quot;,&quot;title&quot;:&quot;&quot;,&quot;orientation&quot;:&quot;0&quot;}\" data-image-title=\"WA_Alberto Villa &amp;#8211; G.Piva 02_2024-04-08\" data-image-description=\"\" data-image-caption=\"\" data-large-file=\"https:\/\/i0.wp.com\/www.avdavigevano.com\/TEST\/wp-content\/uploads\/2024\/04\/WA_Alberto-Villa-G.Piva-02_2024-04-08.jpg?fit=1024%2C683&amp;ssl=1\" class=\"aligncenter wp-image-1833 size-full\" src=\"https:\/\/i0.wp.com\/www.avdavigevano.com\/TEST\/wp-content\/uploads\/2024\/04\/WA_Alberto-Villa-G.Piva-02_2024-04-08.jpg?resize=1500%2C1000\" alt=\"\" width=\"1500\" height=\"1000\" srcset=\"https:\/\/i0.wp.com\/www.avdavigevano.com\/TEST\/wp-content\/uploads\/2024\/04\/WA_Alberto-Villa-G.Piva-02_2024-04-08.jpg?w=1500&amp;ssl=1 1500w, https:\/\/i0.wp.com\/www.avdavigevano.com\/TEST\/wp-content\/uploads\/2024\/04\/WA_Alberto-Villa-G.Piva-02_2024-04-08.jpg?resize=300%2C200&amp;ssl=1 300w, https:\/\/i0.wp.com\/www.avdavigevano.com\/TEST\/wp-content\/uploads\/2024\/04\/WA_Alberto-Villa-G.Piva-02_2024-04-08.jpg?resize=1024%2C683&amp;ssl=1 1024w, https:\/\/i0.wp.com\/www.avdavigevano.com\/TEST\/wp-content\/uploads\/2024\/04\/WA_Alberto-Villa-G.Piva-02_2024-04-08.jpg?resize=768%2C512&amp;ssl=1 768w\" sizes=\"auto, (max-width: 1000px) 100vw, 1000px\" \/><\/a> <a href=\"https:\/\/i0.wp.com\/www.avdavigevano.com\/TEST\/wp-content\/uploads\/2024\/04\/WA_Alberto-Villa-G.Piva-03_2024-04-08.jpg\" target=\"_blank\" rel=\"noopener\"><img data-recalc-dims=\"1\" loading=\"lazy\" decoding=\"async\" data-attachment-id=\"1834\" data-permalink=\"https:\/\/www.avdavigevano.com\/?attachment_id=1834\" data-orig-file=\"https:\/\/i0.wp.com\/www.avdavigevano.com\/TEST\/wp-content\/uploads\/2024\/04\/WA_Alberto-Villa-G.Piva-03_2024-04-08.jpg?fit=1500%2C1000&amp;ssl=1\" data-orig-size=\"1500,1000\" data-comments-opened=\"1\" data-image-meta=\"{&quot;aperture&quot;:&quot;0&quot;,&quot;credit&quot;:&quot;&quot;,&quot;camera&quot;:&quot;&quot;,&quot;caption&quot;:&quot;&quot;,&quot;created_timestamp&quot;:&quot;0&quot;,&quot;copyright&quot;:&quot;&quot;,&quot;focal_length&quot;:&quot;0&quot;,&quot;iso&quot;:&quot;0&quot;,&quot;shutter_speed&quot;:&quot;0&quot;,&quot;title&quot;:&quot;&quot;,&quot;orientation&quot;:&quot;0&quot;}\" data-image-title=\"WA_Alberto Villa &amp;#8211; G.Piva 03_2024-04-08\" data-image-description=\"\" data-image-caption=\"\" data-large-file=\"https:\/\/i0.wp.com\/www.avdavigevano.com\/TEST\/wp-content\/uploads\/2024\/04\/WA_Alberto-Villa-G.Piva-03_2024-04-08.jpg?fit=1024%2C683&amp;ssl=1\" class=\"aligncenter wp-image-1834 size-full\" src=\"https:\/\/i0.wp.com\/www.avdavigevano.com\/TEST\/wp-content\/uploads\/2024\/04\/WA_Alberto-Villa-G.Piva-03_2024-04-08.jpg?resize=1500%2C1000\" alt=\"\" width=\"1500\" height=\"1000\" srcset=\"https:\/\/i0.wp.com\/www.avdavigevano.com\/TEST\/wp-content\/uploads\/2024\/04\/WA_Alberto-Villa-G.Piva-03_2024-04-08.jpg?w=1500&amp;ssl=1 1500w, https:\/\/i0.wp.com\/www.avdavigevano.com\/TEST\/wp-content\/uploads\/2024\/04\/WA_Alberto-Villa-G.Piva-03_2024-04-08.jpg?resize=300%2C200&amp;ssl=1 300w, https:\/\/i0.wp.com\/www.avdavigevano.com\/TEST\/wp-content\/uploads\/2024\/04\/WA_Alberto-Villa-G.Piva-03_2024-04-08.jpg?resize=1024%2C683&amp;ssl=1 1024w, https:\/\/i0.wp.com\/www.avdavigevano.com\/TEST\/wp-content\/uploads\/2024\/04\/WA_Alberto-Villa-G.Piva-03_2024-04-08.jpg?resize=768%2C512&amp;ssl=1 768w\" sizes=\"auto, (max-width: 1000px) 100vw, 1000px\" \/><\/a> <a href=\"https:\/\/i0.wp.com\/www.avdavigevano.com\/TEST\/wp-content\/uploads\/2024\/04\/WA_Alberto-Villa-G.Piva-04_2024-04-08.jpg\" target=\"_blank\" rel=\"noopener\"><img data-recalc-dims=\"1\" loading=\"lazy\" decoding=\"async\" data-attachment-id=\"1835\" data-permalink=\"https:\/\/www.avdavigevano.com\/?attachment_id=1835\" data-orig-file=\"https:\/\/i0.wp.com\/www.avdavigevano.com\/TEST\/wp-content\/uploads\/2024\/04\/WA_Alberto-Villa-G.Piva-04_2024-04-08.jpg?fit=1500%2C1000&amp;ssl=1\" data-orig-size=\"1500,1000\" data-comments-opened=\"1\" data-image-meta=\"{&quot;aperture&quot;:&quot;0&quot;,&quot;credit&quot;:&quot;&quot;,&quot;camera&quot;:&quot;&quot;,&quot;caption&quot;:&quot;&quot;,&quot;created_timestamp&quot;:&quot;0&quot;,&quot;copyright&quot;:&quot;&quot;,&quot;focal_length&quot;:&quot;0&quot;,&quot;iso&quot;:&quot;0&quot;,&quot;shutter_speed&quot;:&quot;0&quot;,&quot;title&quot;:&quot;&quot;,&quot;orientation&quot;:&quot;0&quot;}\" data-image-title=\"WA_Alberto Villa &amp;#8211; G.Piva 04_2024-04-08\" data-image-description=\"\" data-image-caption=\"\" data-large-file=\"https:\/\/i0.wp.com\/www.avdavigevano.com\/TEST\/wp-content\/uploads\/2024\/04\/WA_Alberto-Villa-G.Piva-04_2024-04-08.jpg?fit=1024%2C683&amp;ssl=1\" class=\"aligncenter wp-image-1835 size-full\" src=\"https:\/\/i0.wp.com\/www.avdavigevano.com\/TEST\/wp-content\/uploads\/2024\/04\/WA_Alberto-Villa-G.Piva-04_2024-04-08.jpg?resize=1500%2C1000\" alt=\"\" width=\"1500\" height=\"1000\" srcset=\"https:\/\/i0.wp.com\/www.avdavigevano.com\/TEST\/wp-content\/uploads\/2024\/04\/WA_Alberto-Villa-G.Piva-04_2024-04-08.jpg?w=1500&amp;ssl=1 1500w, https:\/\/i0.wp.com\/www.avdavigevano.com\/TEST\/wp-content\/uploads\/2024\/04\/WA_Alberto-Villa-G.Piva-04_2024-04-08.jpg?resize=300%2C200&amp;ssl=1 300w, https:\/\/i0.wp.com\/www.avdavigevano.com\/TEST\/wp-content\/uploads\/2024\/04\/WA_Alberto-Villa-G.Piva-04_2024-04-08.jpg?resize=1024%2C683&amp;ssl=1 1024w, https:\/\/i0.wp.com\/www.avdavigevano.com\/TEST\/wp-content\/uploads\/2024\/04\/WA_Alberto-Villa-G.Piva-04_2024-04-08.jpg?resize=768%2C512&amp;ssl=1 768w\" sizes=\"auto, (max-width: 1000px) 100vw, 1000px\" \/><\/a> <a href=\"https:\/\/i0.wp.com\/www.avdavigevano.com\/TEST\/wp-content\/uploads\/2024\/04\/WA_Alberto-Villa-01_2024-04-08.jpg\" target=\"_blank\" rel=\"noopener\"><img data-recalc-dims=\"1\" loading=\"lazy\" decoding=\"async\" data-attachment-id=\"1836\" data-permalink=\"https:\/\/www.avdavigevano.com\/?attachment_id=1836\" data-orig-file=\"https:\/\/i0.wp.com\/www.avdavigevano.com\/TEST\/wp-content\/uploads\/2024\/04\/WA_Alberto-Villa-01_2024-04-08.jpg?fit=1500%2C1000&amp;ssl=1\" data-orig-size=\"1500,1000\" data-comments-opened=\"1\" data-image-meta=\"{&quot;aperture&quot;:&quot;0&quot;,&quot;credit&quot;:&quot;&quot;,&quot;camera&quot;:&quot;&quot;,&quot;caption&quot;:&quot;&quot;,&quot;created_timestamp&quot;:&quot;0&quot;,&quot;copyright&quot;:&quot;&quot;,&quot;focal_length&quot;:&quot;0&quot;,&quot;iso&quot;:&quot;0&quot;,&quot;shutter_speed&quot;:&quot;0&quot;,&quot;title&quot;:&quot;&quot;,&quot;orientation&quot;:&quot;0&quot;}\" data-image-title=\"WA_Alberto Villa 01_2024-04-08\" data-image-description=\"\" data-image-caption=\"\" data-large-file=\"https:\/\/i0.wp.com\/www.avdavigevano.com\/TEST\/wp-content\/uploads\/2024\/04\/WA_Alberto-Villa-01_2024-04-08.jpg?fit=1024%2C683&amp;ssl=1\" class=\"aligncenter wp-image-1836 size-full\" src=\"https:\/\/i0.wp.com\/www.avdavigevano.com\/TEST\/wp-content\/uploads\/2024\/04\/WA_Alberto-Villa-01_2024-04-08.jpg?resize=1500%2C1000\" alt=\"\" width=\"1500\" height=\"1000\" srcset=\"https:\/\/i0.wp.com\/www.avdavigevano.com\/TEST\/wp-content\/uploads\/2024\/04\/WA_Alberto-Villa-01_2024-04-08.jpg?w=1500&amp;ssl=1 1500w, https:\/\/i0.wp.com\/www.avdavigevano.com\/TEST\/wp-content\/uploads\/2024\/04\/WA_Alberto-Villa-01_2024-04-08.jpg?resize=300%2C200&amp;ssl=1 300w, https:\/\/i0.wp.com\/www.avdavigevano.com\/TEST\/wp-content\/uploads\/2024\/04\/WA_Alberto-Villa-01_2024-04-08.jpg?resize=1024%2C683&amp;ssl=1 1024w, https:\/\/i0.wp.com\/www.avdavigevano.com\/TEST\/wp-content\/uploads\/2024\/04\/WA_Alberto-Villa-01_2024-04-08.jpg?resize=768%2C512&amp;ssl=1 768w\" sizes=\"auto, (max-width: 1000px) 100vw, 1000px\" \/><\/a> <a href=\"https:\/\/i0.wp.com\/www.avdavigevano.com\/TEST\/wp-content\/uploads\/2024\/04\/WA_Alberto-Villa-02_2024-04-08.jpg\" target=\"_blank\" rel=\"noopener\"><img data-recalc-dims=\"1\" loading=\"lazy\" decoding=\"async\" data-attachment-id=\"1837\" data-permalink=\"https:\/\/www.avdavigevano.com\/?attachment_id=1837\" data-orig-file=\"https:\/\/i0.wp.com\/www.avdavigevano.com\/TEST\/wp-content\/uploads\/2024\/04\/WA_Alberto-Villa-02_2024-04-08.jpg?fit=1500%2C1000&amp;ssl=1\" data-orig-size=\"1500,1000\" data-comments-opened=\"1\" data-image-meta=\"{&quot;aperture&quot;:&quot;0&quot;,&quot;credit&quot;:&quot;&quot;,&quot;camera&quot;:&quot;&quot;,&quot;caption&quot;:&quot;&quot;,&quot;created_timestamp&quot;:&quot;0&quot;,&quot;copyright&quot;:&quot;&quot;,&quot;focal_length&quot;:&quot;0&quot;,&quot;iso&quot;:&quot;0&quot;,&quot;shutter_speed&quot;:&quot;0&quot;,&quot;title&quot;:&quot;&quot;,&quot;orientation&quot;:&quot;0&quot;}\" data-image-title=\"WA_Alberto Villa 02_2024-04-08\" data-image-description=\"\" data-image-caption=\"\" data-large-file=\"https:\/\/i0.wp.com\/www.avdavigevano.com\/TEST\/wp-content\/uploads\/2024\/04\/WA_Alberto-Villa-02_2024-04-08.jpg?fit=1024%2C683&amp;ssl=1\" class=\"aligncenter wp-image-1837 size-full\" src=\"https:\/\/i0.wp.com\/www.avdavigevano.com\/TEST\/wp-content\/uploads\/2024\/04\/WA_Alberto-Villa-02_2024-04-08.jpg?resize=1500%2C1000\" alt=\"\" width=\"1500\" height=\"1000\" srcset=\"https:\/\/i0.wp.com\/www.avdavigevano.com\/TEST\/wp-content\/uploads\/2024\/04\/WA_Alberto-Villa-02_2024-04-08.jpg?w=1500&amp;ssl=1 1500w, https:\/\/i0.wp.com\/www.avdavigevano.com\/TEST\/wp-content\/uploads\/2024\/04\/WA_Alberto-Villa-02_2024-04-08.jpg?resize=300%2C200&amp;ssl=1 300w, https:\/\/i0.wp.com\/www.avdavigevano.com\/TEST\/wp-content\/uploads\/2024\/04\/WA_Alberto-Villa-02_2024-04-08.jpg?resize=1024%2C683&amp;ssl=1 1024w, https:\/\/i0.wp.com\/www.avdavigevano.com\/TEST\/wp-content\/uploads\/2024\/04\/WA_Alberto-Villa-02_2024-04-08.jpg?resize=768%2C512&amp;ssl=1 768w\" sizes=\"auto, (max-width: 1000px) 100vw, 1000px\" \/><\/a> <a href=\"https:\/\/i0.wp.com\/www.avdavigevano.com\/TEST\/wp-content\/uploads\/2024\/04\/WA_Alberto-Villa-03_2024-04-08.jpg\" target=\"_blank\" rel=\"noopener\"><img data-recalc-dims=\"1\" loading=\"lazy\" decoding=\"async\" data-attachment-id=\"1838\" data-permalink=\"https:\/\/www.avdavigevano.com\/?attachment_id=1838\" data-orig-file=\"https:\/\/i0.wp.com\/www.avdavigevano.com\/TEST\/wp-content\/uploads\/2024\/04\/WA_Alberto-Villa-03_2024-04-08.jpg?fit=1500%2C1000&amp;ssl=1\" data-orig-size=\"1500,1000\" data-comments-opened=\"1\" data-image-meta=\"{&quot;aperture&quot;:&quot;0&quot;,&quot;credit&quot;:&quot;&quot;,&quot;camera&quot;:&quot;&quot;,&quot;caption&quot;:&quot;&quot;,&quot;created_timestamp&quot;:&quot;0&quot;,&quot;copyright&quot;:&quot;&quot;,&quot;focal_length&quot;:&quot;0&quot;,&quot;iso&quot;:&quot;0&quot;,&quot;shutter_speed&quot;:&quot;0&quot;,&quot;title&quot;:&quot;&quot;,&quot;orientation&quot;:&quot;0&quot;}\" data-image-title=\"WA_Alberto Villa 03_2024-04-08\" data-image-description=\"\" data-image-caption=\"\" data-large-file=\"https:\/\/i0.wp.com\/www.avdavigevano.com\/TEST\/wp-content\/uploads\/2024\/04\/WA_Alberto-Villa-03_2024-04-08.jpg?fit=1024%2C683&amp;ssl=1\" class=\"aligncenter wp-image-1838 size-full\" src=\"https:\/\/i0.wp.com\/www.avdavigevano.com\/TEST\/wp-content\/uploads\/2024\/04\/WA_Alberto-Villa-03_2024-04-08.jpg?resize=1500%2C1000\" alt=\"\" width=\"1500\" height=\"1000\" srcset=\"https:\/\/i0.wp.com\/www.avdavigevano.com\/TEST\/wp-content\/uploads\/2024\/04\/WA_Alberto-Villa-03_2024-04-08.jpg?w=1500&amp;ssl=1 1500w, https:\/\/i0.wp.com\/www.avdavigevano.com\/TEST\/wp-content\/uploads\/2024\/04\/WA_Alberto-Villa-03_2024-04-08.jpg?resize=300%2C200&amp;ssl=1 300w, https:\/\/i0.wp.com\/www.avdavigevano.com\/TEST\/wp-content\/uploads\/2024\/04\/WA_Alberto-Villa-03_2024-04-08.jpg?resize=1024%2C683&amp;ssl=1 1024w, https:\/\/i0.wp.com\/www.avdavigevano.com\/TEST\/wp-content\/uploads\/2024\/04\/WA_Alberto-Villa-03_2024-04-08.jpg?resize=768%2C512&amp;ssl=1 768w\" sizes=\"auto, (max-width: 1000px) 100vw, 1000px\" \/><\/a> <a href=\"https:\/\/i0.wp.com\/www.avdavigevano.com\/TEST\/wp-content\/uploads\/2024\/04\/WA_Alberto-Villa-04_2024-04-08.jpg\" target=\"_blank\" rel=\"noopener\"><img data-recalc-dims=\"1\" loading=\"lazy\" decoding=\"async\" data-attachment-id=\"1839\" data-permalink=\"https:\/\/www.avdavigevano.com\/?attachment_id=1839\" data-orig-file=\"https:\/\/i0.wp.com\/www.avdavigevano.com\/TEST\/wp-content\/uploads\/2024\/04\/WA_Alberto-Villa-04_2024-04-08.jpg?fit=1500%2C1000&amp;ssl=1\" data-orig-size=\"1500,1000\" data-comments-opened=\"1\" data-image-meta=\"{&quot;aperture&quot;:&quot;0&quot;,&quot;credit&quot;:&quot;&quot;,&quot;camera&quot;:&quot;&quot;,&quot;caption&quot;:&quot;&quot;,&quot;created_timestamp&quot;:&quot;0&quot;,&quot;copyright&quot;:&quot;&quot;,&quot;focal_length&quot;:&quot;0&quot;,&quot;iso&quot;:&quot;0&quot;,&quot;shutter_speed&quot;:&quot;0&quot;,&quot;title&quot;:&quot;&quot;,&quot;orientation&quot;:&quot;0&quot;}\" data-image-title=\"WA_Alberto Villa 04_2024-04-08\" data-image-description=\"\" data-image-caption=\"\" data-large-file=\"https:\/\/i0.wp.com\/www.avdavigevano.com\/TEST\/wp-content\/uploads\/2024\/04\/WA_Alberto-Villa-04_2024-04-08.jpg?fit=1024%2C683&amp;ssl=1\" class=\"aligncenter wp-image-1839 size-full\" src=\"https:\/\/i0.wp.com\/www.avdavigevano.com\/TEST\/wp-content\/uploads\/2024\/04\/WA_Alberto-Villa-04_2024-04-08.jpg?resize=1500%2C1000\" alt=\"\" width=\"1500\" height=\"1000\" srcset=\"https:\/\/i0.wp.com\/www.avdavigevano.com\/TEST\/wp-content\/uploads\/2024\/04\/WA_Alberto-Villa-04_2024-04-08.jpg?w=1500&amp;ssl=1 1500w, https:\/\/i0.wp.com\/www.avdavigevano.com\/TEST\/wp-content\/uploads\/2024\/04\/WA_Alberto-Villa-04_2024-04-08.jpg?resize=300%2C200&amp;ssl=1 300w, https:\/\/i0.wp.com\/www.avdavigevano.com\/TEST\/wp-content\/uploads\/2024\/04\/WA_Alberto-Villa-04_2024-04-08.jpg?resize=1024%2C683&amp;ssl=1 1024w, https:\/\/i0.wp.com\/www.avdavigevano.com\/TEST\/wp-content\/uploads\/2024\/04\/WA_Alberto-Villa-04_2024-04-08.jpg?resize=768%2C512&amp;ssl=1 768w\" sizes=\"auto, (max-width: 1000px) 100vw, 1000px\" \/><\/a> <a href=\"https:\/\/i0.wp.com\/www.avdavigevano.com\/TEST\/wp-content\/uploads\/2024\/04\/WA_Alberto-Villa-05_2024-04-08.jpg\" target=\"_blank\" rel=\"noopener\"><img data-recalc-dims=\"1\" loading=\"lazy\" decoding=\"async\" data-attachment-id=\"1840\" data-permalink=\"https:\/\/www.avdavigevano.com\/?attachment_id=1840\" data-orig-file=\"https:\/\/i0.wp.com\/www.avdavigevano.com\/TEST\/wp-content\/uploads\/2024\/04\/WA_Alberto-Villa-05_2024-04-08.jpg?fit=1500%2C1000&amp;ssl=1\" data-orig-size=\"1500,1000\" data-comments-opened=\"1\" data-image-meta=\"{&quot;aperture&quot;:&quot;0&quot;,&quot;credit&quot;:&quot;&quot;,&quot;camera&quot;:&quot;&quot;,&quot;caption&quot;:&quot;&quot;,&quot;created_timestamp&quot;:&quot;0&quot;,&quot;copyright&quot;:&quot;&quot;,&quot;focal_length&quot;:&quot;0&quot;,&quot;iso&quot;:&quot;0&quot;,&quot;shutter_speed&quot;:&quot;0&quot;,&quot;title&quot;:&quot;&quot;,&quot;orientation&quot;:&quot;0&quot;}\" data-image-title=\"WA_Alberto Villa 05_2024-04-08\" data-image-description=\"\" data-image-caption=\"\" data-large-file=\"https:\/\/i0.wp.com\/www.avdavigevano.com\/TEST\/wp-content\/uploads\/2024\/04\/WA_Alberto-Villa-05_2024-04-08.jpg?fit=1024%2C683&amp;ssl=1\" class=\"aligncenter wp-image-1840 size-full\" src=\"https:\/\/i0.wp.com\/www.avdavigevano.com\/TEST\/wp-content\/uploads\/2024\/04\/WA_Alberto-Villa-05_2024-04-08.jpg?resize=1500%2C1000\" alt=\"\" width=\"1500\" height=\"1000\" srcset=\"https:\/\/i0.wp.com\/www.avdavigevano.com\/TEST\/wp-content\/uploads\/2024\/04\/WA_Alberto-Villa-05_2024-04-08.jpg?w=1500&amp;ssl=1 1500w, https:\/\/i0.wp.com\/www.avdavigevano.com\/TEST\/wp-content\/uploads\/2024\/04\/WA_Alberto-Villa-05_2024-04-08.jpg?resize=300%2C200&amp;ssl=1 300w, https:\/\/i0.wp.com\/www.avdavigevano.com\/TEST\/wp-content\/uploads\/2024\/04\/WA_Alberto-Villa-05_2024-04-08.jpg?resize=1024%2C683&amp;ssl=1 1024w, https:\/\/i0.wp.com\/www.avdavigevano.com\/TEST\/wp-content\/uploads\/2024\/04\/WA_Alberto-Villa-05_2024-04-08.jpg?resize=768%2C512&amp;ssl=1 768w\" sizes=\"auto, (max-width: 1000px) 100vw, 1000px\" \/><\/a> <a href=\"https:\/\/i0.wp.com\/www.avdavigevano.com\/TEST\/wp-content\/uploads\/2024\/04\/WA_Alberto-Villa-06_2024-04-08.jpg\" target=\"_blank\" rel=\"noopener\"><img data-recalc-dims=\"1\" loading=\"lazy\" decoding=\"async\" data-attachment-id=\"1841\" data-permalink=\"https:\/\/www.avdavigevano.com\/?attachment_id=1841\" data-orig-file=\"https:\/\/i0.wp.com\/www.avdavigevano.com\/TEST\/wp-content\/uploads\/2024\/04\/WA_Alberto-Villa-06_2024-04-08.jpg?fit=1500%2C1000&amp;ssl=1\" data-orig-size=\"1500,1000\" data-comments-opened=\"1\" data-image-meta=\"{&quot;aperture&quot;:&quot;0&quot;,&quot;credit&quot;:&quot;&quot;,&quot;camera&quot;:&quot;&quot;,&quot;caption&quot;:&quot;&quot;,&quot;created_timestamp&quot;:&quot;0&quot;,&quot;copyright&quot;:&quot;&quot;,&quot;focal_length&quot;:&quot;0&quot;,&quot;iso&quot;:&quot;0&quot;,&quot;shutter_speed&quot;:&quot;0&quot;,&quot;title&quot;:&quot;&quot;,&quot;orientation&quot;:&quot;0&quot;}\" data-image-title=\"WA_Alberto Villa 06_2024-04-08\" data-image-description=\"\" data-image-caption=\"\" data-large-file=\"https:\/\/i0.wp.com\/www.avdavigevano.com\/TEST\/wp-content\/uploads\/2024\/04\/WA_Alberto-Villa-06_2024-04-08.jpg?fit=1024%2C683&amp;ssl=1\" class=\"aligncenter wp-image-1841 size-full\" src=\"https:\/\/i0.wp.com\/www.avdavigevano.com\/TEST\/wp-content\/uploads\/2024\/04\/WA_Alberto-Villa-06_2024-04-08.jpg?resize=1500%2C1000\" alt=\"\" width=\"1500\" height=\"1000\" srcset=\"https:\/\/i0.wp.com\/www.avdavigevano.com\/TEST\/wp-content\/uploads\/2024\/04\/WA_Alberto-Villa-06_2024-04-08.jpg?w=1500&amp;ssl=1 1500w, https:\/\/i0.wp.com\/www.avdavigevano.com\/TEST\/wp-content\/uploads\/2024\/04\/WA_Alberto-Villa-06_2024-04-08.jpg?resize=300%2C200&amp;ssl=1 300w, https:\/\/i0.wp.com\/www.avdavigevano.com\/TEST\/wp-content\/uploads\/2024\/04\/WA_Alberto-Villa-06_2024-04-08.jpg?resize=1024%2C683&amp;ssl=1 1024w, https:\/\/i0.wp.com\/www.avdavigevano.com\/TEST\/wp-content\/uploads\/2024\/04\/WA_Alberto-Villa-06_2024-04-08.jpg?resize=768%2C512&amp;ssl=1 768w\" sizes=\"auto, (max-width: 1000px) 100vw, 1000px\" \/><\/a> <a href=\"https:\/\/i0.wp.com\/www.avdavigevano.com\/TEST\/wp-content\/uploads\/2024\/04\/WA_Alberto-Villa-07_2024-04-08.jpg\" target=\"_blank\" rel=\"noopener\"><img data-recalc-dims=\"1\" loading=\"lazy\" decoding=\"async\" data-attachment-id=\"1842\" data-permalink=\"https:\/\/www.avdavigevano.com\/?attachment_id=1842\" data-orig-file=\"https:\/\/i0.wp.com\/www.avdavigevano.com\/TEST\/wp-content\/uploads\/2024\/04\/WA_Alberto-Villa-07_2024-04-08.jpg?fit=1500%2C1000&amp;ssl=1\" data-orig-size=\"1500,1000\" data-comments-opened=\"1\" data-image-meta=\"{&quot;aperture&quot;:&quot;0&quot;,&quot;credit&quot;:&quot;&quot;,&quot;camera&quot;:&quot;&quot;,&quot;caption&quot;:&quot;&quot;,&quot;created_timestamp&quot;:&quot;0&quot;,&quot;copyright&quot;:&quot;&quot;,&quot;focal_length&quot;:&quot;0&quot;,&quot;iso&quot;:&quot;0&quot;,&quot;shutter_speed&quot;:&quot;0&quot;,&quot;title&quot;:&quot;&quot;,&quot;orientation&quot;:&quot;0&quot;}\" data-image-title=\"WA_Alberto Villa 07_2024-04-08\" data-image-description=\"\" data-image-caption=\"\" data-large-file=\"https:\/\/i0.wp.com\/www.avdavigevano.com\/TEST\/wp-content\/uploads\/2024\/04\/WA_Alberto-Villa-07_2024-04-08.jpg?fit=1024%2C683&amp;ssl=1\" class=\"aligncenter wp-image-1842 size-full\" src=\"https:\/\/i0.wp.com\/www.avdavigevano.com\/TEST\/wp-content\/uploads\/2024\/04\/WA_Alberto-Villa-07_2024-04-08.jpg?resize=1500%2C1000\" alt=\"\" width=\"1500\" height=\"1000\" srcset=\"https:\/\/i0.wp.com\/www.avdavigevano.com\/TEST\/wp-content\/uploads\/2024\/04\/WA_Alberto-Villa-07_2024-04-08.jpg?w=1500&amp;ssl=1 1500w, https:\/\/i0.wp.com\/www.avdavigevano.com\/TEST\/wp-content\/uploads\/2024\/04\/WA_Alberto-Villa-07_2024-04-08.jpg?resize=300%2C200&amp;ssl=1 300w, https:\/\/i0.wp.com\/www.avdavigevano.com\/TEST\/wp-content\/uploads\/2024\/04\/WA_Alberto-Villa-07_2024-04-08.jpg?resize=1024%2C683&amp;ssl=1 1024w, https:\/\/i0.wp.com\/www.avdavigevano.com\/TEST\/wp-content\/uploads\/2024\/04\/WA_Alberto-Villa-07_2024-04-08.jpg?resize=768%2C512&amp;ssl=1 768w\" sizes=\"auto, (max-width: 1000px) 100vw, 1000px\" \/><\/a><\/p>\n<p>Godetevi anche i due filmati allegati.<\/p>\n<p>Il primo \u00e8 girato durante l\u2019eclisse a Durango, il secondo \u00e8 uno straordinario racconto del viaggio, preparato dall\u2019Ing. Enrico Castiglia: nostro solerte compagno di infiniti viaggi\u2026. &#x1f60a;<\/p>\n<p><iframe loading=\"lazy\" title=\"YouTube video player\" src=\"https:\/\/www.youtube.com\/embed\/6yjWPhudpNE?si=K3fMtZywna2iDYOS\" width=\"560\" height=\"315\" frameborder=\"0\" allowfullscreen=\"allowfullscreen\"><\/iframe><\/p>\n<p><iframe loading=\"lazy\" title=\"YouTube video player\" src=\"https:\/\/www.youtube.com\/embed\/4AUE0n2dHrk?si=UmaetYsBE_C3Wy2C\" width=\"560\" height=\"315\" frameborder=\"0\" allowfullscreen=\"allowfullscreen\"><\/iframe><\/p>\n<p>E comunque prepariamoci per il prossimo \u201cSole Nero\u201d: Baleari 2026<\/p>\n<div id=\"attachment_1830\" style=\"width: 1030px\" class=\"wp-caption aligncenter\"><a href=\"https:\/\/i0.wp.com\/www.avdavigevano.com\/TEST\/wp-content\/uploads\/2024\/04\/26-Eclisse-2026.jpg\" target=\"_blank\" rel=\"noopener\"><img data-recalc-dims=\"1\" loading=\"lazy\" decoding=\"async\" aria-describedby=\"caption-attachment-1830\" data-attachment-id=\"1830\" data-permalink=\"https:\/\/www.avdavigevano.com\/?attachment_id=1830\" data-orig-file=\"https:\/\/i0.wp.com\/www.avdavigevano.com\/TEST\/wp-content\/uploads\/2024\/04\/26-Eclisse-2026.jpg?fit=1020%2C642&amp;ssl=1\" data-orig-size=\"1020,642\" data-comments-opened=\"1\" data-image-meta=\"{&quot;aperture&quot;:&quot;0&quot;,&quot;credit&quot;:&quot;&quot;,&quot;camera&quot;:&quot;&quot;,&quot;caption&quot;:&quot;&quot;,&quot;created_timestamp&quot;:&quot;0&quot;,&quot;copyright&quot;:&quot;&quot;,&quot;focal_length&quot;:&quot;0&quot;,&quot;iso&quot;:&quot;0&quot;,&quot;shutter_speed&quot;:&quot;0&quot;,&quot;title&quot;:&quot;&quot;,&quot;orientation&quot;:&quot;0&quot;}\" data-image-title=\"26 &amp;#8211; Eclisse 2026\" data-image-description=\"\" data-image-caption=\"\" data-large-file=\"https:\/\/i0.wp.com\/www.avdavigevano.com\/TEST\/wp-content\/uploads\/2024\/04\/26-Eclisse-2026.jpg?fit=1020%2C642&amp;ssl=1\" class=\"wp-image-1830 size-full\" src=\"https:\/\/i0.wp.com\/www.avdavigevano.com\/TEST\/wp-content\/uploads\/2024\/04\/26-Eclisse-2026.jpg?resize=1020%2C642\" alt=\"\" width=\"1020\" height=\"642\" srcset=\"https:\/\/i0.wp.com\/www.avdavigevano.com\/TEST\/wp-content\/uploads\/2024\/04\/26-Eclisse-2026.jpg?w=1020&amp;ssl=1 1020w, https:\/\/i0.wp.com\/www.avdavigevano.com\/TEST\/wp-content\/uploads\/2024\/04\/26-Eclisse-2026.jpg?resize=300%2C189&amp;ssl=1 300w, https:\/\/i0.wp.com\/www.avdavigevano.com\/TEST\/wp-content\/uploads\/2024\/04\/26-Eclisse-2026.jpg?resize=768%2C483&amp;ssl=1 768w\" sizes=\"auto, (max-width: 1000px) 100vw, 1000px\" \/><\/a><p id=\"caption-attachment-1830\" class=\"wp-caption-text\">Prepariamoci per le Baleari!<\/p><\/div>\n<p>Alberto Villa sta gi\u00e0 preparando i dettagli del viaggio.<\/p>\n<p>Si \u00e8 comunque mosso verso Livorno, calcolando l\u2019altezza del Sole per le Baleari 2026.<\/p>\n<p>Cos\u00ec si presenter\u00e0 il Sole (ovviamente eclissato) nell\u2019agosto 2026: non esistono in rete foto del sole che tramonter\u00e0 eclissato, per cui preparatevi!<\/p>\n<div id=\"attachment_1831\" style=\"width: 1030px\" class=\"wp-caption aligncenter\"><a href=\"https:\/\/i0.wp.com\/www.avdavigevano.com\/TEST\/wp-content\/uploads\/2024\/04\/27-Eclissati-nel-mondo.jpg\" target=\"_blank\" rel=\"noopener\"><img data-recalc-dims=\"1\" loading=\"lazy\" decoding=\"async\" aria-describedby=\"caption-attachment-1831\" data-attachment-id=\"1831\" data-permalink=\"https:\/\/www.avdavigevano.com\/?attachment_id=1831\" data-orig-file=\"https:\/\/i0.wp.com\/www.avdavigevano.com\/TEST\/wp-content\/uploads\/2024\/04\/27-Eclissati-nel-mondo.jpg?fit=1020%2C460&amp;ssl=1\" data-orig-size=\"1020,460\" data-comments-opened=\"1\" data-image-meta=\"{&quot;aperture&quot;:&quot;0&quot;,&quot;credit&quot;:&quot;&quot;,&quot;camera&quot;:&quot;&quot;,&quot;caption&quot;:&quot;&quot;,&quot;created_timestamp&quot;:&quot;0&quot;,&quot;copyright&quot;:&quot;&quot;,&quot;focal_length&quot;:&quot;0&quot;,&quot;iso&quot;:&quot;0&quot;,&quot;shutter_speed&quot;:&quot;0&quot;,&quot;title&quot;:&quot;&quot;,&quot;orientation&quot;:&quot;0&quot;}\" data-image-title=\"27 &amp;#8211; Eclissati nel mondo\" data-image-description=\"\" data-image-caption=\"\" data-large-file=\"https:\/\/i0.wp.com\/www.avdavigevano.com\/TEST\/wp-content\/uploads\/2024\/04\/27-Eclissati-nel-mondo.jpg?fit=1020%2C460&amp;ssl=1\" class=\"wp-image-1831 size-full\" src=\"https:\/\/i0.wp.com\/www.avdavigevano.com\/TEST\/wp-content\/uploads\/2024\/04\/27-Eclissati-nel-mondo.jpg?resize=1020%2C460\" alt=\"\" width=\"1020\" height=\"460\" srcset=\"https:\/\/i0.wp.com\/www.avdavigevano.com\/TEST\/wp-content\/uploads\/2024\/04\/27-Eclissati-nel-mondo.jpg?w=1020&amp;ssl=1 1020w, https:\/\/i0.wp.com\/www.avdavigevano.com\/TEST\/wp-content\/uploads\/2024\/04\/27-Eclissati-nel-mondo.jpg?resize=300%2C135&amp;ssl=1 300w, https:\/\/i0.wp.com\/www.avdavigevano.com\/TEST\/wp-content\/uploads\/2024\/04\/27-Eclissati-nel-mondo.jpg?resize=768%2C346&amp;ssl=1 768w\" sizes=\"auto, (max-width: 1000px) 100vw, 1000px\" \/><\/a><p id=\"caption-attachment-1831\" class=\"wp-caption-text\">Si osserver\u00e0 il Sole in Eclisse&#8230; mentre tramonta nel mare!<\/p><\/div>\n<p>Il gruppo \u201cEclissati nel mondo\u201d vi aspetta \u2026\u2026\u2026\u2026.<\/p>\n","protected":false},"excerpt":{"rendered":"<p>1 Aprile 2024 (e non \u00e8 un pesce): eccomi nuovamente in partenza alla ricerca del Sole Nero. Dopo l\u2019esperienza del mio 1\u00b0 eclisse (11 Agosto 1999) in Germania, anche se visto attraverso le nuvole, era nato il mio desiderio di muovermi per il mondo inseguendo il \u201cfenomeno non descrivibile a&#46;&#46;&#46;<\/p>\n","protected":false},"author":1,"featured_media":1837,"comment_status":"open","ping_status":"open","sticky":false,"template":"","format":"standard","meta":{"_monsterinsights_skip_tracking":false,"_monsterinsights_sitenote_active":false,"_monsterinsights_sitenote_note":"","_monsterinsights_sitenote_category":0,"jetpack_post_was_ever_published":false,"_jetpack_newsletter_access":"","_jetpack_dont_email_post_to_subs":false,"_jetpack_newsletter_tier_id":0,"_jetpack_memberships_contains_paywalled_content":false,"_jetpack_memberships_contains_paid_content":false,"footnotes":""},"categories":[65,8],"tags":[9,121,115],"class_list":["post-1802","post","type-post","status-publish","format-standard","has-post-thumbnail","hentry","category-articoli","category-eventi","tag-eclissi","tag-eclissi-di-sole","tag-viaggi"],"jetpack_featured_media_url":"https:\/\/i0.wp.com\/www.avdavigevano.com\/TEST\/wp-content\/uploads\/2024\/04\/WA_Alberto-Villa-02_2024-04-08.jpg?fit=1500%2C1000&ssl=1","jetpack_sharing_enabled":true,"jetpack_shortlink":"https:\/\/wp.me\/p9jymR-t4","jetpack_likes_enabled":true,"_links":{"self":[{"href":"https:\/\/www.avdavigevano.com\/index.php?rest_route=\/wp\/v2\/posts\/1802","targetHints":{"allow":["GET"]}}],"collection":[{"href":"https:\/\/www.avdavigevano.com\/index.php?rest_route=\/wp\/v2\/posts"}],"about":[{"href":"https:\/\/www.avdavigevano.com\/index.php?rest_route=\/wp\/v2\/types\/post"}],"author":[{"embeddable":true,"href":"https:\/\/www.avdavigevano.com\/index.php?rest_route=\/wp\/v2\/users\/1"}],"replies":[{"embeddable":true,"href":"https:\/\/www.avdavigevano.com\/index.php?rest_route=%2Fwp%2Fv2%2Fcomments&post=1802"}],"version-history":[{"count":9,"href":"https:\/\/www.avdavigevano.com\/index.php?rest_route=\/wp\/v2\/posts\/1802\/revisions"}],"predecessor-version":[{"id":1851,"href":"https:\/\/www.avdavigevano.com\/index.php?rest_route=\/wp\/v2\/posts\/1802\/revisions\/1851"}],"wp:featuredmedia":[{"embeddable":true,"href":"https:\/\/www.avdavigevano.com\/index.php?rest_route=\/wp\/v2\/media\/1837"}],"wp:attachment":[{"href":"https:\/\/www.avdavigevano.com\/index.php?rest_route=%2Fwp%2Fv2%2Fmedia&parent=1802"}],"wp:term":[{"taxonomy":"category","embeddable":true,"href":"https:\/\/www.avdavigevano.com\/index.php?rest_route=%2Fwp%2Fv2%2Fcategories&post=1802"},{"taxonomy":"post_tag","embeddable":true,"href":"https:\/\/www.avdavigevano.com\/index.php?rest_route=%2Fwp%2Fv2%2Ftags&post=1802"}],"curies":[{"name":"wp","href":"https:\/\/api.w.org\/{rel}","templated":true}]}}