{"id":1716,"date":"2023-10-19T10:24:31","date_gmt":"2023-10-19T08:24:31","guid":{"rendered":"http:\/\/www.avdavigevano.com\/?p=1716"},"modified":"2023-10-19T10:24:35","modified_gmt":"2023-10-19T08:24:35","slug":"28-ottobre-2023-osservazione-delleclissi-di-luna","status":"publish","type":"post","link":"https:\/\/www.avdavigevano.com\/?p=1716","title":{"rendered":"28 ottobre 2023 &#8211; Osservazione dell&#8217;eclissi di Luna"},"content":{"rendered":"<p>L\u2019appuntamento con l\u2019eclisse parziale di Luna \u00e8 per sabato 28 ottobre, a partire dalle 21:00!<\/p>\n<p>L\u2019Associazione Vigevanese Divulgazione Astronomica (A.V.D.A.) organizza, in occasione dell\u2019evento, una conferenza con osservazione al telescopio presso la Biblioteca dei Ragazzi Gianni Cordone (Via Boldrini 1 \u2013 Vigevano). L\u2019ingresso all\u2019evento \u00e8 libero ed aperto a tutti.<\/p>\n<p>Si inizia con una breve introduzione all&#8217;eclissi e ai due pianeti protagonisti di questo mese, Giove e Saturno; a seguire ci si sposter\u00e0 nel cortile della biblioteca per l\u2019osservazione al telescopio e per ammirare la Luna che, pian piano, verr\u00e0 in parte oscurata dall\u2019ombra della Terra; meteo permettendo effettueremo l\u2019osservazione dei pianeti Giove e Saturno e il personale dell\u2019A.V.D.A. sar\u00e0 a disposizione del pubblico per domande e curiosit\u00e0.<\/p>\n<p><span style=\"color: #003366;\"><em><strong>In caso di maltempo si svolger\u00e0 solamente la parte di conferenza divulgativa all&#8217;interno della Biblioteca dei Ragazzi.<\/strong><\/em><\/span><\/p>\n<div id=\"attachment_1717\" style=\"width: 1510px\" class=\"wp-caption aligncenter\"><a href=\"https:\/\/i0.wp.com\/www.avdavigevano.com\/TEST\/wp-content\/uploads\/2023\/10\/20231028-eclissi-INSTA.jpg\" target=\"_blank\" rel=\"noopener\"><img data-recalc-dims=\"1\" loading=\"lazy\" decoding=\"async\" aria-describedby=\"caption-attachment-1717\" data-attachment-id=\"1717\" data-permalink=\"https:\/\/www.avdavigevano.com\/?attachment_id=1717\" data-orig-file=\"https:\/\/i0.wp.com\/www.avdavigevano.com\/TEST\/wp-content\/uploads\/2023\/10\/20231028-eclissi-INSTA.jpg?fit=1500%2C1500&amp;ssl=1\" data-orig-size=\"1500,1500\" data-comments-opened=\"1\" data-image-meta=\"{&quot;aperture&quot;:&quot;0&quot;,&quot;credit&quot;:&quot;&quot;,&quot;camera&quot;:&quot;&quot;,&quot;caption&quot;:&quot;&quot;,&quot;created_timestamp&quot;:&quot;0&quot;,&quot;copyright&quot;:&quot;&quot;,&quot;focal_length&quot;:&quot;0&quot;,&quot;iso&quot;:&quot;0&quot;,&quot;shutter_speed&quot;:&quot;0&quot;,&quot;title&quot;:&quot;20231028 - eclissi INSTA&quot;,&quot;orientation&quot;:&quot;0&quot;}\" data-image-title=\"231028 &amp;#8211; eclissi Locandina\" data-image-description=\"&lt;p&gt;231028 &amp;#8211; eclissi Locandina&lt;\/p&gt;\n\" data-image-caption=\"&lt;p&gt;231028 &amp;#8211; eclissi Locandina&lt;\/p&gt;\n\" data-large-file=\"https:\/\/i0.wp.com\/www.avdavigevano.com\/TEST\/wp-content\/uploads\/2023\/10\/20231028-eclissi-INSTA.jpg?fit=1024%2C1024&amp;ssl=1\" class=\"wp-image-1717 size-full\" src=\"https:\/\/i0.wp.com\/www.avdavigevano.com\/TEST\/wp-content\/uploads\/2023\/10\/20231028-eclissi-INSTA.jpg?resize=1500%2C1500\" alt=\"231028 - eclissi Locandina\" width=\"1500\" height=\"1500\" srcset=\"https:\/\/i0.wp.com\/www.avdavigevano.com\/TEST\/wp-content\/uploads\/2023\/10\/20231028-eclissi-INSTA.jpg?w=1500&amp;ssl=1 1500w, https:\/\/i0.wp.com\/www.avdavigevano.com\/TEST\/wp-content\/uploads\/2023\/10\/20231028-eclissi-INSTA.jpg?resize=300%2C300&amp;ssl=1 300w, https:\/\/i0.wp.com\/www.avdavigevano.com\/TEST\/wp-content\/uploads\/2023\/10\/20231028-eclissi-INSTA.jpg?resize=1024%2C1024&amp;ssl=1 1024w, https:\/\/i0.wp.com\/www.avdavigevano.com\/TEST\/wp-content\/uploads\/2023\/10\/20231028-eclissi-INSTA.jpg?resize=150%2C150&amp;ssl=1 150w, https:\/\/i0.wp.com\/www.avdavigevano.com\/TEST\/wp-content\/uploads\/2023\/10\/20231028-eclissi-INSTA.jpg?resize=768%2C768&amp;ssl=1 768w, https:\/\/i0.wp.com\/www.avdavigevano.com\/TEST\/wp-content\/uploads\/2023\/10\/20231028-eclissi-INSTA.jpg?resize=80%2C80&amp;ssl=1 80w, https:\/\/i0.wp.com\/www.avdavigevano.com\/TEST\/wp-content\/uploads\/2023\/10\/20231028-eclissi-INSTA.jpg?resize=320%2C320&amp;ssl=1 320w\" sizes=\"auto, (max-width: 1000px) 100vw, 1000px\" \/><\/a><p id=\"caption-attachment-1717\" class=\"wp-caption-text\">231028 &#8211; eclissi Locandina<\/p><\/div>\n<p><strong>L\u2019eclisse parziale di Luna del 28 ottobre 2023<\/strong><br \/>\nL\u2019eclisse di Luna si verifica quando il nostro satellite, in fase di Luna Piena, intercetta l\u2019ombra che il pianeta Terra lascia dietro di s\u00e9, immergendovisi tutta o in parte.<\/p>\n<p>Nel primo caso si parla di eclisse totale di Luna mentre nel secondo, che \u00e8 quello che avverr\u00e0 nella notte del 28 ottobre, si parla di eclisse parziale di Luna.<\/p>\n<p>Il fenomeno sar\u00e0 perfettamente visibile da tutta Italia (Europa, Africa, Asia e parte dell\u2019Oceania), ovviamente con condizioni meteo favorevoli. Per il nord Italia la Luna inizier\u00e0 a immergersi nella penombra terrestre alle 20:01 e impiegher\u00e0 circa 90 minuti per attraversarla; questa \u00e8 la fase meno spettacolare dell\u2019eclisse in quanto la penombra \u00e8 molto tenue e la Luna subisce solo un lieve calo di luminosit\u00e0.<\/p>\n<p>Ma dalle 21:20 circa le cose inizieranno a farsi interessanti perch\u00e9 il satellite entrer\u00e0 nell\u2019ombra (cio\u00e8 la parte pi\u00f9 scura) e da l\u00ec potremo notare come il disco luminoso della Luna sia \u201csmangiato\u201d sul lembo Sud dall\u2019ombra nera della Terra.<\/p>\n<p>Il massimo dell\u2019eclisse si avr\u00e0 alle 22:14 circa, quando il 6% del disco lunare risulter\u00e0 oscurato: come abbiamo detto \u00e8 un\u2019eclisse parziale, dunque la Luna non diventer\u00e0 rossa n\u00e9 completamente scura ma sar\u00e0 comunque suggestivo rivolgere lo sguardo al cielo e vedere il disco lunare \u201csbeccato\u201d.<\/p>\n<p>La Luna uscir\u00e0 dall\u2019ombra intorno alle 23:00 e tutto il fenomeno si concluder\u00e0 alle 00:26 circa con l\u2019uscita dalla penombra.<\/p>\n<p>Dati, visibilit\u00e0 e orari qui: <a href=\"https:\/\/www.timeanddate.com\/eclipse\/lunar\/2023-october-28\" target=\"_blank\" rel=\"noopener\">https:\/\/www.timeanddate.com\/eclipse\/lunar\/2023-october-28<\/a> oppure uqi per alcuni dettagli ulteriori: <a href=\"https:\/\/eclipse.gsfc.nasa.gov\/LEplot\/LEplot2001\/LE2023Oct28P.pdf\" target=\"_blank\" rel=\"noopener\">https:\/\/eclipse.gsfc.nasa.gov\/LEplot\/LEplot2001\/LE2023Oct28P.pdf<\/a><\/p>\n<p><img data-recalc-dims=\"1\" loading=\"lazy\" decoding=\"async\" data-attachment-id=\"1719\" data-permalink=\"https:\/\/www.avdavigevano.com\/?attachment_id=1719\" data-orig-file=\"https:\/\/i0.wp.com\/www.avdavigevano.com\/TEST\/wp-content\/uploads\/2023\/10\/Schermata-2023-10-18-alle-11.31.23.png?fit=1390%2C464&amp;ssl=1\" data-orig-size=\"1390,464\" data-comments-opened=\"1\" data-image-meta=\"{&quot;aperture&quot;:&quot;0&quot;,&quot;credit&quot;:&quot;&quot;,&quot;camera&quot;:&quot;&quot;,&quot;caption&quot;:&quot;&quot;,&quot;created_timestamp&quot;:&quot;0&quot;,&quot;copyright&quot;:&quot;&quot;,&quot;focal_length&quot;:&quot;0&quot;,&quot;iso&quot;:&quot;0&quot;,&quot;shutter_speed&quot;:&quot;0&quot;,&quot;title&quot;:&quot;&quot;,&quot;orientation&quot;:&quot;0&quot;}\" data-image-title=\"Dati da Vigevano\" data-image-description=\"\" data-image-caption=\"\" data-large-file=\"https:\/\/i0.wp.com\/www.avdavigevano.com\/TEST\/wp-content\/uploads\/2023\/10\/Schermata-2023-10-18-alle-11.31.23.png?fit=1024%2C342&amp;ssl=1\" class=\"aligncenter wp-image-1719 size-full\" src=\"https:\/\/i0.wp.com\/www.avdavigevano.com\/TEST\/wp-content\/uploads\/2023\/10\/Schermata-2023-10-18-alle-11.31.23.png?resize=1390%2C464\" alt=\"\" width=\"1390\" height=\"464\" srcset=\"https:\/\/i0.wp.com\/www.avdavigevano.com\/TEST\/wp-content\/uploads\/2023\/10\/Schermata-2023-10-18-alle-11.31.23.png?w=1390&amp;ssl=1 1390w, https:\/\/i0.wp.com\/www.avdavigevano.com\/TEST\/wp-content\/uploads\/2023\/10\/Schermata-2023-10-18-alle-11.31.23.png?resize=300%2C100&amp;ssl=1 300w, https:\/\/i0.wp.com\/www.avdavigevano.com\/TEST\/wp-content\/uploads\/2023\/10\/Schermata-2023-10-18-alle-11.31.23.png?resize=1024%2C342&amp;ssl=1 1024w, https:\/\/i0.wp.com\/www.avdavigevano.com\/TEST\/wp-content\/uploads\/2023\/10\/Schermata-2023-10-18-alle-11.31.23.png?resize=768%2C256&amp;ssl=1 768w\" sizes=\"auto, (max-width: 1000px) 100vw, 1000px\" \/><\/p>\n<p><strong>Eclissi in coppia<\/strong><br \/>\nLe eclissi si sviluppano sempre in coppia, distanti 2 settimane l\u2019una dall\u2019altra, e le coppie si appaiano ogni 6 mesi circa.<\/p>\n<p>Nell\u2019arco di un anno, quindi, si formano almeno quattro eclissi in coppie di due: una di Luna e l\u2019altra di Sole e dopo sei mesi un\u2019altra coppia (fra totali e parziali e non \u00e8 detto che siano tutte visibili dall\u2019Italia).<\/p>\n<p>L\u2019eclisse del 28 ottobre 2023 si forma perch\u00e9, due settimane prima (ovvero sabato 14 ottobre 2023) si \u00e8 verificata un\u2019eclisse di Sole anulare visibile da USA, America centrale e America Meridionale.<\/p>\n<p>Tra sei mesi circa, avr\u00e0 luogo la prossima coppia di eclissi: una di Luna di penombra il 24 marzo 2024 e, due settimane dopo, una totale di Sole visibile in Messico e USA l\u20198 aprile 2024.<\/p>\n<p>\u00c8 il balletto cosmico, regolato da precise leggi fisiche e di posizione reciproca nello spazio, di Luna e Terra che manifesta un\u2019incredibile spettacolo celeste.<\/p>\n<p>&nbsp;<\/p>\n<p><strong><em>Appuntamento quindi al 28 ottobre con l\u2019osservazione al telescopio dell\u2019eclisse parziale di Luna!<\/em><\/strong><\/p>\n","protected":false},"excerpt":{"rendered":"<p>L\u2019appuntamento con l\u2019eclisse parziale di Luna \u00e8 per sabato 28 ottobre, a partire dalle 21:00! L\u2019Associazione Vigevanese Divulgazione Astronomica (A.V.D.A.) organizza, in occasione dell\u2019evento, una conferenza con osservazione al telescopio presso la Biblioteca dei Ragazzi Gianni Cordone (Via Boldrini 1 \u2013 Vigevano). L\u2019ingresso all\u2019evento \u00e8 libero ed aperto a tutti.&#46;&#46;&#46;<\/p>\n","protected":false},"author":7,"featured_media":1718,"comment_status":"open","ping_status":"open","sticky":false,"template":"","format":"standard","meta":{"_monsterinsights_skip_tracking":false,"_monsterinsights_sitenote_active":false,"_monsterinsights_sitenote_note":"","_monsterinsights_sitenote_category":0,"jetpack_post_was_ever_published":false,"_jetpack_newsletter_access":"","_jetpack_dont_email_post_to_subs":false,"_jetpack_newsletter_tier_id":0,"_jetpack_memberships_contains_paywalled_content":false,"_jetpack_memberships_contains_paid_content":false,"footnotes":""},"categories":[8,25],"tags":[36,10,28,38],"class_list":["post-1716","post","type-post","status-publish","format-standard","has-post-thumbnail","hentry","category-eventi","category-osservazioni","tag-eclissi-di-luna","tag-luna","tag-osservazione","tag-vigevano"],"jetpack_featured_media_url":"https:\/\/i0.wp.com\/www.avdavigevano.com\/TEST\/wp-content\/uploads\/2023\/10\/20231028-eclissi-EVENTO-FB.jpg?fit=1280%2C640&ssl=1","jetpack_sharing_enabled":true,"jetpack_shortlink":"https:\/\/wp.me\/p9jymR-rG","jetpack_likes_enabled":true,"_links":{"self":[{"href":"https:\/\/www.avdavigevano.com\/index.php?rest_route=\/wp\/v2\/posts\/1716","targetHints":{"allow":["GET"]}}],"collection":[{"href":"https:\/\/www.avdavigevano.com\/index.php?rest_route=\/wp\/v2\/posts"}],"about":[{"href":"https:\/\/www.avdavigevano.com\/index.php?rest_route=\/wp\/v2\/types\/post"}],"author":[{"embeddable":true,"href":"https:\/\/www.avdavigevano.com\/index.php?rest_route=\/wp\/v2\/users\/7"}],"replies":[{"embeddable":true,"href":"https:\/\/www.avdavigevano.com\/index.php?rest_route=%2Fwp%2Fv2%2Fcomments&post=1716"}],"version-history":[{"count":10,"href":"https:\/\/www.avdavigevano.com\/index.php?rest_route=\/wp\/v2\/posts\/1716\/revisions"}],"predecessor-version":[{"id":1722,"href":"https:\/\/www.avdavigevano.com\/index.php?rest_route=\/wp\/v2\/posts\/1716\/revisions\/1722"}],"wp:featuredmedia":[{"embeddable":true,"href":"https:\/\/www.avdavigevano.com\/index.php?rest_route=\/wp\/v2\/media\/1718"}],"wp:attachment":[{"href":"https:\/\/www.avdavigevano.com\/index.php?rest_route=%2Fwp%2Fv2%2Fmedia&parent=1716"}],"wp:term":[{"taxonomy":"category","embeddable":true,"href":"https:\/\/www.avdavigevano.com\/index.php?rest_route=%2Fwp%2Fv2%2Fcategories&post=1716"},{"taxonomy":"post_tag","embeddable":true,"href":"https:\/\/www.avdavigevano.com\/index.php?rest_route=%2Fwp%2Fv2%2Ftags&post=1716"}],"curies":[{"name":"wp","href":"https:\/\/api.w.org\/{rel}","templated":true}]}}