{"id":1647,"date":"2023-03-08T12:30:46","date_gmt":"2023-03-08T11:30:46","guid":{"rendered":"http:\/\/www.avdavigevano.com\/?p=1647"},"modified":"2023-03-31T15:14:44","modified_gmt":"2023-03-31T13:14:44","slug":"viaggio-a-caccia-dellaurora","status":"publish","type":"post","link":"https:\/\/www.avdavigevano.com\/?p=1647","title":{"rendered":"Viaggio a caccia dell&#8217;aurora"},"content":{"rendered":"<p style=\"text-align: justify;\">Carissimi amici astrofili, oggi voglio raccontarvi la meravigliosa avventura nell\u2019Artico che ho vissuto insieme a tanti altri appassionati e curiosi del cielo.<\/p>\n<p style=\"text-align: justify;\">Ho partecipato al viaggio a Troms\u00f8 (Norvegia) \u201ca caccia dell\u2019aurora boreale\u201d, tour organizzato da Passione Astronomia (<a href=\"http:\/\/www.passioneastronomia.it\" target=\"_blank\" rel=\"noopener\">www.passioneastronomia.it<\/a>) e dall\u2019agenzia San Donnino Viaggi (<a href=\"http:\/\/www.sandonninoviaggi.it\" target=\"_blank\" rel=\"noopener\">www.sandonninoviaggi.it<\/a>); con noi, ad accompagnarci, c\u2019era l\u2019astrofilo e divulgatore Marco Bastoni, a cui ognuno di noi deve un grandissimo \u201cgrazie\u201d per i bellissimi momenti di divulgazione che ci ha regalato ma soprattutto per la tenacia con la quale ci ha spinti ad inseguire la possibilit\u00e0 di vedere l\u2019aurora (che abbiamo scoperto non essere una cosa scontata), cercando per noi i territori con il cielo sereno.<\/p>\n<p style=\"text-align: justify;\">Tutti guardiamo video sui social di aurore boreali e, certo, sono tutti molto belli, ma vi posso garantire che non \u00e8 nulla rispetto all\u2019emozione che si prova nel vederla dal vivo, quando finalmente si accende nel cielo, passando da un\u2019intensit\u00e0 Kp2, che appare come un leggero grigiore fra le stelle, a un Kp3 ed esplode il colore verde smeraldo, con alcune sfumature color porpora.<\/p>\n<p style=\"text-align: justify;\">Per chi non la conoscesse, l\u2019indice <a href=\"https:\/\/www.spaceweatherlive.com\/it\/aiuto\/l-indice-kp.html\" target=\"_blank\" rel=\"noopener\">Kp<\/a> esprime il grado d&#8217;intensit\u00e0 dell\u2019attivit\u00e0 aurorale, ed \u00e8 una scala di valori che va da 0 (attivit\u00e0 minima) a 9 (attivit\u00e0 massima).<\/p>\n<p style=\"text-align: justify;\">Mentre l\u2019aurora fiammeggiava, c\u2019\u00e8 chi si \u00e8 lasciato andare ad esclamazioni emozionate o chi \u00e8 rimasto a bocca aperta con gli occhi lucidi rivolti verso il cielo; \u00e8 stato meraviglioso poter vivere tutte queste emozioni nelle persone, tutte diverse fra loro!<\/p>\n<p style=\"text-align: justify;\">Qui potete vedere un bel <a href=\"https:\/\/www.youtube.com\/watch?v=3-Xa-saf0Lg&amp;ab_channel=PassioneAstronomia\" target=\"_blank\" rel=\"noopener\">video dell\u2019aurora che abbiamo osservato il 20 febbraio<\/a>, presso Sommar\u00f8y.<\/p>\n<div id=\"attachment_1648\" style=\"width: 1034px\" class=\"wp-caption aligncenter\"><a href=\"https:\/\/i0.wp.com\/www.avdavigevano.com\/TEST\/wp-content\/uploads\/2023\/03\/230308_Aurora_GS_1-scaled.jpg\" target=\"_blank\" rel=\"noopener\"><img data-recalc-dims=\"1\" loading=\"lazy\" decoding=\"async\" aria-describedby=\"caption-attachment-1648\" data-attachment-id=\"1648\" data-permalink=\"https:\/\/www.avdavigevano.com\/?attachment_id=1648\" data-orig-file=\"https:\/\/i0.wp.com\/www.avdavigevano.com\/TEST\/wp-content\/uploads\/2023\/03\/230308_Aurora_GS_1-scaled.jpg?fit=2560%2C1710&amp;ssl=1\" data-orig-size=\"2560,1710\" data-comments-opened=\"1\" data-image-meta=\"{&quot;aperture&quot;:&quot;0&quot;,&quot;credit&quot;:&quot;&quot;,&quot;camera&quot;:&quot;&quot;,&quot;caption&quot;:&quot;&quot;,&quot;created_timestamp&quot;:&quot;1676928487&quot;,&quot;copyright&quot;:&quot;&quot;,&quot;focal_length&quot;:&quot;0&quot;,&quot;iso&quot;:&quot;0&quot;,&quot;shutter_speed&quot;:&quot;0&quot;,&quot;title&quot;:&quot;&quot;,&quot;orientation&quot;:&quot;0&quot;}\" data-image-title=\"230308_Aurora_GS_1\" data-image-description=\"&lt;p&gt;Immagine 1: il verde \u00e8 il colore dominante dell\u2019aurora, e qui si sviluppa in tutta la sua ampiezza ai piedi dell\u2019Orsa Maggiore.&lt;\/p&gt;\n\" data-image-caption=\"&lt;p&gt;Immagine 1: il verde \u00e8 il colore dominante dell\u2019aurora, e qui si sviluppa in tutta la sua ampiezza ai piedi dell\u2019Orsa Maggiore.&lt;\/p&gt;\n\" data-large-file=\"https:\/\/i0.wp.com\/www.avdavigevano.com\/TEST\/wp-content\/uploads\/2023\/03\/230308_Aurora_GS_1-scaled.jpg?fit=1024%2C684&amp;ssl=1\" class=\"wp-image-1648 size-large\" src=\"https:\/\/i0.wp.com\/www.avdavigevano.com\/TEST\/wp-content\/uploads\/2023\/03\/230308_Aurora_GS_1.jpg?resize=1024%2C684\" alt=\"\" width=\"1024\" height=\"684\" srcset=\"https:\/\/i0.wp.com\/www.avdavigevano.com\/TEST\/wp-content\/uploads\/2023\/03\/230308_Aurora_GS_1-scaled.jpg?resize=1024%2C684&amp;ssl=1 1024w, https:\/\/i0.wp.com\/www.avdavigevano.com\/TEST\/wp-content\/uploads\/2023\/03\/230308_Aurora_GS_1-scaled.jpg?resize=300%2C200&amp;ssl=1 300w, https:\/\/i0.wp.com\/www.avdavigevano.com\/TEST\/wp-content\/uploads\/2023\/03\/230308_Aurora_GS_1-scaled.jpg?resize=768%2C513&amp;ssl=1 768w, https:\/\/i0.wp.com\/www.avdavigevano.com\/TEST\/wp-content\/uploads\/2023\/03\/230308_Aurora_GS_1-scaled.jpg?resize=1536%2C1026&amp;ssl=1 1536w, https:\/\/i0.wp.com\/www.avdavigevano.com\/TEST\/wp-content\/uploads\/2023\/03\/230308_Aurora_GS_1-scaled.jpg?resize=2048%2C1368&amp;ssl=1 2048w\" sizes=\"auto, (max-width: 1000px) 100vw, 1000px\" \/><\/a><p id=\"caption-attachment-1648\" class=\"wp-caption-text\">Immagine 1: il verde \u00e8 il colore dominante dell\u2019aurora, e qui si sviluppa in tutta la sua ampiezza ai piedi dell\u2019Orsa Maggiore.<\/p><\/div>\n<p style=\"text-align: justify;\">Ma la Norvegia non \u00e8 solo sinonimo di aurora boreale; \u00e8 emozione e stupore allo stato puro! In effetti il viaggio \u00e8 iniziato nel migliore dei modi: alcuni di noi, infatti, hanno potuto osservare dall\u2019aereo in volo un bellissimo fenomeno ottico atmosferico chiamato \u201c<a href=\"https:\/\/it.wikipedia.org\/wiki\/Gloria_(fenomeno_ottico)\" target=\"_blank\" rel=\"noopener\">Gloria<\/a>\u201d dove, sulle nuvole bianche attorno all\u2019ombra dell\u2019aereo, si formano uno o pi\u00f9 anelli colorati concentrici, un effetto particolare che di certo non si osserva tutti i giorni.<\/p>\n<p style=\"text-align: justify;\">Un altro fenomeno a cui abbiamo assistito \u00e8 come il Sole, a quelle latitudini, rimanga sempre abbastanza basso sull\u2019orizzonte e crea cos\u00ec tramonti lunghi e meravigliosi che durano anche 3 ore, regalando al paesaggio innevato delle colorazioni incredibili (una \u201cgolden hour che dura qualche ora!), grazie anche all\u2019aria secca e trasparente; ancora, mentre stavamo osservando uno di questi tramonti ci ha regalato la possibilit\u00e0 di osservare un altro fenomeno ottico atmosferico, chiamato \u201c<a href=\"https:\/\/it.wikipedia.org\/wiki\/Alone_(fenomeno_ottico)#Pilastri_di_luce\" target=\"_blank\" rel=\"noopener\">pilastro solare<\/a>\u201d: una colonna di luce verticale che si estendeva proprio sopra il Sole e proseguiva su nel cielo.<\/p>\n<p style=\"text-align: justify;\">\u00c8 curioso ma questi \u201cpilastri\u201d li abbiamo potuti osservare anche quando era ormai notte fonda, anche se non causati dal Sole: viaggiando con il pullman ho notato all\u2019orizzonte dei fasci di luce verticali molto intensi e subito mi \u00e8 balzato in mente che poteva essere un fortissimo inquinamento luminoso\u2026 e invece, con grande sorpresa, erano pilastri di luce causati dai fanali delle auto, che si formano a causa dei cristalli di ghiaccio presenti in atmosfera.<\/p>\n<div id=\"attachment_1649\" style=\"width: 1034px\" class=\"wp-caption aligncenter\"><a href=\"https:\/\/i0.wp.com\/www.avdavigevano.com\/TEST\/wp-content\/uploads\/2023\/03\/230308_Aurora_GS_2-scaled.jpg\"><img data-recalc-dims=\"1\" loading=\"lazy\" decoding=\"async\" aria-describedby=\"caption-attachment-1649\" data-attachment-id=\"1649\" data-permalink=\"https:\/\/www.avdavigevano.com\/?attachment_id=1649\" data-orig-file=\"https:\/\/i0.wp.com\/www.avdavigevano.com\/TEST\/wp-content\/uploads\/2023\/03\/230308_Aurora_GS_2-scaled.jpg?fit=2560%2C1710&amp;ssl=1\" data-orig-size=\"2560,1710\" data-comments-opened=\"1\" data-image-meta=\"{&quot;aperture&quot;:&quot;0&quot;,&quot;credit&quot;:&quot;&quot;,&quot;camera&quot;:&quot;&quot;,&quot;caption&quot;:&quot;&quot;,&quot;created_timestamp&quot;:&quot;1676932653&quot;,&quot;copyright&quot;:&quot;&quot;,&quot;focal_length&quot;:&quot;0&quot;,&quot;iso&quot;:&quot;0&quot;,&quot;shutter_speed&quot;:&quot;0&quot;,&quot;title&quot;:&quot;&quot;,&quot;orientation&quot;:&quot;0&quot;}\" data-image-title=\"230308_Aurora_GS_2\" data-image-description=\"&lt;p&gt;Immagine 2: l\u2019aurora a forma di tendale che danza nel cielo; la porzione rossa si trova a oltre 300-500 Km dal suolo mentre il limite inferiore della zona verde arriva intorno ai 100-150 Km di quota&lt;\/p&gt;\n\" data-image-caption=\"&lt;p&gt;Immagine 2: l\u2019aurora a forma di tendale che danza nel cielo; la porzione rossa si trova a oltre 300-500 Km dal suolo mentre il limite inferiore della zona verde arriva intorno ai 100-150 Km di quota&lt;\/p&gt;\n\" data-large-file=\"https:\/\/i0.wp.com\/www.avdavigevano.com\/TEST\/wp-content\/uploads\/2023\/03\/230308_Aurora_GS_2-scaled.jpg?fit=1024%2C684&amp;ssl=1\" class=\"size-large wp-image-1649\" src=\"https:\/\/i0.wp.com\/www.avdavigevano.com\/TEST\/wp-content\/uploads\/2023\/03\/230308_Aurora_GS_2.jpg?resize=1024%2C684\" alt=\"Immagine 2: l\u2019aurora a forma di tendale che danza nel cielo; la porzione rossa si trova a oltre 300-500 Km dal suolo mentre il limite inferiore della zona verde arriva intorno ai 100-150 Km di quota\" width=\"1024\" height=\"684\" srcset=\"https:\/\/i0.wp.com\/www.avdavigevano.com\/TEST\/wp-content\/uploads\/2023\/03\/230308_Aurora_GS_2-scaled.jpg?resize=1024%2C684&amp;ssl=1 1024w, https:\/\/i0.wp.com\/www.avdavigevano.com\/TEST\/wp-content\/uploads\/2023\/03\/230308_Aurora_GS_2-scaled.jpg?resize=300%2C200&amp;ssl=1 300w, https:\/\/i0.wp.com\/www.avdavigevano.com\/TEST\/wp-content\/uploads\/2023\/03\/230308_Aurora_GS_2-scaled.jpg?resize=768%2C513&amp;ssl=1 768w, https:\/\/i0.wp.com\/www.avdavigevano.com\/TEST\/wp-content\/uploads\/2023\/03\/230308_Aurora_GS_2-scaled.jpg?resize=1536%2C1026&amp;ssl=1 1536w, https:\/\/i0.wp.com\/www.avdavigevano.com\/TEST\/wp-content\/uploads\/2023\/03\/230308_Aurora_GS_2-scaled.jpg?resize=2048%2C1368&amp;ssl=1 2048w\" sizes=\"auto, (max-width: 1000px) 100vw, 1000px\" \/><\/a><p id=\"caption-attachment-1649\" class=\"wp-caption-text\">Immagine 2: l\u2019aurora a forma di tendale che danza nel cielo; la porzione rossa si trova a oltre 300-500 Km dal suolo mentre il limite inferiore della zona verde arriva intorno ai 100-150 Km di quota.<\/p><\/div>\n<p style=\"text-align: justify;\">Norvegia, alle latitudini di Troms\u00f8, significa anche \u201cclima artico\u201d e quindi\u2026 freddo: so che molti si scoraggiano pensando a questo elemento del viaggio ma vi posso garantire che sono stata molto meglio l\u00ec piuttosto che nelle giornate fredde umide della nostra pianura in Italia; a quelle latitudini l\u2019aria \u00e8 molto secca, rendendo i -9\u00b0C\/-15\u00b0C vivibilissimi, ovviamente con il giusto abbigliamento che mi era stato consigliato dall\u2019organizzazione del viaggio.<\/p>\n<p style=\"text-align: justify;\">La neve \u00e8 un altro fattore interessante: \u00e8 asciutta! \u00c8 impossibile fare a palle di neve tanto \u00e8 farinosa e per la nostra battaglia sulla collina che domina Troms\u00f8 (da cui si gode di un paesaggio mozzafiato sul fiordo) abbiamo optato per tirarcela usando entrambe le mani a mo\u2019 di pala!<\/p>\n<div id=\"attachment_1651\" style=\"width: 1034px\" class=\"wp-caption aligncenter\"><a href=\"https:\/\/i0.wp.com\/www.avdavigevano.com\/TEST\/wp-content\/uploads\/2023\/03\/230308_Aurora_GS_3-scaled.jpg\"><img data-recalc-dims=\"1\" loading=\"lazy\" decoding=\"async\" aria-describedby=\"caption-attachment-1651\" data-attachment-id=\"1651\" data-permalink=\"https:\/\/www.avdavigevano.com\/?attachment_id=1651\" data-orig-file=\"https:\/\/i0.wp.com\/www.avdavigevano.com\/TEST\/wp-content\/uploads\/2023\/03\/230308_Aurora_GS_3-scaled.jpg?fit=2560%2C1920&amp;ssl=1\" data-orig-size=\"2560,1920\" data-comments-opened=\"1\" data-image-meta=\"{&quot;aperture&quot;:&quot;0&quot;,&quot;credit&quot;:&quot;&quot;,&quot;camera&quot;:&quot;&quot;,&quot;caption&quot;:&quot;&quot;,&quot;created_timestamp&quot;:&quot;0&quot;,&quot;copyright&quot;:&quot;&quot;,&quot;focal_length&quot;:&quot;0&quot;,&quot;iso&quot;:&quot;0&quot;,&quot;shutter_speed&quot;:&quot;0&quot;,&quot;title&quot;:&quot;&quot;,&quot;orientation&quot;:&quot;0&quot;}\" data-image-title=\"230308_Aurora_GS_3\" data-image-description=\"&lt;p&gt;Immagine 3: dalla collina che domina Troms\u00f8 si gode una spettacolare vista sul fiordo. Alla fine del ponte che attraversa il fiordo, sulla destra, si nota l\u2019iconica \u201cpiramide\u201d della Cattedrale Artica.&lt;\/p&gt;\n\" data-image-caption=\"&lt;p&gt;Immagine 3: dalla collina che domina Troms\u00f8 si gode una spettacolare vista sul fiordo. Alla fine del ponte che attraversa il fiordo, sulla destra, si nota l\u2019iconica \u201cpiramide\u201d della Cattedrale Artica.&lt;\/p&gt;\n\" data-large-file=\"https:\/\/i0.wp.com\/www.avdavigevano.com\/TEST\/wp-content\/uploads\/2023\/03\/230308_Aurora_GS_3-scaled.jpg?fit=1024%2C768&amp;ssl=1\" class=\"size-large wp-image-1651\" src=\"https:\/\/i0.wp.com\/www.avdavigevano.com\/TEST\/wp-content\/uploads\/2023\/03\/230308_Aurora_GS_3.jpg?resize=1024%2C768\" alt=\"Immagine 3: dalla collina che domina Troms\u00f8 si gode una spettacolare vista sul fiordo. Alla fine del ponte che attraversa il fiordo, sulla destra, si nota l\u2019iconica \u201cpiramide\u201d della Cattedrale Artica.\" width=\"1024\" height=\"768\" srcset=\"https:\/\/i0.wp.com\/www.avdavigevano.com\/TEST\/wp-content\/uploads\/2023\/03\/230308_Aurora_GS_3-scaled.jpg?resize=1024%2C768&amp;ssl=1 1024w, https:\/\/i0.wp.com\/www.avdavigevano.com\/TEST\/wp-content\/uploads\/2023\/03\/230308_Aurora_GS_3-scaled.jpg?resize=300%2C225&amp;ssl=1 300w, https:\/\/i0.wp.com\/www.avdavigevano.com\/TEST\/wp-content\/uploads\/2023\/03\/230308_Aurora_GS_3-scaled.jpg?resize=768%2C576&amp;ssl=1 768w, https:\/\/i0.wp.com\/www.avdavigevano.com\/TEST\/wp-content\/uploads\/2023\/03\/230308_Aurora_GS_3-scaled.jpg?resize=1536%2C1152&amp;ssl=1 1536w, https:\/\/i0.wp.com\/www.avdavigevano.com\/TEST\/wp-content\/uploads\/2023\/03\/230308_Aurora_GS_3-scaled.jpg?resize=2048%2C1536&amp;ssl=1 2048w\" sizes=\"auto, (max-width: 1000px) 100vw, 1000px\" \/><\/a><p id=\"caption-attachment-1651\" class=\"wp-caption-text\">Immagine 3: dalla collina che domina Troms\u00f8 si gode una spettacolare vista sul fiordo. Alla fine del ponte che attraversa il fiordo, sulla destra, si nota l\u2019iconica \u201cpiramide\u201d della <a href=\"https:\/\/it.wikipedia.org\/wiki\/Cattedrale_dell%27Artico\" target=\"_blank\" rel=\"noopener\">Cattedrale Artica<\/a>.<\/p><\/div>\n<p style=\"text-align: justify;\">Anche durante l\u2019escursione in slitta trainata dai cani, dove si conduce in prima persona la slitta, il freddo non \u00e8 assolutamente invalidante, e se come me avete la fortuna viverla nelle lunghe ore di tramonto, l\u2019esperienza assume quasi delle sfumature magiche, sia nelle distese bianche dei laghi ghiacciati che nei percorsi un po\u2019 pi\u00f9 impervi dei boschetti.<\/p>\n<p style=\"text-align: justify;\">Ci sarebbe ancora tanto da raccontare su tutte le altre escursioni aggiuntive al nostro viaggio ma torniamo al protagonista principale: il cielo.<\/p>\n<p style=\"text-align: justify;\">Un cielo sicuramente molto strano: ho dovuto fare mente locale per trovare velocemente le costellazioni e indicarle a chi nel gruppo mi chiedeva di raccontargli la volta celeste, partendo dall\u2019aspetto che mi \u00e8 sembrato pi\u00f9 strano di tutti: avere la Stella Polare altissima, quasi allo Zenith, per arrivare ad un Orione talmente basso come non lo avevo mai visto prima! Ma non abbiamo fatto in tempo a studiare tutte le costellazioni perch\u00e9 d\u2019improvviso, come un velo che poi diventa sempre pi\u00f9 definito, eccola che ricompare! Si colora e comincia a danzare di nuovo!<\/p>\n<div id=\"attachment_1652\" style=\"width: 694px\" class=\"wp-caption aligncenter\"><a href=\"https:\/\/i0.wp.com\/www.avdavigevano.com\/TEST\/wp-content\/uploads\/2023\/03\/230308_Aurora_GS_4-scaled.jpg\"><img data-recalc-dims=\"1\" loading=\"lazy\" decoding=\"async\" aria-describedby=\"caption-attachment-1652\" data-attachment-id=\"1652\" data-permalink=\"https:\/\/www.avdavigevano.com\/?attachment_id=1652\" data-orig-file=\"https:\/\/i0.wp.com\/www.avdavigevano.com\/TEST\/wp-content\/uploads\/2023\/03\/230308_Aurora_GS_4-scaled.jpg?fit=1710%2C2560&amp;ssl=1\" data-orig-size=\"1710,2560\" data-comments-opened=\"1\" data-image-meta=\"{&quot;aperture&quot;:&quot;0&quot;,&quot;credit&quot;:&quot;&quot;,&quot;camera&quot;:&quot;&quot;,&quot;caption&quot;:&quot;&quot;,&quot;created_timestamp&quot;:&quot;1676928561&quot;,&quot;copyright&quot;:&quot;&quot;,&quot;focal_length&quot;:&quot;0&quot;,&quot;iso&quot;:&quot;0&quot;,&quot;shutter_speed&quot;:&quot;0&quot;,&quot;title&quot;:&quot;&quot;,&quot;orientation&quot;:&quot;0&quot;}\" data-image-title=\"230308_Aurora_GS_4\" data-image-description=\"&lt;p&gt;Immagine 4: un\u2019aurora che sembra una farfalla con le ali spiegate, pronta a spiccare il volo nel freddo della notte artica.&lt;\/p&gt;\n\" data-image-caption=\"&lt;p&gt;Immagine 4: un\u2019aurora che sembra una farfalla con le ali spiegate, pronta a spiccare il volo nel freddo della notte artica.&lt;\/p&gt;\n\" data-large-file=\"https:\/\/i0.wp.com\/www.avdavigevano.com\/TEST\/wp-content\/uploads\/2023\/03\/230308_Aurora_GS_4-scaled.jpg?fit=684%2C1024&amp;ssl=1\" class=\"size-large wp-image-1652\" src=\"https:\/\/i0.wp.com\/www.avdavigevano.com\/TEST\/wp-content\/uploads\/2023\/03\/230308_Aurora_GS_4.jpg?resize=684%2C1024\" alt=\"Immagine 4: un\u2019aurora che sembra una farfalla con le ali spiegate, pronta a spiccare il volo nel freddo della notte artica.\" width=\"684\" height=\"1024\" srcset=\"https:\/\/i0.wp.com\/www.avdavigevano.com\/TEST\/wp-content\/uploads\/2023\/03\/230308_Aurora_GS_4-scaled.jpg?resize=684%2C1024&amp;ssl=1 684w, https:\/\/i0.wp.com\/www.avdavigevano.com\/TEST\/wp-content\/uploads\/2023\/03\/230308_Aurora_GS_4-scaled.jpg?resize=200%2C300&amp;ssl=1 200w, https:\/\/i0.wp.com\/www.avdavigevano.com\/TEST\/wp-content\/uploads\/2023\/03\/230308_Aurora_GS_4-scaled.jpg?resize=768%2C1150&amp;ssl=1 768w, https:\/\/i0.wp.com\/www.avdavigevano.com\/TEST\/wp-content\/uploads\/2023\/03\/230308_Aurora_GS_4-scaled.jpg?resize=1026%2C1536&amp;ssl=1 1026w, https:\/\/i0.wp.com\/www.avdavigevano.com\/TEST\/wp-content\/uploads\/2023\/03\/230308_Aurora_GS_4-scaled.jpg?resize=1368%2C2048&amp;ssl=1 1368w, https:\/\/i0.wp.com\/www.avdavigevano.com\/TEST\/wp-content\/uploads\/2023\/03\/230308_Aurora_GS_4-scaled.jpg?w=1710&amp;ssl=1 1710w\" sizes=\"auto, (max-width: 684px) 100vw, 684px\" \/><\/a><p id=\"caption-attachment-1652\" class=\"wp-caption-text\">Immagine 4: un\u2019aurora che sembra una farfalla con le ali spiegate, pronta a spiccare il volo nel freddo della notte artica.<\/p><\/div>\n<p style=\"text-align: justify;\">\u00c8 abbastanza comune, per chi non l\u2019ha mai vista, pensare che ad occhio nudo non si percepiscano n\u00e9 i colori dell\u2019aurora n\u00e9 il suo movimento, ma tutto questo si vede benissimo, \u00e8 evidente quando si avvolge su s\u00e9 stessa, \u00e8 magica quando sembra che ci sia un pianista che suona i tasti di un pianoforte color smeraldo, \u00e8 stupefacente quando d\u2019improvviso il guizzo di rosso fa da confine al tendale verde che ondeggia nel cielo.<\/p>\n<p style=\"text-align: justify;\">Di tutta questa meraviglia che vedono i nostri occhi come possiamo portarcene a casa un pezzettino, una foto ricordo? Ovviamente con una fotocamera e un buon obiettivo (le foto dell\u2019articolo, scattate da Marco Bastoni, sono realizzate con fotocamera Sony Alpha 7s e obiettivo Samyang 14mm f\/2,8) ma anche con gli smartphone di ultima generazione \u00e8 possibile realizzare ottimi scatti, meglio se aiutati dall\u2019uso di un treppiede; e quando qualche nuvola o la nebbia sopraggiunge nel cielo, l\u2019emozione diventa ancora pi\u00f9 viva per gli scatti \u201cartistici\u201d che si riescono ad immortalare, come la nostra ultima sera prima di partire dove l\u2019aurora ha deciso di sbucare da dietro una montagna tingendosi di verde, bianco e rosso, ricordandoci i colori della nostra bandiera, come se volesse salutarci e augurarci buon rientro a casa.<\/p>\n<div id=\"attachment_1653\" style=\"width: 1034px\" class=\"wp-caption aligncenter\"><a href=\"https:\/\/i0.wp.com\/www.avdavigevano.com\/TEST\/wp-content\/uploads\/2023\/03\/230308_Aurora_GS_5-scaled.jpg\"><img data-recalc-dims=\"1\" loading=\"lazy\" decoding=\"async\" aria-describedby=\"caption-attachment-1653\" data-attachment-id=\"1653\" data-permalink=\"https:\/\/www.avdavigevano.com\/?attachment_id=1653\" data-orig-file=\"https:\/\/i0.wp.com\/www.avdavigevano.com\/TEST\/wp-content\/uploads\/2023\/03\/230308_Aurora_GS_5-scaled.jpg?fit=2560%2C1710&amp;ssl=1\" data-orig-size=\"2560,1710\" data-comments-opened=\"1\" data-image-meta=\"{&quot;aperture&quot;:&quot;0&quot;,&quot;credit&quot;:&quot;&quot;,&quot;camera&quot;:&quot;&quot;,&quot;caption&quot;:&quot;&quot;,&quot;created_timestamp&quot;:&quot;1677018230&quot;,&quot;copyright&quot;:&quot;&quot;,&quot;focal_length&quot;:&quot;0&quot;,&quot;iso&quot;:&quot;0&quot;,&quot;shutter_speed&quot;:&quot;0&quot;,&quot;title&quot;:&quot;&quot;,&quot;orientation&quot;:&quot;0&quot;}\" data-image-title=\"230308_Aurora_GS_5\" data-image-description=\"&lt;p&gt;Immagine 5: nebbia e aurora, uno scatto fortunato: complice la montagna a forma di vulcano, sembra che un pennacchio di fumo colorato si levi dal cratere.&lt;\/p&gt;\n\" data-image-caption=\"&lt;p&gt;Immagine 5: nebbia e aurora, uno scatto fortunato: complice la montagna a forma di vulcano, sembra che un pennacchio di fumo colorato si levi dal cratere.&lt;\/p&gt;\n\" data-large-file=\"https:\/\/i0.wp.com\/www.avdavigevano.com\/TEST\/wp-content\/uploads\/2023\/03\/230308_Aurora_GS_5-scaled.jpg?fit=1024%2C684&amp;ssl=1\" class=\"size-large wp-image-1653\" src=\"https:\/\/i0.wp.com\/www.avdavigevano.com\/TEST\/wp-content\/uploads\/2023\/03\/230308_Aurora_GS_5.jpg?resize=1024%2C684\" alt=\"Immagine 5: nebbia e aurora, uno scatto fortunato: complice la montagna a forma di vulcano, sembra che un pennacchio di fumo colorato si levi dal cratere.\" width=\"1024\" height=\"684\" srcset=\"https:\/\/i0.wp.com\/www.avdavigevano.com\/TEST\/wp-content\/uploads\/2023\/03\/230308_Aurora_GS_5-scaled.jpg?resize=1024%2C684&amp;ssl=1 1024w, https:\/\/i0.wp.com\/www.avdavigevano.com\/TEST\/wp-content\/uploads\/2023\/03\/230308_Aurora_GS_5-scaled.jpg?resize=300%2C200&amp;ssl=1 300w, https:\/\/i0.wp.com\/www.avdavigevano.com\/TEST\/wp-content\/uploads\/2023\/03\/230308_Aurora_GS_5-scaled.jpg?resize=768%2C513&amp;ssl=1 768w, https:\/\/i0.wp.com\/www.avdavigevano.com\/TEST\/wp-content\/uploads\/2023\/03\/230308_Aurora_GS_5-scaled.jpg?resize=1536%2C1026&amp;ssl=1 1536w, https:\/\/i0.wp.com\/www.avdavigevano.com\/TEST\/wp-content\/uploads\/2023\/03\/230308_Aurora_GS_5-scaled.jpg?resize=2048%2C1368&amp;ssl=1 2048w\" sizes=\"auto, (max-width: 1000px) 100vw, 1000px\" \/><\/a><p id=\"caption-attachment-1653\" class=\"wp-caption-text\">Immagine 5: nebbia e aurora, uno scatto fortunato: complice la montagna a forma di vulcano, sembra che un pennacchio di fumo colorato si levi dal cratere.<\/p><\/div>\n<p style=\"text-align: justify;\">Sperando di avervi portato un po\u2019 di questa avventura e di incuriosirvi a questi spettacoli della natura, arrivo al momento dei ringraziamenti: ringrazio Marco Bastoni che \u00e8 stato una guida preziosa, Elisa Frangipane di San Donnino Viaggi per l\u2019organizzazione perfetta del viaggio, Pasquale D\u2019Anna e Passione Astronomia tutta per le bellissime esperienze che offrono e, in ultimo ma non per importanza, le amicizie uniche che nascono all\u2019insegna dell\u2019amore per il cielo; e, ovviamente, un grande grazie anche all\u2019A.V.D.A. Ass. Vigevanese Divulgazione Astronomica che mi ha dato la possibilit\u00e0 di raccontarvi questo straordinario viaggio-avventura.<\/p>\n<p style=\"text-align: justify;\">Vi auguro a tutti cieli sereni e tanti bei viaggi all\u2019insegna della nostra bella passione.<\/p>\n","protected":false},"excerpt":{"rendered":"<p>Carissimi amici astrofili, oggi voglio raccontarvi la meravigliosa avventura nell\u2019Artico che ho vissuto insieme a tanti altri appassionati e curiosi del cielo. Ho partecipato al viaggio a Troms\u00f8 (Norvegia) \u201ca caccia dell\u2019aurora boreale\u201d, tour organizzato da Passione Astronomia (www.passioneastronomia.it) e dall\u2019agenzia San Donnino Viaggi (www.sandonninoviaggi.it); con noi, ad accompagnarci, c\u2019era&#46;&#46;&#46;<\/p>\n","protected":false},"author":7,"featured_media":1648,"comment_status":"open","ping_status":"open","sticky":false,"template":"","format":"standard","meta":{"_monsterinsights_skip_tracking":false,"_monsterinsights_sitenote_active":false,"_monsterinsights_sitenote_note":"","_monsterinsights_sitenote_category":0,"jetpack_post_was_ever_published":false,"_jetpack_newsletter_access":"","_jetpack_dont_email_post_to_subs":false,"_jetpack_newsletter_tier_id":0,"_jetpack_memberships_contains_paywalled_content":false,"_jetpack_memberships_contains_paid_content":false,"footnotes":""},"categories":[65],"tags":[112,113,114,115],"class_list":["post-1647","post","type-post","status-publish","format-standard","has-post-thumbnail","hentry","category-articoli","tag-aurore","tag-norvegia","tag-tromso","tag-viaggi"],"jetpack_featured_media_url":"https:\/\/i0.wp.com\/www.avdavigevano.com\/TEST\/wp-content\/uploads\/2023\/03\/230308_Aurora_GS_1-scaled.jpg?fit=2560%2C1710&ssl=1","jetpack_sharing_enabled":true,"jetpack_shortlink":"https:\/\/wp.me\/p9jymR-qz","jetpack_likes_enabled":true,"_links":{"self":[{"href":"https:\/\/www.avdavigevano.com\/index.php?rest_route=\/wp\/v2\/posts\/1647","targetHints":{"allow":["GET"]}}],"collection":[{"href":"https:\/\/www.avdavigevano.com\/index.php?rest_route=\/wp\/v2\/posts"}],"about":[{"href":"https:\/\/www.avdavigevano.com\/index.php?rest_route=\/wp\/v2\/types\/post"}],"author":[{"embeddable":true,"href":"https:\/\/www.avdavigevano.com\/index.php?rest_route=\/wp\/v2\/users\/7"}],"replies":[{"embeddable":true,"href":"https:\/\/www.avdavigevano.com\/index.php?rest_route=%2Fwp%2Fv2%2Fcomments&post=1647"}],"version-history":[{"count":6,"href":"https:\/\/www.avdavigevano.com\/index.php?rest_route=\/wp\/v2\/posts\/1647\/revisions"}],"predecessor-version":[{"id":1655,"href":"https:\/\/www.avdavigevano.com\/index.php?rest_route=\/wp\/v2\/posts\/1647\/revisions\/1655"}],"wp:featuredmedia":[{"embeddable":true,"href":"https:\/\/www.avdavigevano.com\/index.php?rest_route=\/wp\/v2\/media\/1648"}],"wp:attachment":[{"href":"https:\/\/www.avdavigevano.com\/index.php?rest_route=%2Fwp%2Fv2%2Fmedia&parent=1647"}],"wp:term":[{"taxonomy":"category","embeddable":true,"href":"https:\/\/www.avdavigevano.com\/index.php?rest_route=%2Fwp%2Fv2%2Fcategories&post=1647"},{"taxonomy":"post_tag","embeddable":true,"href":"https:\/\/www.avdavigevano.com\/index.php?rest_route=%2Fwp%2Fv2%2Ftags&post=1647"}],"curies":[{"name":"wp","href":"https:\/\/api.w.org\/{rel}","templated":true}]}}