{"id":1595,"date":"2022-07-19T12:00:44","date_gmt":"2022-07-19T10:00:44","guid":{"rendered":"http:\/\/www.avdavigevano.com\/?p=1595"},"modified":"2022-07-25T12:12:20","modified_gmt":"2022-07-25T10:12:20","slug":"conferenza-sulla-stazione-spaziale-internazionale","status":"publish","type":"post","link":"https:\/\/www.avdavigevano.com\/?p=1595","title":{"rendered":"Conferenza sulla Stazione Spaziale Internazionale"},"content":{"rendered":"<p>Domenica 24 luglio, dalle ore 21:15 presso la Strada Sotterranea del Castello Sforzesco di Vigevano, parleremo della Stazione Spaziale Internazionale, cos&#8217;\u00e8, cosa serve, come \u00e8 stata costruita e da chi, qual&#8217;\u00e8 il suo attuale equipaggio ed \u00e8 possibile osservarla da casa? tante domande alle quali daremo risposta!<\/p>\n<p><a href=\"https:\/\/i0.wp.com\/www.avdavigevano.com\/TEST\/wp-content\/uploads\/2022\/07\/294602978_623069292567852_9158371480938175110_n.jpg\"><img data-recalc-dims=\"1\" loading=\"lazy\" decoding=\"async\" data-attachment-id=\"1596\" data-permalink=\"https:\/\/www.avdavigevano.com\/?attachment_id=1596\" data-orig-file=\"https:\/\/i0.wp.com\/www.avdavigevano.com\/TEST\/wp-content\/uploads\/2022\/07\/294602978_623069292567852_9158371480938175110_n.jpg?fit=1066%2C1600&amp;ssl=1\" data-orig-size=\"1066,1600\" data-comments-opened=\"1\" data-image-meta=\"{&quot;aperture&quot;:&quot;0&quot;,&quot;credit&quot;:&quot;&quot;,&quot;camera&quot;:&quot;&quot;,&quot;caption&quot;:&quot;&quot;,&quot;created_timestamp&quot;:&quot;0&quot;,&quot;copyright&quot;:&quot;&quot;,&quot;focal_length&quot;:&quot;0&quot;,&quot;iso&quot;:&quot;0&quot;,&quot;shutter_speed&quot;:&quot;0&quot;,&quot;title&quot;:&quot;&quot;,&quot;orientation&quot;:&quot;0&quot;}\" data-image-title=\"La Stazione Spaziale Internazionale\" data-image-description=\"\" data-image-caption=\"\" data-large-file=\"https:\/\/i0.wp.com\/www.avdavigevano.com\/TEST\/wp-content\/uploads\/2022\/07\/294602978_623069292567852_9158371480938175110_n.jpg?fit=682%2C1024&amp;ssl=1\" class=\"aligncenter wp-image-1596 size-large\" src=\"https:\/\/i0.wp.com\/www.avdavigevano.com\/TEST\/wp-content\/uploads\/2022\/07\/294602978_623069292567852_9158371480938175110_n.jpg?resize=682%2C1024\" alt=\"\" width=\"682\" height=\"1024\" srcset=\"https:\/\/i0.wp.com\/www.avdavigevano.com\/TEST\/wp-content\/uploads\/2022\/07\/294602978_623069292567852_9158371480938175110_n.jpg?resize=682%2C1024&amp;ssl=1 682w, https:\/\/i0.wp.com\/www.avdavigevano.com\/TEST\/wp-content\/uploads\/2022\/07\/294602978_623069292567852_9158371480938175110_n.jpg?resize=200%2C300&amp;ssl=1 200w, https:\/\/i0.wp.com\/www.avdavigevano.com\/TEST\/wp-content\/uploads\/2022\/07\/294602978_623069292567852_9158371480938175110_n.jpg?resize=768%2C1153&amp;ssl=1 768w, https:\/\/i0.wp.com\/www.avdavigevano.com\/TEST\/wp-content\/uploads\/2022\/07\/294602978_623069292567852_9158371480938175110_n.jpg?resize=1023%2C1536&amp;ssl=1 1023w, https:\/\/i0.wp.com\/www.avdavigevano.com\/TEST\/wp-content\/uploads\/2022\/07\/294602978_623069292567852_9158371480938175110_n.jpg?w=1066&amp;ssl=1 1066w\" sizes=\"auto, (max-width: 682px) 100vw, 682px\" \/><\/a><\/p>\n<p>&nbsp;<\/p>\n<p>&nbsp;<\/p>\n<p>Grazie a tutti i presenti per l&#8217;ottima serata e come promesso alleghiamo la foto della Stazione Spaziale Internazionale ISS ripresa domenica sera nel transito delle 22:34.<\/p>\n<div id=\"attachment_1600\" style=\"width: 1034px\" class=\"wp-caption aligncenter\"><a href=\"https:\/\/i0.wp.com\/www.avdavigevano.com\/TEST\/wp-content\/uploads\/2022\/07\/IMG_1866-scaled.jpg\"><img data-recalc-dims=\"1\" loading=\"lazy\" decoding=\"async\" aria-describedby=\"caption-attachment-1600\" data-attachment-id=\"1600\" data-permalink=\"https:\/\/www.avdavigevano.com\/?attachment_id=1600\" data-orig-file=\"https:\/\/i0.wp.com\/www.avdavigevano.com\/TEST\/wp-content\/uploads\/2022\/07\/IMG_1866-scaled.jpg?fit=2560%2C1920&amp;ssl=1\" data-orig-size=\"2560,1920\" data-comments-opened=\"1\" data-image-meta=\"{&quot;aperture&quot;:&quot;0&quot;,&quot;credit&quot;:&quot;&quot;,&quot;camera&quot;:&quot;&quot;,&quot;caption&quot;:&quot;Taken with NightCap. ISS mode, 141.72 second exposure, 1\/7s shutter speed.&quot;,&quot;created_timestamp&quot;:&quot;1658702114&quot;,&quot;copyright&quot;:&quot;&quot;,&quot;focal_length&quot;:&quot;0&quot;,&quot;iso&quot;:&quot;0&quot;,&quot;shutter_speed&quot;:&quot;0&quot;,&quot;title&quot;:&quot;Taken with NightCap. ISS mode, 141.72 second exposure, 1\/7s shutter speed.&quot;,&quot;orientation&quot;:&quot;0&quot;}\" data-image-title=\"Transito ISS del 24\/07\/22 ore 22:34\" data-image-description=\"\" data-image-caption=\"&lt;p&gt;Ripresa con iPhone 11 Pro Max e NightCap. ISS mode, 141.72 second exposure, 1\/7s shutter speed.&lt;\/p&gt;\n\" data-large-file=\"https:\/\/i0.wp.com\/www.avdavigevano.com\/TEST\/wp-content\/uploads\/2022\/07\/IMG_1866-scaled.jpg?fit=1024%2C768&amp;ssl=1\" class=\"wp-image-1600 size-large\" src=\"https:\/\/i0.wp.com\/www.avdavigevano.com\/TEST\/wp-content\/uploads\/2022\/07\/IMG_1866.jpg?resize=1024%2C768\" alt=\"\" width=\"1024\" height=\"768\" srcset=\"https:\/\/i0.wp.com\/www.avdavigevano.com\/TEST\/wp-content\/uploads\/2022\/07\/IMG_1866-scaled.jpg?resize=1024%2C768&amp;ssl=1 1024w, https:\/\/i0.wp.com\/www.avdavigevano.com\/TEST\/wp-content\/uploads\/2022\/07\/IMG_1866-scaled.jpg?resize=300%2C225&amp;ssl=1 300w, https:\/\/i0.wp.com\/www.avdavigevano.com\/TEST\/wp-content\/uploads\/2022\/07\/IMG_1866-scaled.jpg?resize=768%2C576&amp;ssl=1 768w, https:\/\/i0.wp.com\/www.avdavigevano.com\/TEST\/wp-content\/uploads\/2022\/07\/IMG_1866-scaled.jpg?resize=1536%2C1152&amp;ssl=1 1536w, https:\/\/i0.wp.com\/www.avdavigevano.com\/TEST\/wp-content\/uploads\/2022\/07\/IMG_1866-scaled.jpg?resize=2048%2C1536&amp;ssl=1 2048w\" sizes=\"auto, (max-width: 1000px) 100vw, 1000px\" \/><\/a><p id=\"caption-attachment-1600\" class=\"wp-caption-text\">Ripresa con iPhone 11 Pro Max e NightCap. ISS mode, 141.72 second exposure, 1\/7s shutter speed. Autore immagine: Davide Cirioni<\/p><\/div>\n<p>&nbsp;<\/p>\n<p>L&#8217;evento \u00e8 legato alla rassegna &#8220;Il Bosone di Higgs&#8221; insieme di eventi dal 03 al 30 luglio promossi dall&#8217;associazione Pensare Localmente Agire Globalmente, in collaborazione con artisti, Istituti di ricerca scientifica nazionali e internazionali, altre associazioni, scienziati e ricercatori, attori, studiosi, professori, danzatori e appassionati di astronomia&#8230;. tutti sotto un cielo di stelle, alla ricerca della luna e di quell&#8217;Essere che trascende dalla materia effimera che ci circonda e talvolta occulta il respiro dell&#8217;Universo.<\/p>\n<blockquote class=\"wp-embedded-content\" data-secret=\"OMDl1AJyhr\"><p><a href=\"https:\/\/worldglocal.com\/2022\/06\/27\/il-bosone-di-higgs-tra-arte-scienza-e-trascendenza\/\">IL BOSONE DI HIGGS. Tra arte, scienza e&nbsp;trascendenza<\/a><\/p><\/blockquote>\n<p><iframe loading=\"lazy\" class=\"wp-embedded-content\" sandbox=\"allow-scripts\" security=\"restricted\" style=\"position: absolute; clip: rect(1px, 1px, 1px, 1px);\" title=\"&#8220;IL BOSONE DI HIGGS. Tra arte, scienza e&nbsp;trascendenza&#8221; &#8212; Pensare Globalmente Agire Localmente\" src=\"https:\/\/worldglocal.com\/2022\/06\/27\/il-bosone-di-higgs-tra-arte-scienza-e-trascendenza\/embed\/#?secret=nw5pIOQqiI#?secret=OMDl1AJyhr\" data-secret=\"OMDl1AJyhr\" width=\"500\" height=\"282\" frameborder=\"0\" marginwidth=\"0\" marginheight=\"0\" scrolling=\"no\"><\/iframe><\/p>\n<p>&nbsp;<\/p>\n<div id=\"attachment_1589\" style=\"width: 650px\" class=\"wp-caption aligncenter\"><img data-recalc-dims=\"1\" loading=\"lazy\" decoding=\"async\" aria-describedby=\"caption-attachment-1589\" data-attachment-id=\"1589\" data-permalink=\"https:\/\/www.avdavigevano.com\/?attachment_id=1589\" data-orig-file=\"https:\/\/i0.wp.com\/www.avdavigevano.com\/TEST\/wp-content\/uploads\/2022\/07\/download.jpg?fit=640%2C960&amp;ssl=1\" data-orig-size=\"640,960\" data-comments-opened=\"1\" data-image-meta=\"{&quot;aperture&quot;:&quot;0&quot;,&quot;credit&quot;:&quot;&quot;,&quot;camera&quot;:&quot;&quot;,&quot;caption&quot;:&quot;&quot;,&quot;created_timestamp&quot;:&quot;0&quot;,&quot;copyright&quot;:&quot;&quot;,&quot;focal_length&quot;:&quot;0&quot;,&quot;iso&quot;:&quot;0&quot;,&quot;shutter_speed&quot;:&quot;0&quot;,&quot;title&quot;:&quot;&quot;,&quot;orientation&quot;:&quot;0&quot;}\" data-image-title=\"download\" data-image-description=\"\" data-image-caption=\"\" data-large-file=\"https:\/\/i0.wp.com\/www.avdavigevano.com\/TEST\/wp-content\/uploads\/2022\/07\/download.jpg?fit=640%2C960&amp;ssl=1\" class=\"wp-image-1589 size-full\" src=\"https:\/\/i0.wp.com\/www.avdavigevano.com\/TEST\/wp-content\/uploads\/2022\/07\/download.jpg?resize=640%2C960\" alt=\"\" width=\"640\" height=\"960\" srcset=\"https:\/\/i0.wp.com\/www.avdavigevano.com\/TEST\/wp-content\/uploads\/2022\/07\/download.jpg?w=640&amp;ssl=1 640w, https:\/\/i0.wp.com\/www.avdavigevano.com\/TEST\/wp-content\/uploads\/2022\/07\/download.jpg?resize=200%2C300&amp;ssl=1 200w\" sizes=\"auto, (max-width: 640px) 100vw, 640px\" \/><p id=\"caption-attachment-1589\" class=\"wp-caption-text\">Locandina &#8220;Il Bosone di Higgs&#8221;<\/p><\/div>\n<p>&nbsp;<\/p>\n<p>&nbsp;<\/p>\n","protected":false},"excerpt":{"rendered":"<p>Domenica 24 luglio, dalle ore 21:15 presso la Strada Sotterranea del Castello Sforzesco di Vigevano, parleremo della Stazione Spaziale Internazionale, cos&#8217;\u00e8, cosa serve, come \u00e8 stata costruita e da chi, qual&#8217;\u00e8 il suo attuale equipaggio ed \u00e8 possibile osservarla da casa? tante domande alle quali daremo risposta! &nbsp; &nbsp; Grazie&#46;&#46;&#46;<\/p>\n","protected":false},"author":1,"featured_media":475,"comment_status":"open","ping_status":"open","sticky":false,"template":"","format":"standard","meta":{"_monsterinsights_skip_tracking":false,"_monsterinsights_sitenote_active":false,"_monsterinsights_sitenote_note":"","_monsterinsights_sitenote_category":0,"jetpack_post_was_ever_published":false,"_jetpack_newsletter_access":"","_jetpack_dont_email_post_to_subs":false,"_jetpack_newsletter_tier_id":0,"_jetpack_memberships_contains_paywalled_content":false,"_jetpack_memberships_contains_paid_content":false,"footnotes":""},"categories":[31,25],"tags":[43,28,13,46],"class_list":["post-1595","post","type-post","status-publish","format-standard","has-post-thumbnail","hentry","category-conferenze","category-osservazioni","tag-iss","tag-osservazione","tag-presentazioni","tag-stazione-spaziale-internazionale"],"jetpack_featured_media_url":"https:\/\/i0.wp.com\/www.avdavigevano.com\/TEST\/wp-content\/uploads\/2018\/01\/banner_conferenze.jpg?fit=720%2C200&ssl=1","jetpack_sharing_enabled":true,"jetpack_shortlink":"https:\/\/wp.me\/p9jymR-pJ","jetpack_likes_enabled":true,"_links":{"self":[{"href":"https:\/\/www.avdavigevano.com\/index.php?rest_route=\/wp\/v2\/posts\/1595","targetHints":{"allow":["GET"]}}],"collection":[{"href":"https:\/\/www.avdavigevano.com\/index.php?rest_route=\/wp\/v2\/posts"}],"about":[{"href":"https:\/\/www.avdavigevano.com\/index.php?rest_route=\/wp\/v2\/types\/post"}],"author":[{"embeddable":true,"href":"https:\/\/www.avdavigevano.com\/index.php?rest_route=\/wp\/v2\/users\/1"}],"replies":[{"embeddable":true,"href":"https:\/\/www.avdavigevano.com\/index.php?rest_route=%2Fwp%2Fv2%2Fcomments&post=1595"}],"version-history":[{"count":5,"href":"https:\/\/www.avdavigevano.com\/index.php?rest_route=\/wp\/v2\/posts\/1595\/revisions"}],"predecessor-version":[{"id":1603,"href":"https:\/\/www.avdavigevano.com\/index.php?rest_route=\/wp\/v2\/posts\/1595\/revisions\/1603"}],"wp:featuredmedia":[{"embeddable":true,"href":"https:\/\/www.avdavigevano.com\/index.php?rest_route=\/wp\/v2\/media\/475"}],"wp:attachment":[{"href":"https:\/\/www.avdavigevano.com\/index.php?rest_route=%2Fwp%2Fv2%2Fmedia&parent=1595"}],"wp:term":[{"taxonomy":"category","embeddable":true,"href":"https:\/\/www.avdavigevano.com\/index.php?rest_route=%2Fwp%2Fv2%2Fcategories&post=1595"},{"taxonomy":"post_tag","embeddable":true,"href":"https:\/\/www.avdavigevano.com\/index.php?rest_route=%2Fwp%2Fv2%2Ftags&post=1595"}],"curies":[{"name":"wp","href":"https:\/\/api.w.org\/{rel}","templated":true}]}}