{"id":1556,"date":"2022-05-05T10:00:53","date_gmt":"2022-05-05T08:00:53","guid":{"rendered":"http:\/\/www.avdavigevano.com\/?p=1556"},"modified":"2022-05-05T11:28:50","modified_gmt":"2022-05-05T09:28:50","slug":"16-maggio-eclissi-di-luna","status":"publish","type":"post","link":"https:\/\/www.avdavigevano.com\/?p=1556","title":{"rendered":"16 maggio: eclissi di Luna"},"content":{"rendered":"<p>Il <strong>16 maggio<\/strong> arriver\u00e0 la <strong>prima eclissi di Luna del 2022<\/strong>, anche se purtroppo il fenomeno non sar\u00e0 visibile in versione totale dall&#8217;Italia. Il disco lunare verr\u00e0 completamente oscurato dalla Terra nella notte tra il <strong>15 e il 16 maggio,<\/strong> per poi uscire lentamente dal suo cono d&#8217;ombra. L&#8217;eclissi di Luna durer\u00e0 in tutto 3 ore e 27 minuti, mentre il disco lunare completamente oscurato sar\u00e0 visibile per circa 1 ora e 25 minuti.<\/p>\n<p>L&#8217;<strong>oscuramento massimo della Luna<\/strong> avverr\u00e0 vicino all&#8217;alba (06.12 ora italiana). I pi\u00f9 fortunati saranno gli abitanti della costa orientale del Nord America, della Groenlandia, dell&#8217;Oceano Atlantico, di alcune aree dell&#8217;Europa occidentale e dell&#8217;Africa occidentale. La <strong>seconda eclissi di Luna 2022<\/strong> \u00e8 attesa per l&#8217;<strong>8 novembre<\/strong>, anche se neppure questa visibile dal nostro Paese.<\/p>\n<p>LUNA ENTRA IN PENOMBRA: ore 3:32<br \/>\nLUNA ENTRA NELL&#8217;OMBRA: ore 4:27<br \/>\nINIZIO DEL CREPUSCOLO: ore 5:19<br \/>\nINIZIO DELLA FASE DI TOTALITA&#8217;: ore 5:29<br \/>\nALBA: ore 5:56<br \/>\nTRAMONTO DELLA LUNA: ore 5:56<br \/>\nMASSIMO DELL&#8217;ECLISSI: ore 6:12 (non visibile)<\/p>\n<p>&nbsp;<\/p>\n<div id=\"attachment_1573\" style=\"width: 794px\" class=\"wp-caption aligncenter\"><a href=\"https:\/\/i0.wp.com\/www.avdavigevano.com\/TEST\/wp-content\/uploads\/2022\/05\/LE2022May16T-scaled.gif\" target=\"_blank\" rel=\"noopener\"><img data-recalc-dims=\"1\" loading=\"lazy\" decoding=\"async\" aria-describedby=\"caption-attachment-1573\" data-attachment-id=\"1573\" data-permalink=\"https:\/\/www.avdavigevano.com\/?attachment_id=1573\" data-orig-file=\"https:\/\/i0.wp.com\/www.avdavigevano.com\/TEST\/wp-content\/uploads\/2022\/05\/LE2022May16T-scaled.gif?fit=1960%2C2560&amp;ssl=1\" data-orig-size=\"1960,2560\" data-comments-opened=\"1\" data-image-meta=\"{&quot;aperture&quot;:&quot;0&quot;,&quot;credit&quot;:&quot;&quot;,&quot;camera&quot;:&quot;&quot;,&quot;caption&quot;:&quot;&quot;,&quot;created_timestamp&quot;:&quot;0&quot;,&quot;copyright&quot;:&quot;&quot;,&quot;focal_length&quot;:&quot;0&quot;,&quot;iso&quot;:&quot;0&quot;,&quot;shutter_speed&quot;:&quot;0&quot;,&quot;title&quot;:&quot;&quot;,&quot;orientation&quot;:&quot;0&quot;}\" data-image-title=\"LE2022May16T\" data-image-description=\"\" data-image-caption=\"&lt;p&gt;Tratto da http:\/\/www.eclipsewise.com\/&lt;\/p&gt;\n\" data-large-file=\"https:\/\/i0.wp.com\/www.avdavigevano.com\/TEST\/wp-content\/uploads\/2022\/05\/LE2022May16T-scaled.gif?fit=784%2C1024&amp;ssl=1\" class=\"wp-image-1573 size-large\" src=\"https:\/\/i0.wp.com\/www.avdavigevano.com\/TEST\/wp-content\/uploads\/2022\/05\/LE2022May16T.gif?resize=784%2C1024\" alt=\"\" width=\"784\" height=\"1024\" srcset=\"https:\/\/i0.wp.com\/www.avdavigevano.com\/TEST\/wp-content\/uploads\/2022\/05\/LE2022May16T-scaled.gif?resize=784%2C1024&amp;ssl=1 784w, https:\/\/i0.wp.com\/www.avdavigevano.com\/TEST\/wp-content\/uploads\/2022\/05\/LE2022May16T-scaled.gif?resize=230%2C300&amp;ssl=1 230w, https:\/\/i0.wp.com\/www.avdavigevano.com\/TEST\/wp-content\/uploads\/2022\/05\/LE2022May16T-scaled.gif?resize=768%2C1003&amp;ssl=1 768w, https:\/\/i0.wp.com\/www.avdavigevano.com\/TEST\/wp-content\/uploads\/2022\/05\/LE2022May16T-scaled.gif?resize=1176%2C1536&amp;ssl=1 1176w, https:\/\/i0.wp.com\/www.avdavigevano.com\/TEST\/wp-content\/uploads\/2022\/05\/LE2022May16T-scaled.gif?resize=1568%2C2048&amp;ssl=1 1568w\" sizes=\"auto, (max-width: 784px) 100vw, 784px\" \/><\/a><p id=\"caption-attachment-1573\" class=\"wp-caption-text\">Tratto da http:\/\/www.eclipsewise.com\/<\/p><\/div>\n<div id=\"attachment_1574\" style=\"width: 780px\" class=\"wp-caption aligncenter\"><a href=\"https:\/\/i0.wp.com\/www.avdavigevano.com\/TEST\/wp-content\/uploads\/2022\/05\/LE2022-05-16T.gif\" target=\"_blank\" rel=\"noopener\"><img data-recalc-dims=\"1\" loading=\"lazy\" decoding=\"async\" aria-describedby=\"caption-attachment-1574\" data-attachment-id=\"1574\" data-permalink=\"https:\/\/www.avdavigevano.com\/?attachment_id=1574\" data-orig-file=\"https:\/\/i0.wp.com\/www.avdavigevano.com\/TEST\/wp-content\/uploads\/2022\/05\/LE2022-05-16T.gif?fit=770%2C940&amp;ssl=1\" data-orig-size=\"770,940\" data-comments-opened=\"1\" data-image-meta=\"{&quot;aperture&quot;:&quot;0&quot;,&quot;credit&quot;:&quot;&quot;,&quot;camera&quot;:&quot;&quot;,&quot;caption&quot;:&quot;&quot;,&quot;created_timestamp&quot;:&quot;0&quot;,&quot;copyright&quot;:&quot;&quot;,&quot;focal_length&quot;:&quot;0&quot;,&quot;iso&quot;:&quot;0&quot;,&quot;shutter_speed&quot;:&quot;0&quot;,&quot;title&quot;:&quot;&quot;,&quot;orientation&quot;:&quot;0&quot;}\" data-image-title=\"LE2022-05-16T\" data-image-description=\"\" data-image-caption=\"&lt;p&gt;Tratto da http:\/\/www.eclipsewise.com\/&lt;\/p&gt;\n\" data-large-file=\"https:\/\/i0.wp.com\/www.avdavigevano.com\/TEST\/wp-content\/uploads\/2022\/05\/LE2022-05-16T.gif?fit=770%2C940&amp;ssl=1\" class=\"wp-image-1574 size-full\" src=\"https:\/\/i0.wp.com\/www.avdavigevano.com\/TEST\/wp-content\/uploads\/2022\/05\/LE2022-05-16T.gif?resize=770%2C940\" alt=\"\" width=\"770\" height=\"940\" \/><\/a><p id=\"caption-attachment-1574\" class=\"wp-caption-text\">Tratto da http:\/\/www.eclipsewise.com\/<\/p><\/div>\n","protected":false},"excerpt":{"rendered":"<p>Il 16 maggio arriver\u00e0 la prima eclissi di Luna del 2022, anche se purtroppo il fenomeno non sar\u00e0 visibile in versione totale dall&#8217;Italia. Il disco lunare verr\u00e0 completamente oscurato dalla Terra nella notte tra il 15 e il 16 maggio, per poi uscire lentamente dal suo cono d&#8217;ombra. L&#8217;eclissi di&#46;&#46;&#46;<\/p>\n","protected":false},"author":5,"featured_media":713,"comment_status":"open","ping_status":"open","sticky":false,"template":"","format":"standard","meta":{"_monsterinsights_skip_tracking":false,"_monsterinsights_sitenote_active":false,"_monsterinsights_sitenote_note":"","_monsterinsights_sitenote_category":0,"jetpack_post_was_ever_published":false,"_jetpack_newsletter_access":"","_jetpack_dont_email_post_to_subs":false,"_jetpack_newsletter_tier_id":0,"_jetpack_memberships_contains_paywalled_content":false,"_jetpack_memberships_contains_paid_content":false,"footnotes":""},"categories":[65],"tags":[36],"class_list":["post-1556","post","type-post","status-publish","format-standard","has-post-thumbnail","hentry","category-articoli","tag-eclissi-di-luna"],"jetpack_featured_media_url":"https:\/\/i0.wp.com\/www.avdavigevano.com\/TEST\/wp-content\/uploads\/2019\/01\/IMG_8514_Social.jpg?fit=3888%2C2592&ssl=1","jetpack_sharing_enabled":true,"jetpack_shortlink":"https:\/\/wp.me\/p9jymR-p6","jetpack_likes_enabled":true,"_links":{"self":[{"href":"https:\/\/www.avdavigevano.com\/index.php?rest_route=\/wp\/v2\/posts\/1556","targetHints":{"allow":["GET"]}}],"collection":[{"href":"https:\/\/www.avdavigevano.com\/index.php?rest_route=\/wp\/v2\/posts"}],"about":[{"href":"https:\/\/www.avdavigevano.com\/index.php?rest_route=\/wp\/v2\/types\/post"}],"author":[{"embeddable":true,"href":"https:\/\/www.avdavigevano.com\/index.php?rest_route=\/wp\/v2\/users\/5"}],"replies":[{"embeddable":true,"href":"https:\/\/www.avdavigevano.com\/index.php?rest_route=%2Fwp%2Fv2%2Fcomments&post=1556"}],"version-history":[{"count":3,"href":"https:\/\/www.avdavigevano.com\/index.php?rest_route=\/wp\/v2\/posts\/1556\/revisions"}],"predecessor-version":[{"id":1575,"href":"https:\/\/www.avdavigevano.com\/index.php?rest_route=\/wp\/v2\/posts\/1556\/revisions\/1575"}],"wp:featuredmedia":[{"embeddable":true,"href":"https:\/\/www.avdavigevano.com\/index.php?rest_route=\/wp\/v2\/media\/713"}],"wp:attachment":[{"href":"https:\/\/www.avdavigevano.com\/index.php?rest_route=%2Fwp%2Fv2%2Fmedia&parent=1556"}],"wp:term":[{"taxonomy":"category","embeddable":true,"href":"https:\/\/www.avdavigevano.com\/index.php?rest_route=%2Fwp%2Fv2%2Fcategories&post=1556"},{"taxonomy":"post_tag","embeddable":true,"href":"https:\/\/www.avdavigevano.com\/index.php?rest_route=%2Fwp%2Fv2%2Ftags&post=1556"}],"curies":[{"name":"wp","href":"https:\/\/api.w.org\/{rel}","templated":true}]}}