{"id":1475,"date":"2021-11-05T13:00:41","date_gmt":"2021-11-05T12:00:41","guid":{"rendered":"http:\/\/www.avdavigevano.com\/?p=1475"},"modified":"2021-11-05T12:32:42","modified_gmt":"2021-11-05T11:32:42","slug":"luna-e-venere-nel-sagittario","status":"publish","type":"post","link":"https:\/\/www.avdavigevano.com\/?p=1475","title":{"rendered":"Luna e Venere nel Sagittario"},"content":{"rendered":"<div id=\"attachment_1476\" style=\"width: 711px\" class=\"wp-caption aligncenter\"><img data-recalc-dims=\"1\" loading=\"lazy\" decoding=\"async\" aria-describedby=\"caption-attachment-1476\" data-attachment-id=\"1476\" data-permalink=\"https:\/\/www.avdavigevano.com\/?attachment_id=1476\" data-orig-file=\"https:\/\/i0.wp.com\/www.avdavigevano.com\/TEST\/wp-content\/uploads\/2021\/11\/84203E07-B43A-40D6-9AF3-6E266C68AB5C_1_201_a.jpeg?fit=1242%2C1815&amp;ssl=1\" data-orig-size=\"1242,1815\" data-comments-opened=\"1\" data-image-meta=\"{&quot;aperture&quot;:&quot;0&quot;,&quot;credit&quot;:&quot;&quot;,&quot;camera&quot;:&quot;&quot;,&quot;caption&quot;:&quot;&quot;,&quot;created_timestamp&quot;:&quot;0&quot;,&quot;copyright&quot;:&quot;&quot;,&quot;focal_length&quot;:&quot;0&quot;,&quot;iso&quot;:&quot;0&quot;,&quot;shutter_speed&quot;:&quot;0&quot;,&quot;title&quot;:&quot;&quot;,&quot;orientation&quot;:&quot;0&quot;}\" data-image-title=\"84203E07-B43A-40D6-9AF3-6E266C68AB5C_1_201_a\" data-image-description=\"\" data-image-caption=\"&lt;p&gt;Screenshot creato con la app Star Disk per iOS&lt;\/p&gt;\n\" data-large-file=\"https:\/\/i0.wp.com\/www.avdavigevano.com\/TEST\/wp-content\/uploads\/2021\/11\/84203E07-B43A-40D6-9AF3-6E266C68AB5C_1_201_a.jpeg?fit=701%2C1024&amp;ssl=1\" class=\"wp-image-1476 size-large\" src=\"https:\/\/i0.wp.com\/www.avdavigevano.com\/TEST\/wp-content\/uploads\/2021\/11\/84203E07-B43A-40D6-9AF3-6E266C68AB5C_1_201_a.jpeg?resize=701%2C1024\" alt=\"8 novembre - Luna e Venere\" width=\"701\" height=\"1024\" srcset=\"https:\/\/i0.wp.com\/www.avdavigevano.com\/TEST\/wp-content\/uploads\/2021\/11\/84203E07-B43A-40D6-9AF3-6E266C68AB5C_1_201_a.jpeg?resize=701%2C1024&amp;ssl=1 701w, https:\/\/i0.wp.com\/www.avdavigevano.com\/TEST\/wp-content\/uploads\/2021\/11\/84203E07-B43A-40D6-9AF3-6E266C68AB5C_1_201_a.jpeg?resize=205%2C300&amp;ssl=1 205w, https:\/\/i0.wp.com\/www.avdavigevano.com\/TEST\/wp-content\/uploads\/2021\/11\/84203E07-B43A-40D6-9AF3-6E266C68AB5C_1_201_a.jpeg?resize=768%2C1122&amp;ssl=1 768w, https:\/\/i0.wp.com\/www.avdavigevano.com\/TEST\/wp-content\/uploads\/2021\/11\/84203E07-B43A-40D6-9AF3-6E266C68AB5C_1_201_a.jpeg?resize=1051%2C1536&amp;ssl=1 1051w, https:\/\/i0.wp.com\/www.avdavigevano.com\/TEST\/wp-content\/uploads\/2021\/11\/84203E07-B43A-40D6-9AF3-6E266C68AB5C_1_201_a.jpeg?w=1242&amp;ssl=1 1242w\" sizes=\"auto, (max-width: 701px) 100vw, 701px\" \/><p id=\"caption-attachment-1476\" class=\"wp-caption-text\">Screenshot creato con la app Star Disk per iOS<\/p><\/div>\n<p>Anche in questo mese una delle configurazioni pi\u00f9 spettacolari della volta celeste vede protagonisti la Luna e Venere.<br \/>\nPoco dopo il tramonto del Sole dell\u20198 novembre possiamo ammirare sull\u2019orizzonte a Sud-Ovest la falce di Luna crescente in congiunzione con Venere nella costellazione del Sagittario.<br \/>\nIl Sagittario, esteso per 867 gradi quadrati e comprensivo di 115 stelle di magnitudine superiore alla sesta, \u00e8 attraversato dal centro della Galassia ed \u00e8 rintracciabile tra Capricorno e Scorpione.<br \/>\nIl miglior periodo per l&#8217;osservazione di questa costellazione \u00e8 senza dubbio il periodo estivo, dal momento che \u00e8 proprio in questa costellazione che il Sole si trova nel punto del solstizio d&#8217;inverno.<br \/>\n\u00c8 la costellazione pi\u00f9 meridionale dello Zodiaco e dall&#8217;Italia \u00e8 molto bassa in cielo verso Sud. Un modo per trovare la costellazione \u00e8 utilizzare Deneb (\u03b1 Cigno) ed Altair (\u03b1 Aquila) come puntatori: congiungendo le due stelle e scendendo verso l&#8217;orizzonte si trova il Sagittario, ma non aspettatevi di trovarvi davanti una forma che ricorda un personaggio a met\u00e0 tra uomo e cavallo.<br \/>\nA volte ci si riferisce al Sagittario come alla &#8216;Teiera&#8217;, per la sua forma.<\/p>\n","protected":false},"excerpt":{"rendered":"<p>Anche in questo mese una delle configurazioni pi\u00f9 spettacolari della volta celeste vede protagonisti la Luna e Venere. Poco dopo il tramonto del Sole dell\u20198 novembre possiamo ammirare sull\u2019orizzonte a Sud-Ovest la falce di Luna crescente in congiunzione con Venere nella costellazione del Sagittario. Il Sagittario, esteso per 867 gradi&#46;&#46;&#46;<\/p>\n","protected":false},"author":5,"featured_media":473,"comment_status":"open","ping_status":"open","sticky":false,"template":"","format":"standard","meta":{"_monsterinsights_skip_tracking":false,"_monsterinsights_sitenote_active":false,"_monsterinsights_sitenote_note":"","_monsterinsights_sitenote_category":0,"jetpack_post_was_ever_published":false,"_jetpack_newsletter_access":"","_jetpack_dont_email_post_to_subs":false,"_jetpack_newsletter_tier_id":0,"_jetpack_memberships_contains_paywalled_content":false,"_jetpack_memberships_contains_paid_content":false,"footnotes":""},"categories":[8,25],"tags":[10,34],"class_list":["post-1475","post","type-post","status-publish","format-standard","has-post-thumbnail","hentry","category-eventi","category-osservazioni","tag-luna","tag-venere"],"jetpack_featured_media_url":"https:\/\/i0.wp.com\/www.avdavigevano.com\/TEST\/wp-content\/uploads\/2018\/01\/banner_almanacco_mensile.jpg?fit=720%2C200&ssl=1","jetpack_sharing_enabled":true,"jetpack_shortlink":"https:\/\/wp.me\/p9jymR-nN","jetpack_likes_enabled":true,"_links":{"self":[{"href":"https:\/\/www.avdavigevano.com\/index.php?rest_route=\/wp\/v2\/posts\/1475","targetHints":{"allow":["GET"]}}],"collection":[{"href":"https:\/\/www.avdavigevano.com\/index.php?rest_route=\/wp\/v2\/posts"}],"about":[{"href":"https:\/\/www.avdavigevano.com\/index.php?rest_route=\/wp\/v2\/types\/post"}],"author":[{"embeddable":true,"href":"https:\/\/www.avdavigevano.com\/index.php?rest_route=\/wp\/v2\/users\/5"}],"replies":[{"embeddable":true,"href":"https:\/\/www.avdavigevano.com\/index.php?rest_route=%2Fwp%2Fv2%2Fcomments&post=1475"}],"version-history":[{"count":1,"href":"https:\/\/www.avdavigevano.com\/index.php?rest_route=\/wp\/v2\/posts\/1475\/revisions"}],"predecessor-version":[{"id":1477,"href":"https:\/\/www.avdavigevano.com\/index.php?rest_route=\/wp\/v2\/posts\/1475\/revisions\/1477"}],"wp:featuredmedia":[{"embeddable":true,"href":"https:\/\/www.avdavigevano.com\/index.php?rest_route=\/wp\/v2\/media\/473"}],"wp:attachment":[{"href":"https:\/\/www.avdavigevano.com\/index.php?rest_route=%2Fwp%2Fv2%2Fmedia&parent=1475"}],"wp:term":[{"taxonomy":"category","embeddable":true,"href":"https:\/\/www.avdavigevano.com\/index.php?rest_route=%2Fwp%2Fv2%2Fcategories&post=1475"},{"taxonomy":"post_tag","embeddable":true,"href":"https:\/\/www.avdavigevano.com\/index.php?rest_route=%2Fwp%2Fv2%2Ftags&post=1475"}],"curies":[{"name":"wp","href":"https:\/\/api.w.org\/{rel}","templated":true}]}}