{"id":1388,"date":"2021-05-25T10:00:30","date_gmt":"2021-05-25T08:00:30","guid":{"rendered":"http:\/\/www.avdavigevano.com\/?p=1388"},"modified":"2021-05-28T11:16:49","modified_gmt":"2021-05-28T09:16:49","slug":"eclissi-molto-parziale-del-10-giugno-2021","status":"publish","type":"post","link":"https:\/\/www.avdavigevano.com\/?p=1388","title":{"rendered":"Eclissi, molto parziale, del 10 giugno 2021"},"content":{"rendered":"<p style=\"text-align: justify;\">Gioved\u00ec 10 giugno si verificher\u00e0 un Eclissi Anuale di Sole che dall&#8217;Italia settentrionale sar\u00e0 solo un eclissi parziale.<\/p>\n<p>La parzialit\u00e0 sar\u00e0 visibile in Italia a nord della latitudine 42.4\u00b0 N sulla costa tirrenica e della 43.2\u00b0 N su quella adriatica.<br \/>\nIn Italia sono favorite quindi per l&#8217;osservazione tutte le localit\u00e0 pi\u00f9 settentrionali. Questa sar\u00e0 un&#8217;eclissi inosservabile al centro-sud Italia.<\/p>\n<p>Ad eclissarsi sar\u00e0 una minuscola porzione del disco solare che sar\u00e0 occultato dalla Luna.<\/p>\n<div style=\"width: 734px\" class=\"wp-caption aligncenter\"><img data-recalc-dims=\"1\" loading=\"lazy\" decoding=\"async\" class=\"shrinkToFit\" src=\"https:\/\/i0.wp.com\/eclipse.gsfc.nasa.gov\/SEplot\/SEplot2001\/SE2021Jun10A.GIF?resize=724%2C938&#038;ssl=1\" alt=\"Dati eclissi del 10 giugno 2021\" width=\"724\" height=\"938\" \/><p class=\"wp-caption-text\">Eclipse map\/figure\/table\/predictions courtesy of Fred Espenak, NASA\/Goddard Space Flight Center, from eclipse.gsfc.nasa.gov.<\/p><\/div>\n<p style=\"text-align: center;\">Questi i tempi del fenomeno (orari espressi in ora legale estiva CEST).<br \/>\nDa <em><strong>Vigevano <\/strong><\/em>sar\u00e0 osservabile dalle <strong>11:35<\/strong> (primo contatto) alle <strong>13:04<\/strong> (ultimo contatto) &#8211; <strong>Massimo alle 12:18<\/strong> &#8211; (Mag. 0.097)<\/p>\n<p>A <em><strong>Milano<\/strong> <\/em>dalle <strong>11:35<\/strong> alle <strong>13:04<\/strong> &#8211; <strong>Massimo alle 12:18<\/strong> &#8211; (Mag. 0.097)<br \/>\nA <em><strong>Venezia<\/strong> <\/em>dalle <strong>11:48<\/strong> alle <strong>13:05<\/strong> &#8211; <strong>Massimo alle 12:25<\/strong> &#8211; (Mag. 0.070)<br \/>\nA <em><strong>Firenze<\/strong> <\/em>dalle <strong>11:52<\/strong> alle <strong>12:49<\/strong> &#8211; <strong>Massimo alle 12:20<\/strong> &#8211; (Mag. 0.037)<\/p>\n<div style=\"width: 392px\" class=\"wp-caption aligncenter\"><img data-recalc-dims=\"1\" loading=\"lazy\" decoding=\"async\" class=\"transparent\" src=\"https:\/\/i0.wp.com\/eclipse.gsfc.nasa.gov\/SEanimate\/SEanimate2001\/SE2021Jun10A.GIF?resize=382%2C413&#038;ssl=1\" alt=\"Animazione dell'eclissi del 10 giugno 2021\" width=\"382\" height=\"413\" \/><p class=\"wp-caption-text\">Eclipse map\/figure\/table\/predictions courtesy of Fred Espenak, NASA\/Goddard Space Flight Center, from eclipse.gsfc.nasa.gov.<\/p><\/div>\n<p style=\"text-align: justify;\">La fase anulare, quindi la totalit\u00e0 dell&#8217;eclissi parziale, sar\u00e0 visibile in Canada, Groenlandia, Polo Nord e Russia.<br \/>\nLa durata massima della fase anulare \u00e8 03m 51.2s.<\/p>\n<p>A questo link potete trovare altri dati riguardo le future eclissi solari: <a href=\"https:\/\/eclipse.gsfc.nasa.gov\/SEdecade\/SEdecade2021.html\">https:\/\/eclipse.gsfc.nasa.gov\/SEdecade\/SEdecade2021.html<\/a><\/p>\n<p>Poich\u00e9 l&#8217;orbita della Luna \u00e8 leggermente ellittica, la distanza della Luna dalla Terra non \u00e8 costante, e quindi l&#8217;eclissi non \u00e8 sempre totale. Un\u2019eclissi anulare di Sole \u00e8 soprannominata \u201cAnello di Fuoco\u201d in quanto il disco lunare non copre completamente il Sole, lasciando un cerchio luminoso attorno alla Luna. Questo accade quando la Luna \u00e8 vicino al suo apogeo, il suo punto pi\u00f9 lontano dalla Terra, rendendo la sua apparizione nel cielo leggermente pi\u00f9 piccola del solito e permettendo che una parte del Sole sia visibile.<\/p>\n<p>La prossima eclissi di Sole visibile dall\u2019Italia sar\u00e0 il 25 ottobre 2022, con caratteristiche simili a questa di giugno.<\/p>\n<p style=\"text-align: center;\"><b><span style=\"color: red;\">RACCOMANDAZIONI PER PROTEGGERE LA VISTA DAI RAGGI SOLARI:<\/span><\/b><br \/>\n<b><span style=\"color: red;\">NON USARE BINOCOLI E TELESCOPI SENZA OPPORTUNI FILTRI. IL SOLE PUO&#8217; ESSERE PERICOLOSO PER GLI OCCHI.<\/span><br \/>\n<a href=\"http:\/\/divulgazione.uai.it\/old\/venus\/Sole_Occhio.pdf\" target=\"_blank\" rel=\"noopener\">Leggere questo documento redatto dalla UAI<\/a>.<br \/>\n<\/b><\/p>\n<p><strong>CONSIGLI SU COME FOTOGRAFARE IL SOLE<\/strong>, <a href=\"http:\/\/divulgazione.uai.it\/images\/Come_fotografare_il_sole.pdf\" target=\"_blank\" rel=\"noopener\">li puoi trovare qui, in queste paginette radatte dalla UAI<\/a>.<\/p>\n","protected":false},"excerpt":{"rendered":"<p>Gioved\u00ec 10 giugno si verificher\u00e0 un Eclissi Anuale di Sole che dall&#8217;Italia settentrionale sar\u00e0 solo un eclissi parziale. La parzialit\u00e0 sar\u00e0 visibile in Italia a nord della latitudine 42.4\u00b0 N sulla costa tirrenica e della 43.2\u00b0 N su quella adriatica. In Italia sono favorite quindi per l&#8217;osservazione tutte le localit\u00e0&#46;&#46;&#46;<\/p>\n","protected":false},"author":1,"featured_media":1390,"comment_status":"open","ping_status":"open","sticky":false,"template":"","format":"standard","meta":{"_monsterinsights_skip_tracking":false,"_monsterinsights_sitenote_active":false,"_monsterinsights_sitenote_note":"","_monsterinsights_sitenote_category":0,"jetpack_post_was_ever_published":false,"_jetpack_newsletter_access":"","_jetpack_dont_email_post_to_subs":false,"_jetpack_newsletter_tier_id":0,"_jetpack_memberships_contains_paywalled_content":false,"_jetpack_memberships_contains_paid_content":false,"footnotes":""},"categories":[8],"tags":[104,60],"class_list":["post-1388","post","type-post","status-publish","format-standard","has-post-thumbnail","hentry","category-eventi","tag-eclisse","tag-sole"],"jetpack_featured_media_url":"https:\/\/i0.wp.com\/www.avdavigevano.com\/TEST\/wp-content\/uploads\/2021\/05\/eclisse-parziale-080801.jpg?fit=396%2C324&ssl=1","jetpack_sharing_enabled":true,"jetpack_shortlink":"https:\/\/wp.me\/p9jymR-mo","jetpack_likes_enabled":true,"_links":{"self":[{"href":"https:\/\/www.avdavigevano.com\/index.php?rest_route=\/wp\/v2\/posts\/1388","targetHints":{"allow":["GET"]}}],"collection":[{"href":"https:\/\/www.avdavigevano.com\/index.php?rest_route=\/wp\/v2\/posts"}],"about":[{"href":"https:\/\/www.avdavigevano.com\/index.php?rest_route=\/wp\/v2\/types\/post"}],"author":[{"embeddable":true,"href":"https:\/\/www.avdavigevano.com\/index.php?rest_route=\/wp\/v2\/users\/1"}],"replies":[{"embeddable":true,"href":"https:\/\/www.avdavigevano.com\/index.php?rest_route=%2Fwp%2Fv2%2Fcomments&post=1388"}],"version-history":[{"count":11,"href":"https:\/\/www.avdavigevano.com\/index.php?rest_route=\/wp\/v2\/posts\/1388\/revisions"}],"predecessor-version":[{"id":1400,"href":"https:\/\/www.avdavigevano.com\/index.php?rest_route=\/wp\/v2\/posts\/1388\/revisions\/1400"}],"wp:featuredmedia":[{"embeddable":true,"href":"https:\/\/www.avdavigevano.com\/index.php?rest_route=\/wp\/v2\/media\/1390"}],"wp:attachment":[{"href":"https:\/\/www.avdavigevano.com\/index.php?rest_route=%2Fwp%2Fv2%2Fmedia&parent=1388"}],"wp:term":[{"taxonomy":"category","embeddable":true,"href":"https:\/\/www.avdavigevano.com\/index.php?rest_route=%2Fwp%2Fv2%2Fcategories&post=1388"},{"taxonomy":"post_tag","embeddable":true,"href":"https:\/\/www.avdavigevano.com\/index.php?rest_route=%2Fwp%2Fv2%2Ftags&post=1388"}],"curies":[{"name":"wp","href":"https:\/\/api.w.org\/{rel}","templated":true}]}}