{"id":1356,"date":"2021-05-10T10:00:45","date_gmt":"2021-05-10T08:00:45","guid":{"rendered":"http:\/\/www.avdavigevano.com\/?p=1356"},"modified":"2021-04-27T22:02:11","modified_gmt":"2021-04-27T20:02:11","slug":"la-superluna-del-26-05-2021","status":"publish","type":"post","link":"https:\/\/www.avdavigevano.com\/?p=1356","title":{"rendered":"La &#8220;Superluna&#8221; del 26\/05\/2021"},"content":{"rendered":"<p>Il perigeo del 26 maggio sar\u00e0 leggermente pi\u00f9 ravvicinato rispetto a quello del 26 aprile per cui in questa occasione la Luna sar\u00e0 un po\u2019 pi\u00f9 \u201csuper\u201d di quella del mese precedente, con la Luna che avr\u00e0 dimensioni apparenti appena pi\u00f9 grandi, e con un minore intervallo di tempo tra l\u2019istante in cui la Luna si trova al perigeo e la fase di Luna Piena.<\/p>\n","protected":false},"excerpt":{"rendered":"<p>Il perigeo del 26 maggio sar\u00e0 leggermente pi\u00f9 ravvicinato rispetto a quello del 26 aprile per cui in questa occasione la Luna sar\u00e0 un po\u2019 pi\u00f9 \u201csuper\u201d di quella del mese precedente, con la Luna che avr\u00e0 dimensioni apparenti appena pi\u00f9 grandi, e con un minore intervallo di tempo tra&#46;&#46;&#46;<\/p>\n","protected":false},"author":5,"featured_media":473,"comment_status":"open","ping_status":"open","sticky":false,"template":"","format":"standard","meta":{"_monsterinsights_skip_tracking":false,"_monsterinsights_sitenote_active":false,"_monsterinsights_sitenote_note":"","_monsterinsights_sitenote_category":0,"jetpack_post_was_ever_published":false,"_jetpack_newsletter_access":"","_jetpack_dont_email_post_to_subs":false,"_jetpack_newsletter_tier_id":0,"_jetpack_memberships_contains_paywalled_content":false,"_jetpack_memberships_contains_paid_content":false,"footnotes":""},"categories":[12],"tags":[10,83],"class_list":["post-1356","post","type-post","status-publish","format-standard","has-post-thumbnail","hentry","category-calendario","tag-luna","tag-superluna"],"jetpack_featured_media_url":"https:\/\/i0.wp.com\/www.avdavigevano.com\/TEST\/wp-content\/uploads\/2018\/01\/banner_almanacco_mensile.jpg?fit=720%2C200&ssl=1","jetpack_sharing_enabled":true,"jetpack_shortlink":"https:\/\/wp.me\/p9jymR-lS","jetpack_likes_enabled":true,"_links":{"self":[{"href":"https:\/\/www.avdavigevano.com\/index.php?rest_route=\/wp\/v2\/posts\/1356","targetHints":{"allow":["GET"]}}],"collection":[{"href":"https:\/\/www.avdavigevano.com\/index.php?rest_route=\/wp\/v2\/posts"}],"about":[{"href":"https:\/\/www.avdavigevano.com\/index.php?rest_route=\/wp\/v2\/types\/post"}],"author":[{"embeddable":true,"href":"https:\/\/www.avdavigevano.com\/index.php?rest_route=\/wp\/v2\/users\/5"}],"replies":[{"embeddable":true,"href":"https:\/\/www.avdavigevano.com\/index.php?rest_route=%2Fwp%2Fv2%2Fcomments&post=1356"}],"version-history":[{"count":1,"href":"https:\/\/www.avdavigevano.com\/index.php?rest_route=\/wp\/v2\/posts\/1356\/revisions"}],"predecessor-version":[{"id":1357,"href":"https:\/\/www.avdavigevano.com\/index.php?rest_route=\/wp\/v2\/posts\/1356\/revisions\/1357"}],"wp:featuredmedia":[{"embeddable":true,"href":"https:\/\/www.avdavigevano.com\/index.php?rest_route=\/wp\/v2\/media\/473"}],"wp:attachment":[{"href":"https:\/\/www.avdavigevano.com\/index.php?rest_route=%2Fwp%2Fv2%2Fmedia&parent=1356"}],"wp:term":[{"taxonomy":"category","embeddable":true,"href":"https:\/\/www.avdavigevano.com\/index.php?rest_route=%2Fwp%2Fv2%2Fcategories&post=1356"},{"taxonomy":"post_tag","embeddable":true,"href":"https:\/\/www.avdavigevano.com\/index.php?rest_route=%2Fwp%2Fv2%2Ftags&post=1356"}],"curies":[{"name":"wp","href":"https:\/\/api.w.org\/{rel}","templated":true}]}}