{"id":1324,"date":"2021-02-16T10:00:52","date_gmt":"2021-02-16T09:00:52","guid":{"rendered":"http:\/\/www.avdavigevano.com\/?p=1324"},"modified":"2021-02-16T09:50:46","modified_gmt":"2021-02-16T08:50:46","slug":"18-febbraio-21-congiunzione-luna-marte","status":"publish","type":"post","link":"https:\/\/www.avdavigevano.com\/?p=1324","title":{"rendered":"18 febbraio &#8217;21 &#8211; Congiunzione Luna Marte"},"content":{"rendered":"<p>Il 18 febbraio possiamo osservare una bella congiunzione in un agevole orario serale, meteo permettendo!<br \/>\nLa Luna, a un giorno dal Primo Quarto, si trova insieme a Marte nella costellazione dell\u2019Ariete. Pi\u00f9 in basso si trova anche Urano, ma essendo la sua luminosit\u00e0 ai limiti della percezione ad occhio nudo \u00e8 necessario l\u2019ausilio di un binocolo o di un telescopio.<br \/>\nLa figura, tratta dal programma Star Disc per iOS rappresenta il cielo in direzione Ovest alle ore 22.<\/p>\n<div id=\"attachment_1325\" style=\"width: 1034px\" class=\"wp-caption aligncenter\"><img data-recalc-dims=\"1\" loading=\"lazy\" decoding=\"async\" aria-describedby=\"caption-attachment-1325\" data-attachment-id=\"1325\" data-permalink=\"https:\/\/www.avdavigevano.com\/?attachment_id=1325\" data-orig-file=\"https:\/\/i0.wp.com\/www.avdavigevano.com\/TEST\/wp-content\/uploads\/2021\/02\/IMG_4467-e1613465038194.jpg?fit=1798%2C1242&amp;ssl=1\" data-orig-size=\"1798,1242\" data-comments-opened=\"1\" data-image-meta=\"{&quot;aperture&quot;:&quot;0&quot;,&quot;credit&quot;:&quot;&quot;,&quot;camera&quot;:&quot;&quot;,&quot;caption&quot;:&quot;&quot;,&quot;created_timestamp&quot;:&quot;0&quot;,&quot;copyright&quot;:&quot;&quot;,&quot;focal_length&quot;:&quot;0&quot;,&quot;iso&quot;:&quot;0&quot;,&quot;shutter_speed&quot;:&quot;0&quot;,&quot;title&quot;:&quot;&quot;,&quot;orientation&quot;:&quot;0&quot;}\" data-image-title=\"IMG_4467\" data-image-description=\"&lt;p&gt;Congiunzione Marte Luna 210218&lt;\/p&gt;\n\" data-image-caption=\"&lt;p&gt;Congiunzione Marte Luna 210218&lt;\/p&gt;\n\" data-large-file=\"https:\/\/i0.wp.com\/www.avdavigevano.com\/TEST\/wp-content\/uploads\/2021\/02\/IMG_4467-e1613465038194.jpg?fit=1024%2C707&amp;ssl=1\" class=\"wp-image-1325 size-large\" src=\"https:\/\/i0.wp.com\/www.avdavigevano.com\/TEST\/wp-content\/uploads\/2021\/02\/IMG_4467-e1613465038194-1024x707.jpg?resize=1024%2C707\" alt=\"Congiunzione Marte Luna 210218\" width=\"1024\" height=\"707\" srcset=\"https:\/\/i0.wp.com\/www.avdavigevano.com\/TEST\/wp-content\/uploads\/2021\/02\/IMG_4467-e1613465038194.jpg?resize=1024%2C707&amp;ssl=1 1024w, https:\/\/i0.wp.com\/www.avdavigevano.com\/TEST\/wp-content\/uploads\/2021\/02\/IMG_4467-e1613465038194.jpg?resize=300%2C207&amp;ssl=1 300w, https:\/\/i0.wp.com\/www.avdavigevano.com\/TEST\/wp-content\/uploads\/2021\/02\/IMG_4467-e1613465038194.jpg?resize=768%2C531&amp;ssl=1 768w, https:\/\/i0.wp.com\/www.avdavigevano.com\/TEST\/wp-content\/uploads\/2021\/02\/IMG_4467-e1613465038194.jpg?resize=1536%2C1061&amp;ssl=1 1536w, https:\/\/i0.wp.com\/www.avdavigevano.com\/TEST\/wp-content\/uploads\/2021\/02\/IMG_4467-e1613465038194.jpg?w=1798&amp;ssl=1 1798w\" sizes=\"auto, (max-width: 1000px) 100vw, 1000px\" \/><p id=\"caption-attachment-1325\" class=\"wp-caption-text\">Congiunzione Marte Luna<\/p><\/div>\n","protected":false},"excerpt":{"rendered":"<p>Il 18 febbraio possiamo osservare una bella congiunzione in un agevole orario serale, meteo permettendo! La Luna, a un giorno dal Primo Quarto, si trova insieme a Marte nella costellazione dell\u2019Ariete. Pi\u00f9 in basso si trova anche Urano, ma essendo la sua luminosit\u00e0 ai limiti della percezione ad occhio nudo&#46;&#46;&#46;<\/p>\n","protected":false},"author":5,"featured_media":473,"comment_status":"open","ping_status":"open","sticky":false,"template":"","format":"standard","meta":{"_monsterinsights_skip_tracking":false,"_monsterinsights_sitenote_active":false,"_monsterinsights_sitenote_note":"","_monsterinsights_sitenote_category":0,"jetpack_post_was_ever_published":false,"_jetpack_newsletter_access":"","_jetpack_dont_email_post_to_subs":false,"_jetpack_newsletter_tier_id":0,"_jetpack_memberships_contains_paywalled_content":false,"_jetpack_memberships_contains_paid_content":false,"footnotes":""},"categories":[12,8],"tags":[80,10,32],"class_list":["post-1324","post","type-post","status-publish","format-standard","has-post-thumbnail","hentry","category-calendario","category-eventi","tag-congiunzione","tag-luna","tag-marte"],"jetpack_featured_media_url":"https:\/\/i0.wp.com\/www.avdavigevano.com\/TEST\/wp-content\/uploads\/2018\/01\/banner_almanacco_mensile.jpg?fit=720%2C200&ssl=1","jetpack_sharing_enabled":true,"jetpack_shortlink":"https:\/\/wp.me\/p9jymR-lm","jetpack_likes_enabled":true,"_links":{"self":[{"href":"https:\/\/www.avdavigevano.com\/index.php?rest_route=\/wp\/v2\/posts\/1324","targetHints":{"allow":["GET"]}}],"collection":[{"href":"https:\/\/www.avdavigevano.com\/index.php?rest_route=\/wp\/v2\/posts"}],"about":[{"href":"https:\/\/www.avdavigevano.com\/index.php?rest_route=\/wp\/v2\/types\/post"}],"author":[{"embeddable":true,"href":"https:\/\/www.avdavigevano.com\/index.php?rest_route=\/wp\/v2\/users\/5"}],"replies":[{"embeddable":true,"href":"https:\/\/www.avdavigevano.com\/index.php?rest_route=%2Fwp%2Fv2%2Fcomments&post=1324"}],"version-history":[{"count":3,"href":"https:\/\/www.avdavigevano.com\/index.php?rest_route=\/wp\/v2\/posts\/1324\/revisions"}],"predecessor-version":[{"id":1328,"href":"https:\/\/www.avdavigevano.com\/index.php?rest_route=\/wp\/v2\/posts\/1324\/revisions\/1328"}],"wp:featuredmedia":[{"embeddable":true,"href":"https:\/\/www.avdavigevano.com\/index.php?rest_route=\/wp\/v2\/media\/473"}],"wp:attachment":[{"href":"https:\/\/www.avdavigevano.com\/index.php?rest_route=%2Fwp%2Fv2%2Fmedia&parent=1324"}],"wp:term":[{"taxonomy":"category","embeddable":true,"href":"https:\/\/www.avdavigevano.com\/index.php?rest_route=%2Fwp%2Fv2%2Fcategories&post=1324"},{"taxonomy":"post_tag","embeddable":true,"href":"https:\/\/www.avdavigevano.com\/index.php?rest_route=%2Fwp%2Fv2%2Ftags&post=1324"}],"curies":[{"name":"wp","href":"https:\/\/api.w.org\/{rel}","templated":true}]}}