{"id":1296,"date":"2020-12-15T10:00:50","date_gmt":"2020-12-15T09:00:50","guid":{"rendered":"http:\/\/www.avdavigevano.com\/?p=1296"},"modified":"2020-12-14T13:20:51","modified_gmt":"2020-12-14T12:20:51","slug":"congiunzione-giove-saturno-del-21-dicembre","status":"publish","type":"post","link":"https:\/\/www.avdavigevano.com\/?p=1296","title":{"rendered":"Congiunzione Giove &#8211; Saturno del 21 dicembre"},"content":{"rendered":"<p>Gran finale per il lungo periodo di osservabilit\u00e0 serale del pianeta gigante.<br \/>\nLa spettacolare, strettissima congiunzione con Saturno, prevista per il giorno 21, \u00e8 il preludio alla conclusione delle osservazioni della coppia di pianeti che hanno dominato i cieli serali per tutta l\u2019estate e l\u2019autunno di quest\u2019anno.<\/p>\n<p>La sera del 21 dicembre i due pianeti saranno cos\u00ec vicini da poter essere osservati insieme nel campo di un telescopio. La loro distanza angolare sar\u00e0 di appena 1\/5 del diametro della Luna Piena.<br \/>\nLa congiunzione tra i due pianeti giganti del sistema solare \u00e8 gi\u00e0 di per s\u00e9 un evento raro, che accade ogni 20 anni. Ma una congiunzione cos\u00ec stretta \u00e8 davvero un evento eccezionale, che non accadeva da quasi 400 anni!<br \/>\nPer trovare un evento simile bisogna risalire all\u2019anno 1623, quando erano ancora in vita Galileo e Keplero!<br \/>\nIl prossimo \u201cincontro ravvicinato\u201d tra Giove e Saturno si terr\u00e0 il 15 marzo del 2080, dopodich\u00e9, la coppia non far\u00e0 un\u2019apparizione del genere fino al 2400.<br \/>\nNaturalmente la vicinanza dei due pianeti \u00e8 il frutto esclusivamente di una visione prospettica dalla nostra posizione. In realt\u00e0, la distanza tra i due oggetti sar\u00e0 di quasi 800 milioni di chilometri. Tuttavia, dalla Terra, Saturno apparir\u00e0 dietro Giove. I tre pianeti, Terra, Giove e Saturno, in pratica saranno semplicemente allineati.<\/p>\n<p>Una raccomandazione: i due pianeti sono molto bassi sull\u2019orizzonte occidentale. Pertanto li possiamo osservare solo poco dopo il tramonto del Sole, prima che tramontino anch\u2019essi \u2013 indicativamente tra le ore 17:00 e le 19:00.<\/p>\n<p><strong>La congiunzione Giove &#8211; Saturno \u00e8 il fenomeno celeste che guid\u00f2 i Re Magi?<\/strong><br \/>\nLa stella che, secondo il Vangelo di Matteo, guid\u00f2 i Magi apparsi dall\u2019Oriente per adorare il Re dei Giudei, col tempo \u00e8 stata trasformata nella cultura e nella tradizione popolare in \u201ccometa di Ges\u00f9 Bambino\u201d. Seppur suggestiva questa non pare essere la corretta interpretazione dell\u2019astro che guid\u00f2 Baldassarre, Gaspare e Melchiorre pi\u00f9 di duemila anni fa. In nessun documento antico, infatti, \u00e8 riportato il passaggio di un oggetto cometario nel periodo in cui nacque Ges\u00f9.<\/p>\n<p><strong>L\u2019ipotesi della congiunzione planetaria<\/strong><br \/>\nFacendo riferimento al periodo fra l\u20198 a.C. e il 4 a.C. e considerando di essere degli osservatori situati in Oriente (in questo caso inteso come l\u2019antica Mesopotamia, corrispondente grosso modo all\u2019odierno Iraq), possiamo essere ricondotti ad un evento assai interessante che si verific\u00f2 per ben tre volte nel corso dell\u2019anno 7 a.C.: la congiunzione dei pianeti Giove e Saturno fra le stelle che delineano la costellazione dei Pesci.<\/p>\n<p>Buona osservazione!<\/p>\n<div id=\"attachment_1297\" style=\"width: 496px\" class=\"wp-caption aligncenter\"><img data-recalc-dims=\"1\" loading=\"lazy\" decoding=\"async\" aria-describedby=\"caption-attachment-1297\" data-attachment-id=\"1297\" data-permalink=\"https:\/\/www.avdavigevano.com\/?attachment_id=1297\" data-orig-file=\"https:\/\/i0.wp.com\/www.avdavigevano.com\/TEST\/wp-content\/uploads\/2020\/12\/201221-Congiunzione-Giove-Saturno.png?fit=514%2C437&amp;ssl=1\" data-orig-size=\"514,437\" data-comments-opened=\"1\" data-image-meta=\"{&quot;aperture&quot;:&quot;0&quot;,&quot;credit&quot;:&quot;&quot;,&quot;camera&quot;:&quot;&quot;,&quot;caption&quot;:&quot;&quot;,&quot;created_timestamp&quot;:&quot;0&quot;,&quot;copyright&quot;:&quot;&quot;,&quot;focal_length&quot;:&quot;0&quot;,&quot;iso&quot;:&quot;0&quot;,&quot;shutter_speed&quot;:&quot;0&quot;,&quot;title&quot;:&quot;&quot;,&quot;orientation&quot;:&quot;0&quot;}\" data-image-title=\"201221 &amp;#8211; Congiunzione Giove Saturno\" data-image-description=\"\" data-image-caption=\"&lt;p&gt;Immagine realizzata con il programma Perseus.&lt;\/p&gt;\n\" data-large-file=\"https:\/\/i0.wp.com\/www.avdavigevano.com\/TEST\/wp-content\/uploads\/2020\/12\/201221-Congiunzione-Giove-Saturno.png?fit=514%2C437&amp;ssl=1\" class=\" wp-image-1297\" src=\"https:\/\/i0.wp.com\/www.avdavigevano.com\/TEST\/wp-content\/uploads\/2020\/12\/201221-Congiunzione-Giove-Saturno.png?resize=486%2C413\" alt=\"Congiunzione Giove e Saturno del 21 dicembre 2020\" width=\"486\" height=\"413\" srcset=\"https:\/\/i0.wp.com\/www.avdavigevano.com\/TEST\/wp-content\/uploads\/2020\/12\/201221-Congiunzione-Giove-Saturno.png?resize=300%2C255&amp;ssl=1 300w, https:\/\/i0.wp.com\/www.avdavigevano.com\/TEST\/wp-content\/uploads\/2020\/12\/201221-Congiunzione-Giove-Saturno.png?w=514&amp;ssl=1 514w\" sizes=\"auto, (max-width: 486px) 100vw, 486px\" \/><p id=\"caption-attachment-1297\" class=\"wp-caption-text\">Immagine realizzata con il programma Perseus.<\/p><\/div>\n<p>Tratto da: http:\/\/divulgazione.uai.it\/index.php\/Cielo_di_Dicembre_2020<\/p>\n","protected":false},"excerpt":{"rendered":"<p>Gran finale per il lungo periodo di osservabilit\u00e0 serale del pianeta gigante. La spettacolare, strettissima congiunzione con Saturno, prevista per il giorno 21, \u00e8 il preludio alla conclusione delle osservazioni della coppia di pianeti che hanno dominato i cieli serali per tutta l\u2019estate e l\u2019autunno di quest\u2019anno. La sera del&#46;&#46;&#46;<\/p>\n","protected":false},"author":5,"featured_media":473,"comment_status":"open","ping_status":"open","sticky":false,"template":"","format":"standard","meta":{"_monsterinsights_skip_tracking":false,"_monsterinsights_sitenote_active":false,"_monsterinsights_sitenote_note":"","_monsterinsights_sitenote_category":0,"jetpack_post_was_ever_published":false,"_jetpack_newsletter_access":"","_jetpack_dont_email_post_to_subs":false,"_jetpack_newsletter_tier_id":0,"_jetpack_memberships_contains_paywalled_content":false,"_jetpack_memberships_contains_paid_content":false,"footnotes":""},"categories":[12,8,25],"tags":[18,80,33,28,51,35],"class_list":["post-1296","post","type-post","status-publish","format-standard","has-post-thumbnail","hentry","category-calendario","category-eventi","category-osservazioni","tag-calendario","tag-congiunzione","tag-giove","tag-osservazione","tag-pianeti","tag-saturno"],"jetpack_featured_media_url":"https:\/\/i0.wp.com\/www.avdavigevano.com\/TEST\/wp-content\/uploads\/2018\/01\/banner_almanacco_mensile.jpg?fit=720%2C200&ssl=1","jetpack_sharing_enabled":true,"jetpack_shortlink":"https:\/\/wp.me\/p9jymR-kU","jetpack_likes_enabled":true,"_links":{"self":[{"href":"https:\/\/www.avdavigevano.com\/index.php?rest_route=\/wp\/v2\/posts\/1296","targetHints":{"allow":["GET"]}}],"collection":[{"href":"https:\/\/www.avdavigevano.com\/index.php?rest_route=\/wp\/v2\/posts"}],"about":[{"href":"https:\/\/www.avdavigevano.com\/index.php?rest_route=\/wp\/v2\/types\/post"}],"author":[{"embeddable":true,"href":"https:\/\/www.avdavigevano.com\/index.php?rest_route=\/wp\/v2\/users\/5"}],"replies":[{"embeddable":true,"href":"https:\/\/www.avdavigevano.com\/index.php?rest_route=%2Fwp%2Fv2%2Fcomments&post=1296"}],"version-history":[{"count":3,"href":"https:\/\/www.avdavigevano.com\/index.php?rest_route=\/wp\/v2\/posts\/1296\/revisions"}],"predecessor-version":[{"id":1307,"href":"https:\/\/www.avdavigevano.com\/index.php?rest_route=\/wp\/v2\/posts\/1296\/revisions\/1307"}],"wp:featuredmedia":[{"embeddable":true,"href":"https:\/\/www.avdavigevano.com\/index.php?rest_route=\/wp\/v2\/media\/473"}],"wp:attachment":[{"href":"https:\/\/www.avdavigevano.com\/index.php?rest_route=%2Fwp%2Fv2%2Fmedia&parent=1296"}],"wp:term":[{"taxonomy":"category","embeddable":true,"href":"https:\/\/www.avdavigevano.com\/index.php?rest_route=%2Fwp%2Fv2%2Fcategories&post=1296"},{"taxonomy":"post_tag","embeddable":true,"href":"https:\/\/www.avdavigevano.com\/index.php?rest_route=%2Fwp%2Fv2%2Ftags&post=1296"}],"curies":[{"name":"wp","href":"https:\/\/api.w.org\/{rel}","templated":true}]}}