{"id":1223,"date":"2020-07-23T16:00:45","date_gmt":"2020-07-23T14:00:45","guid":{"rendered":"http:\/\/www.avdavigevano.com\/?p=1223"},"modified":"2020-10-07T16:18:22","modified_gmt":"2020-10-07T14:18:22","slug":"osservare-la-cometa-c-2020-f3-neowise","status":"publish","type":"post","link":"https:\/\/www.avdavigevano.com\/?p=1223","title":{"rendered":"Osservare la cometa C\/2020 F3 (Neowise)"},"content":{"rendered":"<p style=\"text-align: justify;\">In queste settimane non si parla d\u2019altro. La cometa <em>C\/2020 F3<\/em> (<em>Neowise<\/em>), che in questo periodo solca i nostri cieli, sta dando spettacolo e tiene tutti col fiato sospeso e con il naso all\u2019ins\u00f9.<\/p>\n<p style=\"text-align: justify;\">Chi ha la fortuna di vivere in luoghi bui avr\u00e0 probabilmente gi\u00e0 avuto occasione di ammirarla a occhio nudo, con un buon binocolo o all\u2019oculare del telescopio.<br \/>\nPer consentire a tutti di conoscere i suoi segreti e di osservarla, la Sezione \u201cComete\u201d dell\u2019Unione Astrofili Italiani (UAI) e il CARA Project, con la collaborazione della Sezione \u201cAsteroidi\u201d UAI, organizzano nella serata di luned\u00ec 27 luglio l\u2019evento online \u201c<em>Neowise on air Italia<\/em>\u201d, con ospiti d\u2019eccezione ed esperti del settore. L\u2019appuntamento \u00e8 alle ore 20:30 sulla pagina facebook UAI (<strong><a href=\"https:\/\/www.facebook.com\/UnioneAstrofiliItaliani\/\">link<\/a><\/strong>)\u00a0e sul canale YouTube UAI\u00a0(<strong><a href=\"https:\/\/www.youtube.com\/channel\/UCct5_mVdzc19gFYSrdN2fWw\">link<\/a><\/strong>).<\/p>\n<p style=\"text-align: justify;\">L\u2019affascinante cometa Neowise, dopo aver passato il perielio il 3 luglio, da met\u00e0 luglio appare nel cielo serale e risulta osservabile da tutta Italia, anche a occhio nudo nei cieli bui.<\/p>\n<p style=\"text-align: justify;\"><strong>Ma dove cercarla?<\/strong><br \/>\nInnanzitutto, se hai la possibilit\u00e0 di andare in campagna, in un luogo aperto e lontano dall&#8217;inquinamento luminoso delle nostre citt\u00e0, prendi la macchina o la bicicletta e raggiungilo!<br \/>\nDovrai avere il nord-ovest libero, per intenderci, nelle nostre zone, dovrai osservare in direzione del Monte Rosa e la potrai osservare fino alla fine del mese sull\u2019orizzonte nord\u2013ovest,\u00a0 dopo il tramonto del Sole, intorno alle 22:00 \/ 23:00 nella costellazione dell\u2019Orsa Maggiore. Con il passare dei giorni andr\u00e0 guadagnando visibilit\u00e0 abbastanza velocemente fino a raggiungere la massima altezza sull\u2019orizzonte (circa 30 gradi di altezza al crepuscolo), nella Chiome di Berenice.<\/p>\n<p>&nbsp;<\/p>\n<p style=\"text-align: justify;\">Uno spettacolo, quindi, da non perdere. \u201cPrendiamo per la coda la Cometa C\/2020 F3 (Neowise) \u2013 spiega Carmen Perrella, coordinatrice del gruppo Corpi minori UAI \u2013 e nella serata di luned\u00ec 27 luglio offriamo al pubblico un evento online di sicuro impatto emozionale e di forte valore scientifico\u201d.<\/p>\n<div id=\"attachment_1227\" style=\"width: 1010px\" class=\"wp-caption alignnone\"><img data-recalc-dims=\"1\" loading=\"lazy\" decoding=\"async\" aria-describedby=\"caption-attachment-1227\" data-attachment-id=\"1227\" data-permalink=\"https:\/\/www.avdavigevano.com\/?attachment_id=1227\" data-orig-file=\"https:\/\/i0.wp.com\/www.avdavigevano.com\/TEST\/wp-content\/uploads\/2020\/07\/9bb0df7d-ef8c-439d-8e3b-7a0e3005ec4b.jpg?fit=1000%2C664&amp;ssl=1\" data-orig-size=\"1000,664\" data-comments-opened=\"1\" data-image-meta=\"{&quot;aperture&quot;:&quot;0&quot;,&quot;credit&quot;:&quot;&quot;,&quot;camera&quot;:&quot;&quot;,&quot;caption&quot;:&quot;&quot;,&quot;created_timestamp&quot;:&quot;1595159848&quot;,&quot;copyright&quot;:&quot;&quot;,&quot;focal_length&quot;:&quot;0&quot;,&quot;iso&quot;:&quot;0&quot;,&quot;shutter_speed&quot;:&quot;0&quot;,&quot;title&quot;:&quot;&quot;,&quot;orientation&quot;:&quot;0&quot;}\" data-image-title=\"9bb0df7d-ef8c-439d-8e3b-7a0e3005ec4b\" data-image-description=\"\" data-image-caption=\"\" data-large-file=\"https:\/\/i0.wp.com\/www.avdavigevano.com\/TEST\/wp-content\/uploads\/2020\/07\/9bb0df7d-ef8c-439d-8e3b-7a0e3005ec4b.jpg?fit=1000%2C664&amp;ssl=1\" class=\"alignnone size-full wp-image-1227\" src=\"https:\/\/i0.wp.com\/www.avdavigevano.com\/TEST\/wp-content\/uploads\/2020\/07\/9bb0df7d-ef8c-439d-8e3b-7a0e3005ec4b.jpg?resize=1000%2C664\" alt=\"9bb0df7d-ef8c-439d-8e3b-7a0e3005ec4b\" width=\"1000\" height=\"664\" srcset=\"https:\/\/i0.wp.com\/www.avdavigevano.com\/TEST\/wp-content\/uploads\/2020\/07\/9bb0df7d-ef8c-439d-8e3b-7a0e3005ec4b.jpg?w=1000&amp;ssl=1 1000w, https:\/\/i0.wp.com\/www.avdavigevano.com\/TEST\/wp-content\/uploads\/2020\/07\/9bb0df7d-ef8c-439d-8e3b-7a0e3005ec4b.jpg?resize=300%2C199&amp;ssl=1 300w, https:\/\/i0.wp.com\/www.avdavigevano.com\/TEST\/wp-content\/uploads\/2020\/07\/9bb0df7d-ef8c-439d-8e3b-7a0e3005ec4b.jpg?resize=768%2C510&amp;ssl=1 768w\" sizes=\"auto, (max-width: 1000px) 100vw, 1000px\" \/><p id=\"caption-attachment-1227\" class=\"wp-caption-text\">Immaginre ripresa da Zanola Roberto il 19\/07\/2020, somma di 42 scatti &#8211; da Vigevano<\/p><\/div>\n<div id=\"attachment_1228\" style=\"width: 1610px\" class=\"wp-caption alignnone\"><img data-recalc-dims=\"1\" loading=\"lazy\" decoding=\"async\" aria-describedby=\"caption-attachment-1228\" data-attachment-id=\"1228\" data-permalink=\"https:\/\/www.avdavigevano.com\/?attachment_id=1228\" data-orig-file=\"https:\/\/i0.wp.com\/www.avdavigevano.com\/TEST\/wp-content\/uploads\/2020\/07\/34630371-90e0-4391-b079-9a1a82407b8b.jpg?fit=1600%2C1045&amp;ssl=1\" data-orig-size=\"1600,1045\" data-comments-opened=\"1\" data-image-meta=\"{&quot;aperture&quot;:&quot;0&quot;,&quot;credit&quot;:&quot;&quot;,&quot;camera&quot;:&quot;&quot;,&quot;caption&quot;:&quot;&quot;,&quot;created_timestamp&quot;:&quot;1595205142&quot;,&quot;copyright&quot;:&quot;&quot;,&quot;focal_length&quot;:&quot;0&quot;,&quot;iso&quot;:&quot;0&quot;,&quot;shutter_speed&quot;:&quot;0&quot;,&quot;title&quot;:&quot;&quot;,&quot;orientation&quot;:&quot;0&quot;}\" data-image-title=\"34630371-90e0-4391-b079-9a1a82407b8b\" data-image-description=\"\" data-image-caption=\"\" data-large-file=\"https:\/\/i0.wp.com\/www.avdavigevano.com\/TEST\/wp-content\/uploads\/2020\/07\/34630371-90e0-4391-b079-9a1a82407b8b.jpg?fit=1024%2C669&amp;ssl=1\" class=\"alignnone size-full wp-image-1228\" src=\"https:\/\/i0.wp.com\/www.avdavigevano.com\/TEST\/wp-content\/uploads\/2020\/07\/34630371-90e0-4391-b079-9a1a82407b8b.jpg?resize=1600%2C1045\" alt=\"34630371-90e0-4391-b079-9a1a82407b8b\" width=\"1600\" height=\"1045\" srcset=\"https:\/\/i0.wp.com\/www.avdavigevano.com\/TEST\/wp-content\/uploads\/2020\/07\/34630371-90e0-4391-b079-9a1a82407b8b.jpg?w=1600&amp;ssl=1 1600w, https:\/\/i0.wp.com\/www.avdavigevano.com\/TEST\/wp-content\/uploads\/2020\/07\/34630371-90e0-4391-b079-9a1a82407b8b.jpg?resize=300%2C196&amp;ssl=1 300w, https:\/\/i0.wp.com\/www.avdavigevano.com\/TEST\/wp-content\/uploads\/2020\/07\/34630371-90e0-4391-b079-9a1a82407b8b.jpg?resize=1024%2C669&amp;ssl=1 1024w, https:\/\/i0.wp.com\/www.avdavigevano.com\/TEST\/wp-content\/uploads\/2020\/07\/34630371-90e0-4391-b079-9a1a82407b8b.jpg?resize=768%2C502&amp;ssl=1 768w, https:\/\/i0.wp.com\/www.avdavigevano.com\/TEST\/wp-content\/uploads\/2020\/07\/34630371-90e0-4391-b079-9a1a82407b8b.jpg?resize=1536%2C1003&amp;ssl=1 1536w\" sizes=\"auto, (max-width: 1000px) 100vw, 1000px\" \/><p id=\"caption-attachment-1228\" class=\"wp-caption-text\">Immaginre ripresa da Fusetti Davide il 19\/07\/2020, somma di 25 scatti da 800 e 1600ISO &#8211; da Vigevano<\/p><\/div>\n<div id=\"attachment_1229\" style=\"width: 1034px\" class=\"wp-caption alignnone\"><img data-recalc-dims=\"1\" loading=\"lazy\" decoding=\"async\" aria-describedby=\"caption-attachment-1229\" data-attachment-id=\"1229\" data-permalink=\"https:\/\/www.avdavigevano.com\/?attachment_id=1229\" data-orig-file=\"https:\/\/i0.wp.com\/www.avdavigevano.com\/TEST\/wp-content\/uploads\/2020\/07\/b5a8400e-0de0-4656-b628-c4bfedd9b3ca.jpg?fit=1024%2C768&amp;ssl=1\" data-orig-size=\"1024,768\" data-comments-opened=\"1\" data-image-meta=\"{&quot;aperture&quot;:&quot;0&quot;,&quot;credit&quot;:&quot;&quot;,&quot;camera&quot;:&quot;&quot;,&quot;caption&quot;:&quot;&quot;,&quot;created_timestamp&quot;:&quot;1595113472&quot;,&quot;copyright&quot;:&quot;&quot;,&quot;focal_length&quot;:&quot;0&quot;,&quot;iso&quot;:&quot;0&quot;,&quot;shutter_speed&quot;:&quot;0&quot;,&quot;title&quot;:&quot;&quot;,&quot;orientation&quot;:&quot;0&quot;}\" data-image-title=\"b5a8400e-0de0-4656-b628-c4bfedd9b3ca\" data-image-description=\"\" data-image-caption=\"\" data-large-file=\"https:\/\/i0.wp.com\/www.avdavigevano.com\/TEST\/wp-content\/uploads\/2020\/07\/b5a8400e-0de0-4656-b628-c4bfedd9b3ca.jpg?fit=1024%2C768&amp;ssl=1\" class=\"alignnone size-full wp-image-1229\" src=\"https:\/\/i0.wp.com\/www.avdavigevano.com\/TEST\/wp-content\/uploads\/2020\/07\/b5a8400e-0de0-4656-b628-c4bfedd9b3ca.jpg?resize=1024%2C768\" alt=\"b5a8400e-0de0-4656-b628-c4bfedd9b3ca\" width=\"1024\" height=\"768\" srcset=\"https:\/\/i0.wp.com\/www.avdavigevano.com\/TEST\/wp-content\/uploads\/2020\/07\/b5a8400e-0de0-4656-b628-c4bfedd9b3ca.jpg?w=1024&amp;ssl=1 1024w, https:\/\/i0.wp.com\/www.avdavigevano.com\/TEST\/wp-content\/uploads\/2020\/07\/b5a8400e-0de0-4656-b628-c4bfedd9b3ca.jpg?resize=300%2C225&amp;ssl=1 300w, https:\/\/i0.wp.com\/www.avdavigevano.com\/TEST\/wp-content\/uploads\/2020\/07\/b5a8400e-0de0-4656-b628-c4bfedd9b3ca.jpg?resize=768%2C576&amp;ssl=1 768w\" sizes=\"auto, (max-width: 1000px) 100vw, 1000px\" \/><p id=\"caption-attachment-1229\" class=\"wp-caption-text\">Immaginre ripresa da Cirioni Davide il 18\/07\/2020, singolo scatto con esposizione di 30 secondi con iPhone11Pro &#8211; da Montoso (CN) 1276 mslm<\/p><\/div>\n<p>&nbsp;<\/p>\n<p style=\"text-align: justify;\">\n<p style=\"text-align: justify;\">Tornando all&#8217;evento organizzato dalla UAI, ad aprire la diretta sulla cometa sar\u00e0 il Presidente dell\u2019Unione Astrofili Italiani Luca Orr\u00f9, la parola passer\u00e0 poi agli esperti della Sezione Comete UAI. Nell\u2019arco della serata, scandita da conferenze e osservazioni, sar\u00e0 possibile rivolgere domande ai relatori tramite le chat di Facebook e di YouTube per soddisfare tutte le proprie curiosit\u00e0 sull\u2019oggetto celeste pi\u00f9 in voga del momento. Tutti, anche chi \u00e8 a digiuno di conoscenze astronomiche, potr\u00e0 seguire proficuamente l\u2019evento, che avr\u00e0 un taglio, come sempre, divulgativo.<\/p>\n<p style=\"text-align: justify;\">L\u2019evento si aggiunge alle tante iniziative virtuali promosse dall\u2019UAI per avvicinare il pubblico di appassionati e curiosi del cielo al mondo dell\u2019astronomia. Da ultimo, l\u2019evento \u201cAsteroid day\u201d, andato in onda in diretta il 30 giugno e ora disponibile, insieme agli altri eventi, sul profilo YouTube dell\u2019UAI. \u201cIl positivo riscontro del pubblico ci spinge a promuovere altri eventi scientifici divulgativi in modalit\u00e0 online \u2013 conclude Perrella \u2013 Vi aspettiamo, quindi, luned\u00ec 27 luglio a partire dalle 20:30 sulla pagina facebook UAI e sul canale YouTube UAI per guidarvi alla scoperta della cometa Neowise\u201d.<\/p>\n","protected":false},"excerpt":{"rendered":"<p>In queste settimane non si parla d\u2019altro. La cometa C\/2020 F3 (Neowise), che in questo periodo solca i nostri cieli, sta dando spettacolo e tiene tutti col fiato sospeso e con il naso all\u2019ins\u00f9. Chi ha la fortuna di vivere in luoghi bui avr\u00e0 probabilmente gi\u00e0 avuto occasione di ammirarla&#46;&#46;&#46;<\/p>\n","protected":false},"author":1,"featured_media":1227,"comment_status":"open","ping_status":"open","sticky":false,"template":"","format":"standard","meta":{"_monsterinsights_skip_tracking":false,"_monsterinsights_sitenote_active":false,"_monsterinsights_sitenote_note":"","_monsterinsights_sitenote_category":0,"jetpack_post_was_ever_published":false,"_jetpack_newsletter_access":"","_jetpack_dont_email_post_to_subs":false,"_jetpack_newsletter_tier_id":0,"_jetpack_memberships_contains_paywalled_content":false,"_jetpack_memberships_contains_paid_content":false,"footnotes":""},"categories":[5],"tags":[98,81,97],"class_list":["post-1223","post","type-post","status-publish","format-standard","has-post-thumbnail","hentry","category-news","tag-c-2020-f3","tag-comete","tag-neowise"],"jetpack_featured_media_url":"https:\/\/i0.wp.com\/www.avdavigevano.com\/TEST\/wp-content\/uploads\/2020\/07\/9bb0df7d-ef8c-439d-8e3b-7a0e3005ec4b.jpg?fit=1000%2C664&ssl=1","jetpack_sharing_enabled":true,"jetpack_shortlink":"https:\/\/wp.me\/p9jymR-jJ","jetpack_likes_enabled":true,"_links":{"self":[{"href":"https:\/\/www.avdavigevano.com\/index.php?rest_route=\/wp\/v2\/posts\/1223","targetHints":{"allow":["GET"]}}],"collection":[{"href":"https:\/\/www.avdavigevano.com\/index.php?rest_route=\/wp\/v2\/posts"}],"about":[{"href":"https:\/\/www.avdavigevano.com\/index.php?rest_route=\/wp\/v2\/types\/post"}],"author":[{"embeddable":true,"href":"https:\/\/www.avdavigevano.com\/index.php?rest_route=\/wp\/v2\/users\/1"}],"replies":[{"embeddable":true,"href":"https:\/\/www.avdavigevano.com\/index.php?rest_route=%2Fwp%2Fv2%2Fcomments&post=1223"}],"version-history":[{"count":4,"href":"https:\/\/www.avdavigevano.com\/index.php?rest_route=\/wp\/v2\/posts\/1223\/revisions"}],"predecessor-version":[{"id":1274,"href":"https:\/\/www.avdavigevano.com\/index.php?rest_route=\/wp\/v2\/posts\/1223\/revisions\/1274"}],"wp:featuredmedia":[{"embeddable":true,"href":"https:\/\/www.avdavigevano.com\/index.php?rest_route=\/wp\/v2\/media\/1227"}],"wp:attachment":[{"href":"https:\/\/www.avdavigevano.com\/index.php?rest_route=%2Fwp%2Fv2%2Fmedia&parent=1223"}],"wp:term":[{"taxonomy":"category","embeddable":true,"href":"https:\/\/www.avdavigevano.com\/index.php?rest_route=%2Fwp%2Fv2%2Fcategories&post=1223"},{"taxonomy":"post_tag","embeddable":true,"href":"https:\/\/www.avdavigevano.com\/index.php?rest_route=%2Fwp%2Fv2%2Ftags&post=1223"}],"curies":[{"name":"wp","href":"https:\/\/api.w.org\/{rel}","templated":true}]}}