{"id":1190,"date":"2020-05-30T10:00:48","date_gmt":"2020-05-30T08:00:48","guid":{"rendered":"http:\/\/www.avdavigevano.com\/?p=1190"},"modified":"2020-05-28T17:21:50","modified_gmt":"2020-05-28T15:21:50","slug":"5-giugno-eclissi-lunare-di-penombra","status":"publish","type":"post","link":"https:\/\/www.avdavigevano.com\/?p=1190","title":{"rendered":"5 giugno, eclissi lunare di penombra"},"content":{"rendered":"<p style=\"text-align: justify;\">Come gi\u00e0 avvenuto lo scorso 10 gennaio, il 5 giugno si verificher\u00e0 un\u2019altra eclissi lunare di penombra.<\/p>\n<p style=\"text-align: justify;\">Un&#8217;eclissi lunare penombrale si verifica quando la Luna transita solo ed esclusivamente per la penombra della Terra, senza essere occultata dall&#8217;ombra: il fenomeno si mostra poco appariscente.<\/p>\n<p style=\"text-align: justify;\">Questa volta, inoltre, l\u2019eclissi sar\u00e0 parziale: solo una parte della Luna transiter\u00e0 nella penombra, dunque l&#8217;effetto finale sar\u00e0 quello di un debole velo che sembrer\u00e0 offuscare la luce del nostro satellite.<\/p>\n<p style=\"text-align: justify;\">Il fenomeno \u00e8 atteso per il 5 giugno e sar\u00e0 visibile anche dall&#8217;Italia. A differenza delle solite eclissi, quella penombrale, lo ripetiamo, \u00e8 meno spettacolare e difficile da cogliere se non se ne \u00e8 a conoscenza.<\/p>\n<p><strong>Tempi dei contatti<\/strong><br \/>\n<strong>La Luna entra nella penombra ore 19.44<\/strong><br \/>\n<strong>Centralit\u00e0 dell\u2019eclisse ore 21.25<\/strong><br \/>\n<strong>La Luna esce dalla penombra ore 23.05<\/strong><\/p>\n<p><img data-recalc-dims=\"1\" loading=\"lazy\" decoding=\"async\" data-attachment-id=\"1191\" data-permalink=\"https:\/\/www.avdavigevano.com\/?attachment_id=1191\" data-orig-file=\"https:\/\/i0.wp.com\/www.avdavigevano.com\/TEST\/wp-content\/uploads\/2020\/05\/LE2020-06-05N.gif?fit=770%2C940&amp;ssl=1\" data-orig-size=\"770,940\" data-comments-opened=\"1\" data-image-meta=\"{&quot;aperture&quot;:&quot;0&quot;,&quot;credit&quot;:&quot;&quot;,&quot;camera&quot;:&quot;&quot;,&quot;caption&quot;:&quot;&quot;,&quot;created_timestamp&quot;:&quot;0&quot;,&quot;copyright&quot;:&quot;&quot;,&quot;focal_length&quot;:&quot;0&quot;,&quot;iso&quot;:&quot;0&quot;,&quot;shutter_speed&quot;:&quot;0&quot;,&quot;title&quot;:&quot;&quot;,&quot;orientation&quot;:&quot;0&quot;}\" data-image-title=\"LE2020-06-05N\" data-image-description=\"\" data-image-caption=\"\" data-large-file=\"https:\/\/i0.wp.com\/www.avdavigevano.com\/TEST\/wp-content\/uploads\/2020\/05\/LE2020-06-05N.gif?fit=770%2C940&amp;ssl=1\" class=\"alignnone size-full wp-image-1191\" src=\"https:\/\/i0.wp.com\/www.avdavigevano.com\/TEST\/wp-content\/uploads\/2020\/05\/LE2020-06-05N.gif?resize=770%2C940\" alt=\"LE2020-06-05N\" width=\"770\" height=\"940\" \/><\/p>\n","protected":false},"excerpt":{"rendered":"<p>Come gi\u00e0 avvenuto lo scorso 10 gennaio, il 5 giugno si verificher\u00e0 un\u2019altra eclissi lunare di penombra. Un&#8217;eclissi lunare penombrale si verifica quando la Luna transita solo ed esclusivamente per la penombra della Terra, senza essere occultata dall&#8217;ombra: il fenomeno si mostra poco appariscente. Questa volta, inoltre, l\u2019eclissi sar\u00e0 parziale:&#46;&#46;&#46;<\/p>\n","protected":false},"author":5,"featured_media":473,"comment_status":"open","ping_status":"open","sticky":false,"template":"","format":"standard","meta":{"_monsterinsights_skip_tracking":false,"_monsterinsights_sitenote_active":false,"_monsterinsights_sitenote_note":"","_monsterinsights_sitenote_category":0,"jetpack_post_was_ever_published":false,"_jetpack_newsletter_access":"","_jetpack_dont_email_post_to_subs":false,"_jetpack_newsletter_tier_id":0,"_jetpack_memberships_contains_paywalled_content":false,"_jetpack_memberships_contains_paid_content":false,"footnotes":""},"categories":[12,5],"tags":[9,11,60],"class_list":["post-1190","post","type-post","status-publish","format-standard","has-post-thumbnail","hentry","category-calendario","category-news","tag-eclissi","tag-penombra","tag-sole"],"jetpack_featured_media_url":"https:\/\/i0.wp.com\/www.avdavigevano.com\/TEST\/wp-content\/uploads\/2018\/01\/banner_almanacco_mensile.jpg?fit=720%2C200&ssl=1","jetpack_sharing_enabled":true,"jetpack_shortlink":"https:\/\/wp.me\/p9jymR-jc","jetpack_likes_enabled":true,"_links":{"self":[{"href":"https:\/\/www.avdavigevano.com\/index.php?rest_route=\/wp\/v2\/posts\/1190","targetHints":{"allow":["GET"]}}],"collection":[{"href":"https:\/\/www.avdavigevano.com\/index.php?rest_route=\/wp\/v2\/posts"}],"about":[{"href":"https:\/\/www.avdavigevano.com\/index.php?rest_route=\/wp\/v2\/types\/post"}],"author":[{"embeddable":true,"href":"https:\/\/www.avdavigevano.com\/index.php?rest_route=\/wp\/v2\/users\/5"}],"replies":[{"embeddable":true,"href":"https:\/\/www.avdavigevano.com\/index.php?rest_route=%2Fwp%2Fv2%2Fcomments&post=1190"}],"version-history":[{"count":1,"href":"https:\/\/www.avdavigevano.com\/index.php?rest_route=\/wp\/v2\/posts\/1190\/revisions"}],"predecessor-version":[{"id":1192,"href":"https:\/\/www.avdavigevano.com\/index.php?rest_route=\/wp\/v2\/posts\/1190\/revisions\/1192"}],"wp:featuredmedia":[{"embeddable":true,"href":"https:\/\/www.avdavigevano.com\/index.php?rest_route=\/wp\/v2\/media\/473"}],"wp:attachment":[{"href":"https:\/\/www.avdavigevano.com\/index.php?rest_route=%2Fwp%2Fv2%2Fmedia&parent=1190"}],"wp:term":[{"taxonomy":"category","embeddable":true,"href":"https:\/\/www.avdavigevano.com\/index.php?rest_route=%2Fwp%2Fv2%2Fcategories&post=1190"},{"taxonomy":"post_tag","embeddable":true,"href":"https:\/\/www.avdavigevano.com\/index.php?rest_route=%2Fwp%2Fv2%2Ftags&post=1190"}],"curies":[{"name":"wp","href":"https:\/\/api.w.org\/{rel}","templated":true}]}}