{"id":1124,"date":"2020-03-29T18:00:24","date_gmt":"2020-03-29T16:00:24","guid":{"rendered":"http:\/\/www.avdavigevano.com\/?p=1124"},"modified":"2020-03-29T15:13:58","modified_gmt":"2020-03-29T13:13:58","slug":"arriva-la-cometa-c-2019-y4-atlas-sara-la-piu-luminosa-degli-ultimi-anni","status":"publish","type":"post","link":"https:\/\/www.avdavigevano.com\/?p=1124","title":{"rendered":"Arriva la COMETA C\/2019 Y4 Atlas, sar\u00e0 la pi\u00f9 luminosa degli ultimi anni?"},"content":{"rendered":"<p class=\"p1\" style=\"text-align: justify;\">Una cometa luminosa \u00e8 in arrivo sui nostri cieli e la lunga attesa di un \u201castro chiomato\u201d che sia in grado di attirare realmente l\u2019attenzione \u00e8 forse finita. Non smetteremo per\u00f2 mai di ricordare che le previsioni sono solo indicative, spesso infatti non sono in linea con l\u2019andamento reale di questi fantastici ma soprattutto imprevedibili e volubili oggetti celesti, e pertanto <b>la prudenza \u00e8 d\u2019obbligo<\/b>.<\/p>\n<div id=\"attachment_1126\" style=\"width: 969px\" class=\"wp-caption aligncenter\"><img data-recalc-dims=\"1\" loading=\"lazy\" decoding=\"async\" aria-describedby=\"caption-attachment-1126\" data-attachment-id=\"1126\" data-permalink=\"https:\/\/www.avdavigevano.com\/?attachment_id=1126\" data-orig-file=\"https:\/\/i0.wp.com\/www.avdavigevano.com\/TEST\/wp-content\/uploads\/2020\/03\/cometa-C2019-Y4-Rolando-Ligustri.jpg?fit=959%2C640&amp;ssl=1\" data-orig-size=\"959,640\" data-comments-opened=\"1\" data-image-meta=\"{&quot;aperture&quot;:&quot;0&quot;,&quot;credit&quot;:&quot;&quot;,&quot;camera&quot;:&quot;&quot;,&quot;caption&quot;:&quot;&quot;,&quot;created_timestamp&quot;:&quot;0&quot;,&quot;copyright&quot;:&quot;&quot;,&quot;focal_length&quot;:&quot;0&quot;,&quot;iso&quot;:&quot;0&quot;,&quot;shutter_speed&quot;:&quot;0&quot;,&quot;title&quot;:&quot;&quot;,&quot;orientation&quot;:&quot;0&quot;}\" data-image-title=\"Cometa C2019 Y4 (Rolando Ligustri)\" data-image-description=\"&lt;p&gt;Cometa C2019 Y4 (Rolando Ligustri)&lt;\/p&gt;\n\" data-image-caption=\"&lt;p&gt;Cometa C2019 Y4 (Rolando Ligustri)&lt;\/p&gt;\n\" data-large-file=\"https:\/\/i0.wp.com\/www.avdavigevano.com\/TEST\/wp-content\/uploads\/2020\/03\/cometa-C2019-Y4-Rolando-Ligustri.jpg?fit=959%2C640&amp;ssl=1\" class=\" size-full wp-image-1126 aligncenter\" src=\"https:\/\/i0.wp.com\/www.avdavigevano.com\/TEST\/wp-content\/uploads\/2020\/03\/cometa-C2019-Y4-Rolando-Ligustri.jpg?resize=959%2C640\" alt=\"cometa C2019 Y4 Rolando Ligustri\" width=\"959\" height=\"640\" srcset=\"https:\/\/i0.wp.com\/www.avdavigevano.com\/TEST\/wp-content\/uploads\/2020\/03\/cometa-C2019-Y4-Rolando-Ligustri.jpg?w=959&amp;ssl=1 959w, https:\/\/i0.wp.com\/www.avdavigevano.com\/TEST\/wp-content\/uploads\/2020\/03\/cometa-C2019-Y4-Rolando-Ligustri.jpg?resize=300%2C200&amp;ssl=1 300w, https:\/\/i0.wp.com\/www.avdavigevano.com\/TEST\/wp-content\/uploads\/2020\/03\/cometa-C2019-Y4-Rolando-Ligustri.jpg?resize=768%2C513&amp;ssl=1 768w\" sizes=\"auto, (max-width: 959px) 100vw, 959px\" \/><p id=\"caption-attachment-1126\" class=\"wp-caption-text\">Immagine ripresa da Rolando Ligustri (del Circolo Astrofili Talmassons)<\/p><\/div>\n<p class=\"p1\" style=\"text-align: justify;\">Secondo alcune stime, le pi\u00f9 ottimistiche, la cometa potrebbe raggiungere addirittura la prima magnitudine; altre riducono la luminosit\u00e0 ma ad ogni modo sono concordi con l\u2019affermare che la soglia di visibilit\u00e0 a occhio nudo dovrebbe essere raggiunta.<\/p>\n<p class=\"p1\" style=\"text-align: justify;\">Osservare una cometa ad occhio nudo \u00e8 un evento piuttosto raro per gli astronomi. Nell\u2019emisfero settentrionale l\u2019ultima cometa visibile senza telescopio \u00e8 stata Hale-Bopp, nel 1997.<\/p>\n<p class=\"p1\" style=\"text-align: justify;\">La sua velocit\u00e0 e la sua luminosit\u00e0 aumentano vertiginosamente al diminuire della distanza dal Sole. Attualmente, Atlas \u00e8 4.000 volte pi\u00f9 luminosa rispetto a quando \u00e8 stata osservata la prima volta, e potrebbe essere visibile ad occhio nudo gi\u00e0 ad aprile.<\/p>\n<p class=\"p1\" style=\"text-align: justify;\">Sfortunatamente, c\u2019\u00e8 una possibilit\u00e0 che possa sgretolarsi prima di regalarci uno spettacolo unico, se il Sole dovesse sciogliere pi\u00f9 in fretta tutto il ghiaccio di cui \u00e8 composta; la cometa sta rilasciando enormi quantit\u00e0 di gas congelati, ragione della sua spettacolare luminosit\u00e0 e per essere ancora visibile quando passer\u00e0 vicino all\u2019orbita terrestre dovrebbe avere un nucleo massiccio con un deposito di gas congelato: questa \u00e8 per\u00f2 un\u2019informazione che non si pu\u00f2 confermare al momento.<\/p>\n<p class=\"p1\" style=\"text-align: justify;\">Per vederla, adesso, bisogna armarsi di un <b>piccolo telescopio <\/b>o un buon <strong>binocolo<\/strong>. Tuttavia quando la cometa <em>Atlas C\/2019 Y4<\/em> arriver\u00e0 <b>molto vicina al Sole<\/b>, ad una distanza minore di quella del pianeta Mercurio, 39 milioni di chilometri, gli astronomi pensano che <b>potr\u00e0 essere vista <\/b>anche a occhio nudo perch\u00e9 la sua magnitudine aumenter\u00e0 notevolmente a causa dell&#8217;interazione con la radiazione solare.<\/p>\n<p class=\"p1\" style=\"text-align: justify;\">Sar\u00e0 entusiasmante seguire lo sviluppo della cometa nelle prossime settimane, anche come distrazione dalla difficile situazione che stiamo vivendo in tutto il mondo.<\/p>\n<div id=\"attachment_1125\" style=\"width: 697px\" class=\"wp-caption aligncenter\"><img data-recalc-dims=\"1\" loading=\"lazy\" decoding=\"async\" aria-describedby=\"caption-attachment-1125\" data-attachment-id=\"1125\" data-permalink=\"https:\/\/www.avdavigevano.com\/?attachment_id=1125\" data-orig-file=\"https:\/\/i0.wp.com\/www.avdavigevano.com\/TEST\/wp-content\/uploads\/2020\/03\/chart-C2019-Y4.gif?fit=624%2C420&amp;ssl=1\" data-orig-size=\"624,420\" data-comments-opened=\"1\" data-image-meta=\"{&quot;aperture&quot;:&quot;0&quot;,&quot;credit&quot;:&quot;&quot;,&quot;camera&quot;:&quot;&quot;,&quot;caption&quot;:&quot;&quot;,&quot;created_timestamp&quot;:&quot;0&quot;,&quot;copyright&quot;:&quot;&quot;,&quot;focal_length&quot;:&quot;0&quot;,&quot;iso&quot;:&quot;0&quot;,&quot;shutter_speed&quot;:&quot;0&quot;,&quot;title&quot;:&quot;&quot;,&quot;orientation&quot;:&quot;0&quot;}\" data-image-title=\"chart C2019 Y4\" data-image-description=\"\" data-image-caption=\"\" data-large-file=\"https:\/\/i0.wp.com\/www.avdavigevano.com\/TEST\/wp-content\/uploads\/2020\/03\/chart-C2019-Y4.gif?fit=624%2C420&amp;ssl=1\" class=\"  wp-image-1125 aligncenter\" src=\"https:\/\/i0.wp.com\/www.avdavigevano.com\/TEST\/wp-content\/uploads\/2020\/03\/chart-C2019-Y4.gif?resize=687%2C463\" alt=\"chart C2019 Y4\" width=\"687\" height=\"463\" \/><p id=\"caption-attachment-1125\" class=\"wp-caption-text\">L&#8217;immagine \u00e8 stata creata con StellaNavigator Ver.10 (<a href=\"http:\/\/www.astroarts.co.jp\/index.html\">AstroArts<\/a>).<\/p><\/div>\n<p class=\"p1\" style=\"text-align: justify;\">\nNell\u2019immagine \u00e8 rappresentato il percorso della cometa nel corso dell\u2019anno 2020. Come possiamo vedere, nel periodo in cui ci si aspetta la massima luminosit\u00e0, la cometa si trover\u00e0 tra la costellazione dell\u2019Orsa Maggiore e Perseo, quindi sempre visibile.<\/p>\n<p>Alcuni link utili con i dati orbitali ad altri interessanti dettagli:<br \/>\n&#8211; <a href=\"https:\/\/ssd.jpl.nasa.gov\/sbdb.cgi?sstr=c\/2019%20Y4;old=0;orb=1;cov=0;log=0;cad=0#orb\" target=\"_blank\" rel=\"noopener noreferrer\">https:\/\/ssd.jpl.nasa.gov\/sbdb.cgi?sstr=c\/2019%20Y4;old=0;orb=1;cov=0;log=0;cad=0#orb<\/a><br \/>\n&#8211; <a href=\"https:\/\/ssd.jpl.nasa.gov\/horizons.cgi?CGISESSID=bedb30a14378fae2264d1693a6319899#results\" target=\"_blank\" rel=\"noopener noreferrer\">https:\/\/ssd.jpl.nasa.gov\/horizons.cgi?&#8230;<\/a><br \/>\n&#8211; <a href=\"http:\/\/www.aerith.net\/comet\/catalog\/2019Y4\/2019Y4.htm\" target=\"_blank\" rel=\"noopener noreferrer\">http:\/\/www.aerith.net\/comet\/catalog\/2019Y4\/2019Y4.htm<\/a><br \/>\n&#8211; <a href=\"https:\/\/minorplanetcenter.net\/\/iau\/mpec\/K20\/K20F67.html\" target=\"_blank\" rel=\"noopener noreferrer\">https:\/\/minorplanetcenter.net\/\/iau\/mpec\/K20\/K20F67.html<\/a><\/p>\n<div id=\"attachment_1127\" style=\"width: 1578px\" class=\"wp-caption alignnone\"><img data-recalc-dims=\"1\" loading=\"lazy\" decoding=\"async\" aria-describedby=\"caption-attachment-1127\" data-attachment-id=\"1127\" data-permalink=\"https:\/\/www.avdavigevano.com\/?attachment_id=1127\" data-orig-file=\"https:\/\/i0.wp.com\/www.avdavigevano.com\/TEST\/wp-content\/uploads\/2020\/03\/C2019Y4_Atlas_marzo_2020.jpg?fit=1568%2C1143&amp;ssl=1\" data-orig-size=\"1568,1143\" data-comments-opened=\"1\" data-image-meta=\"{&quot;aperture&quot;:&quot;0&quot;,&quot;credit&quot;:&quot;&quot;,&quot;camera&quot;:&quot;&quot;,&quot;caption&quot;:&quot;&quot;,&quot;created_timestamp&quot;:&quot;0&quot;,&quot;copyright&quot;:&quot;&quot;,&quot;focal_length&quot;:&quot;0&quot;,&quot;iso&quot;:&quot;0&quot;,&quot;shutter_speed&quot;:&quot;0&quot;,&quot;title&quot;:&quot;&quot;,&quot;orientation&quot;:&quot;0&quot;}\" data-image-title=\"C2019Y4_Atlas_marzo_2020\" data-image-description=\"\" data-image-caption=\"\" data-large-file=\"https:\/\/i0.wp.com\/www.avdavigevano.com\/TEST\/wp-content\/uploads\/2020\/03\/C2019Y4_Atlas_marzo_2020.jpg?fit=1024%2C746&amp;ssl=1\" class=\"alignnone size-full wp-image-1127\" src=\"https:\/\/i0.wp.com\/www.avdavigevano.com\/TEST\/wp-content\/uploads\/2020\/03\/C2019Y4_Atlas_marzo_2020.jpg?resize=1568%2C1143\" alt=\"C2019Y4_Atlas_marzo_2020\" width=\"1568\" height=\"1143\" srcset=\"https:\/\/i0.wp.com\/www.avdavigevano.com\/TEST\/wp-content\/uploads\/2020\/03\/C2019Y4_Atlas_marzo_2020.jpg?w=1568&amp;ssl=1 1568w, https:\/\/i0.wp.com\/www.avdavigevano.com\/TEST\/wp-content\/uploads\/2020\/03\/C2019Y4_Atlas_marzo_2020.jpg?resize=300%2C219&amp;ssl=1 300w, https:\/\/i0.wp.com\/www.avdavigevano.com\/TEST\/wp-content\/uploads\/2020\/03\/C2019Y4_Atlas_marzo_2020.jpg?resize=1024%2C746&amp;ssl=1 1024w, https:\/\/i0.wp.com\/www.avdavigevano.com\/TEST\/wp-content\/uploads\/2020\/03\/C2019Y4_Atlas_marzo_2020.jpg?resize=768%2C560&amp;ssl=1 768w, https:\/\/i0.wp.com\/www.avdavigevano.com\/TEST\/wp-content\/uploads\/2020\/03\/C2019Y4_Atlas_marzo_2020.jpg?resize=1536%2C1120&amp;ssl=1 1536w\" sizes=\"auto, (max-width: 1000px) 100vw, 1000px\" \/><p id=\"caption-attachment-1127\" class=\"wp-caption-text\">Percorso della cometa C\/2019 Y4 durante il mese di Marzo &#8217;20<\/p><\/div>\n<div id=\"attachment_1128\" style=\"width: 1578px\" class=\"wp-caption alignnone\"><img data-recalc-dims=\"1\" loading=\"lazy\" decoding=\"async\" aria-describedby=\"caption-attachment-1128\" data-attachment-id=\"1128\" data-permalink=\"https:\/\/www.avdavigevano.com\/?attachment_id=1128\" data-orig-file=\"https:\/\/i0.wp.com\/www.avdavigevano.com\/TEST\/wp-content\/uploads\/2020\/03\/C2019Y4ATLAS_mappa_part_percorso_aprile_2020.jpg?fit=1568%2C1143&amp;ssl=1\" data-orig-size=\"1568,1143\" data-comments-opened=\"1\" data-image-meta=\"{&quot;aperture&quot;:&quot;0&quot;,&quot;credit&quot;:&quot;&quot;,&quot;camera&quot;:&quot;&quot;,&quot;caption&quot;:&quot;&quot;,&quot;created_timestamp&quot;:&quot;0&quot;,&quot;copyright&quot;:&quot;&quot;,&quot;focal_length&quot;:&quot;0&quot;,&quot;iso&quot;:&quot;0&quot;,&quot;shutter_speed&quot;:&quot;0&quot;,&quot;title&quot;:&quot;&quot;,&quot;orientation&quot;:&quot;0&quot;}\" data-image-title=\"C2019Y4ATLAS_mappa_part_percorso_aprile_2020\" data-image-description=\"\" data-image-caption=\"\" data-large-file=\"https:\/\/i0.wp.com\/www.avdavigevano.com\/TEST\/wp-content\/uploads\/2020\/03\/C2019Y4ATLAS_mappa_part_percorso_aprile_2020.jpg?fit=1024%2C746&amp;ssl=1\" class=\"alignnone size-full wp-image-1128\" src=\"https:\/\/i0.wp.com\/www.avdavigevano.com\/TEST\/wp-content\/uploads\/2020\/03\/C2019Y4ATLAS_mappa_part_percorso_aprile_2020.jpg?resize=1568%2C1143\" alt=\"C2019Y4ATLAS_mappa_part_percorso_aprile_2020\" width=\"1568\" height=\"1143\" srcset=\"https:\/\/i0.wp.com\/www.avdavigevano.com\/TEST\/wp-content\/uploads\/2020\/03\/C2019Y4ATLAS_mappa_part_percorso_aprile_2020.jpg?w=1568&amp;ssl=1 1568w, https:\/\/i0.wp.com\/www.avdavigevano.com\/TEST\/wp-content\/uploads\/2020\/03\/C2019Y4ATLAS_mappa_part_percorso_aprile_2020.jpg?resize=300%2C219&amp;ssl=1 300w, https:\/\/i0.wp.com\/www.avdavigevano.com\/TEST\/wp-content\/uploads\/2020\/03\/C2019Y4ATLAS_mappa_part_percorso_aprile_2020.jpg?resize=1024%2C746&amp;ssl=1 1024w, https:\/\/i0.wp.com\/www.avdavigevano.com\/TEST\/wp-content\/uploads\/2020\/03\/C2019Y4ATLAS_mappa_part_percorso_aprile_2020.jpg?resize=768%2C560&amp;ssl=1 768w, https:\/\/i0.wp.com\/www.avdavigevano.com\/TEST\/wp-content\/uploads\/2020\/03\/C2019Y4ATLAS_mappa_part_percorso_aprile_2020.jpg?resize=1536%2C1120&amp;ssl=1 1536w\" sizes=\"auto, (max-width: 1000px) 100vw, 1000px\" \/><p id=\"caption-attachment-1128\" class=\"wp-caption-text\">Percorso della cometa C\/2019 Y4 durante il mese di Aprile &#8217;20<\/p><\/div>\n","protected":false},"excerpt":{"rendered":"<p>Una cometa luminosa \u00e8 in arrivo sui nostri cieli e la lunga attesa di un \u201castro chiomato\u201d che sia in grado di attirare realmente l\u2019attenzione \u00e8 forse finita. Non smetteremo per\u00f2 mai di ricordare che le previsioni sono solo indicative, spesso infatti non sono in linea con l\u2019andamento reale di&#46;&#46;&#46;<\/p>\n","protected":false},"author":5,"featured_media":1126,"comment_status":"open","ping_status":"open","sticky":false,"template":"","format":"standard","meta":{"_monsterinsights_skip_tracking":false,"_monsterinsights_sitenote_active":false,"_monsterinsights_sitenote_note":"","_monsterinsights_sitenote_category":0,"jetpack_post_was_ever_published":false,"_jetpack_newsletter_access":"","_jetpack_dont_email_post_to_subs":false,"_jetpack_newsletter_tier_id":0,"_jetpack_memberships_contains_paywalled_content":false,"_jetpack_memberships_contains_paid_content":false,"footnotes":""},"categories":[5],"tags":[18,81,6],"class_list":["post-1124","post","type-post","status-publish","format-standard","has-post-thumbnail","hentry","category-news","tag-calendario","tag-comete","tag-news"],"jetpack_featured_media_url":"https:\/\/i0.wp.com\/www.avdavigevano.com\/TEST\/wp-content\/uploads\/2020\/03\/cometa-C2019-Y4-Rolando-Ligustri.jpg?fit=959%2C640&ssl=1","jetpack_sharing_enabled":true,"jetpack_shortlink":"https:\/\/wp.me\/p9jymR-i8","jetpack_likes_enabled":true,"_links":{"self":[{"href":"https:\/\/www.avdavigevano.com\/index.php?rest_route=\/wp\/v2\/posts\/1124","targetHints":{"allow":["GET"]}}],"collection":[{"href":"https:\/\/www.avdavigevano.com\/index.php?rest_route=\/wp\/v2\/posts"}],"about":[{"href":"https:\/\/www.avdavigevano.com\/index.php?rest_route=\/wp\/v2\/types\/post"}],"author":[{"embeddable":true,"href":"https:\/\/www.avdavigevano.com\/index.php?rest_route=\/wp\/v2\/users\/5"}],"replies":[{"embeddable":true,"href":"https:\/\/www.avdavigevano.com\/index.php?rest_route=%2Fwp%2Fv2%2Fcomments&post=1124"}],"version-history":[{"count":1,"href":"https:\/\/www.avdavigevano.com\/index.php?rest_route=\/wp\/v2\/posts\/1124\/revisions"}],"predecessor-version":[{"id":1129,"href":"https:\/\/www.avdavigevano.com\/index.php?rest_route=\/wp\/v2\/posts\/1124\/revisions\/1129"}],"wp:featuredmedia":[{"embeddable":true,"href":"https:\/\/www.avdavigevano.com\/index.php?rest_route=\/wp\/v2\/media\/1126"}],"wp:attachment":[{"href":"https:\/\/www.avdavigevano.com\/index.php?rest_route=%2Fwp%2Fv2%2Fmedia&parent=1124"}],"wp:term":[{"taxonomy":"category","embeddable":true,"href":"https:\/\/www.avdavigevano.com\/index.php?rest_route=%2Fwp%2Fv2%2Fcategories&post=1124"},{"taxonomy":"post_tag","embeddable":true,"href":"https:\/\/www.avdavigevano.com\/index.php?rest_route=%2Fwp%2Fv2%2Ftags&post=1124"}],"curies":[{"name":"wp","href":"https:\/\/api.w.org\/{rel}","templated":true}]}}