{"id":1027,"date":"2020-02-23T15:00:12","date_gmt":"2020-02-23T14:00:12","guid":{"rendered":"http:\/\/www.avdavigevano.com\/?p=1027"},"modified":"2020-02-26T11:41:57","modified_gmt":"2020-02-26T10:41:57","slug":"2020-lanno-bisestile","status":"publish","type":"post","link":"https:\/\/www.avdavigevano.com\/?p=1027","title":{"rendered":"2020 l&#8217;anno bisestile"},"content":{"rendered":"<p style=\"text-align: justify;\">Cominciamo\u00a0 questo articolo citando\u00a0 proverbi\u00a0 (anche se con l\u2019astronomia non vanno a braccetto).<br \/>\nIl pi\u00f9 noto recita: \u201c<strong>anno bisesto, anno funesto<\/strong>\u201d, ma non possiamo dimenticare anche: <strong>anno bisesto che passi presto<\/strong>\u201c o \u201c<strong>anno bisesto tutte le cose van di traverso<\/strong>\u201d .<\/p>\n<p style=\"text-align: justify;\">Proverbi che danno la percezione che da secoli un anno bisestile \u00e8 considerato un anno che porta sfortuna. Perch\u00e9? Fin dal tempo dei romani ci si accorse (come vedremo) che particolari anni, avevano una durata di 366 giorni invece dei 365 canonici; evidentemente, questa modifica dall\u2019ordine costituito era chiaramente visto come un evento anomalo e non beneaugurante.<\/p>\n<p style=\"text-align: justify;\">Torniamo ora nel campo pi\u00f9 adatto alle nostre conoscenze: l\u2019astronomia.<\/p>\n<p style=\"text-align: justify;\">\u201cL\u2019invenzione\u201d\u00a0 dell\u2019anno\u00a0 bisestile ha radici lontane e tiene conto dell\u2019effettivo tempo di rivoluzione della terra intorno al Sole, che non \u00e8 di 365 giorni bens\u00ec 365 giorni, 5h, 48 min e 46 sec.<\/p>\n<p style=\"text-align: justify;\">Tutto questo rumore per solo 5 ore e qualche minuto di differenza? Moltiplichiamo questo tempo per\u00a0 4 anni e approssimativamente risulta\u00a0 che ogni quattro anni si avrebbero 24 ore di differenza tra l\u2019anno solare (astronomico) e quello civile (parliamo del Calendario Gregoriano che \u00e8 quello adottato ufficialmente dalla Comunit\u00e0 internazionale. Ancora un\u00a0 pensiero: sono solo 24 ore di differenza ogni quattro anni, dov\u2019\u00e8 il problema?\u00a0 La risposta non \u00e8 da poco. Cambierebbero le date e i nostri tempi relativi alle stagioni.<\/p>\n<p style=\"text-align: justify;\"><strong>Andiamo con ordine e facciamo un po\u2019 di storia. <\/strong><\/p>\n<p style=\"text-align: justify;\">Per calendario si intende una suddivisione del tempo, per usi civili e religiosi, in giorni, settimane, mesi e anni; tale suddivisione \u00e8 stabilita in base ai fenomeni astronomici noti.<\/p>\n<p style=\"text-align: justify;\">Il giorno corrisponde alla rotazione della Terra intorno al proprio asse; la settimana non ha riferimenti astronomici anche se \u00e8 probabile si sia tenuto conto dei corpi celesti cosiddetti \u201cerranti\u201d: Luna, Marte, Mercurio, Giove, Venere, Saturno e Sole.<\/p>\n<p style=\"text-align: justify;\">Il mese tiene conto del periodo di lunazione, una media di 29 giorni e mezzo.<\/p>\n<p style=\"text-align: justify;\">L\u2019anno corrisponde alla misura dell\u2019anno solare (detto anche anno tropico), pari a 365,2422 giorni solari medi.<\/p>\n<p style=\"text-align: justify;\">Le definizioni di alcuni termini citati nell\u2019articolo sono riportate nel <strong>Riquadro 1.<\/strong><\/p>\n<p><strong>Riquadro 1. Alcune definizioni<\/strong><\/p>\n<table>\n<tbody>\n<tr>\n<td width=\"321\"><strong>TITOLO<\/strong><\/td>\n<td width=\"321\"><strong>DEFINIZIONE<\/strong><\/td>\n<\/tr>\n<tr>\n<td width=\"321\">Anno solare (detto anche anno tropico)<\/p>\n<p>&nbsp;<\/td>\n<td width=\"321\">L\u2019 anno solare \u00e8 il tempo impiegato dal Sole\u00a0 per tornare nella stessa posizione guardandolo dalla Terra.<\/td>\n<\/tr>\n<tr>\n<td width=\"321\">Calendari solari<\/td>\n<td width=\"321\">Sono il Calendario Giuliano e il Calendario Gregoriano (quello ufficiale) della durata di 365 giorni.<\/td>\n<\/tr>\n<tr>\n<td width=\"321\">Rotazione della\u00a0 Terra<\/p>\n<p>&nbsp;<\/td>\n<td width=\"321\">Il moto di rotazione che la Terra compie attorno al proprio asse, da ovest verso est,<\/td>\n<\/tr>\n<tr>\n<td width=\"321\">Eclittica<\/p>\n<p>&nbsp;<\/td>\n<td width=\"321\">E\u2019 il percorso descritto dal Sole dovuto al suo movimento apparente sulla sfera celeste nel suo corso annuale. Essa rappresenta l\u2019intersezione del piano orbitale terrestre con la sfera stessa. Il piano dell\u2019orbita della Terra \u00e8 detto piano dell\u2019eclittica. <strong>(Figura 1)<\/strong><\/td>\n<\/tr>\n<tr>\n<td width=\"321\">&nbsp;<\/p>\n<p>Rivoluzione della Terra<\/p>\n<p>&nbsp;<\/td>\n<td width=\"321\">Il moto di rivoluzione \u00e8 quello che la Terra compie, da ovest verso est, attorno al Sole, descrivendo un\u2019orbita ellittica, detta eclittica. <strong>(Figura 2).<\/strong><\/td>\n<\/tr>\n<\/tbody>\n<\/table>\n<div id=\"attachment_1103\" style=\"width: 380px\" class=\"wp-caption aligncenter\"><img data-recalc-dims=\"1\" loading=\"lazy\" decoding=\"async\" aria-describedby=\"caption-attachment-1103\" data-attachment-id=\"1103\" data-permalink=\"https:\/\/www.avdavigevano.com\/?attachment_id=1103\" data-orig-file=\"https:\/\/i0.wp.com\/www.avdavigevano.com\/TEST\/wp-content\/uploads\/2020\/02\/Untitled.png?fit=370%2C260&amp;ssl=1\" data-orig-size=\"370,260\" data-comments-opened=\"1\" data-image-meta=\"{&quot;aperture&quot;:&quot;0&quot;,&quot;credit&quot;:&quot;&quot;,&quot;camera&quot;:&quot;&quot;,&quot;caption&quot;:&quot;&quot;,&quot;created_timestamp&quot;:&quot;0&quot;,&quot;copyright&quot;:&quot;&quot;,&quot;focal_length&quot;:&quot;0&quot;,&quot;iso&quot;:&quot;0&quot;,&quot;shutter_speed&quot;:&quot;0&quot;,&quot;title&quot;:&quot;&quot;,&quot;orientation&quot;:&quot;0&quot;}\" data-image-title=\"Untitled\" data-image-description=\"\" data-image-caption=\"\" data-large-file=\"https:\/\/i0.wp.com\/www.avdavigevano.com\/TEST\/wp-content\/uploads\/2020\/02\/Untitled.png?fit=370%2C260&amp;ssl=1\" class=\" size-full wp-image-1103 aligncenter\" src=\"https:\/\/i0.wp.com\/www.avdavigevano.com\/TEST\/wp-content\/uploads\/2020\/02\/Untitled.png?resize=370%2C260\" alt=\"Untitled\" width=\"370\" height=\"260\" srcset=\"https:\/\/i0.wp.com\/www.avdavigevano.com\/TEST\/wp-content\/uploads\/2020\/02\/Untitled.png?w=370&amp;ssl=1 370w, https:\/\/i0.wp.com\/www.avdavigevano.com\/TEST\/wp-content\/uploads\/2020\/02\/Untitled.png?resize=300%2C211&amp;ssl=1 300w\" sizes=\"auto, (max-width: 370px) 100vw, 370px\" \/><p id=\"caption-attachment-1103\" class=\"wp-caption-text\"><strong>Figura 1. Rappresentazione grafica dell\u2019eclittica<\/strong><\/p><\/div>\n<div id=\"attachment_1104\" style=\"width: 653px\" class=\"wp-caption alignnone\"><img data-recalc-dims=\"1\" loading=\"lazy\" decoding=\"async\" aria-describedby=\"caption-attachment-1104\" data-attachment-id=\"1104\" data-permalink=\"https:\/\/www.avdavigevano.com\/?attachment_id=1104\" data-orig-file=\"https:\/\/i0.wp.com\/www.avdavigevano.com\/TEST\/wp-content\/uploads\/2020\/02\/Untitled1.png?fit=643%2C432&amp;ssl=1\" data-orig-size=\"643,432\" data-comments-opened=\"1\" data-image-meta=\"{&quot;aperture&quot;:&quot;0&quot;,&quot;credit&quot;:&quot;&quot;,&quot;camera&quot;:&quot;&quot;,&quot;caption&quot;:&quot;&quot;,&quot;created_timestamp&quot;:&quot;0&quot;,&quot;copyright&quot;:&quot;&quot;,&quot;focal_length&quot;:&quot;0&quot;,&quot;iso&quot;:&quot;0&quot;,&quot;shutter_speed&quot;:&quot;0&quot;,&quot;title&quot;:&quot;&quot;,&quot;orientation&quot;:&quot;0&quot;}\" data-image-title=\"Untitled1\" data-image-description=\"\" data-image-caption=\"\" data-large-file=\"https:\/\/i0.wp.com\/www.avdavigevano.com\/TEST\/wp-content\/uploads\/2020\/02\/Untitled1.png?fit=643%2C432&amp;ssl=1\" class=\"alignnone size-full wp-image-1104\" src=\"https:\/\/i0.wp.com\/www.avdavigevano.com\/TEST\/wp-content\/uploads\/2020\/02\/Untitled1.png?resize=643%2C432\" alt=\"Untitled1\" width=\"643\" height=\"432\" srcset=\"https:\/\/i0.wp.com\/www.avdavigevano.com\/TEST\/wp-content\/uploads\/2020\/02\/Untitled1.png?w=643&amp;ssl=1 643w, https:\/\/i0.wp.com\/www.avdavigevano.com\/TEST\/wp-content\/uploads\/2020\/02\/Untitled1.png?resize=300%2C202&amp;ssl=1 300w\" sizes=\"auto, (max-width: 643px) 100vw, 643px\" \/><p id=\"caption-attachment-1104\" class=\"wp-caption-text\"><strong>Figura 2. Rappresentazione grafica del moto di rivoluzione della Terra interno al Sole.<\/strong><\/p><\/div>\n<p style=\"text-align: justify;\">I calendari pi\u00f9 famosi sono il Calendario Giuliano e il Calendario Gregoriano.<\/p>\n<p style=\"text-align: justify;\">Il Calendario Giuliano \u00e8 stato introdotto da Giulio Cesare nel 46 a.C., che ha diviso l\u2019anno in 12 mesi e 365 giorni, aggiungendo per\u00f2 un anno di 366 giorni (bisestile). E\u2019 stato aggiunto un giorno a febbraio in quanto era il mese pi\u00f9 corto dell\u2019anno. Cos\u00ec facendo la durata media \u00e8 di 365,25 giorni. Tuttavia, nonostante la correzione aumenterebbe il divario con l\u2019anno solare effettivo nel corso dei secoli; infatti l\u2019anno reale dura 11 min e 14 sec di meno accumulando cos\u00ec un ritardo di un giorno ogni 128 anni, modificando la corrispondenza tra stagioni e giorni.<\/p>\n<p style=\"text-align: justify;\">Nel 1582 Papa Gregorio XIII introdusse la sua riforma del calendario (Calendario Gregoriano) con una prima significativa decisione di far seguire al gioved\u00ec 5 ottobre il venerd\u00ec 15 ottobre. Una seconda decisione \u00e8 stata quella di correggere il Calendario Giuliano, considerando bisestili solo gli anni secolari divisibili per 400 (es. 1600 \u2013 2000) e non gli altri anni secolari quali il 1700 \u2013 1800 \u2013 1900 e 2100). Gregorio XIII (o meglio i suoi esperti di astronomia) ha considerato bisestili anche gli anni, non secolari, divisibili per quattro (es. 1896 \u2013 1996).<\/p>\n<p style=\"text-align: justify;\">Le correzioni adottate hanno portato il divario tra anno civile e anno solare di soli 0,3 giorni ogni 1000 anni.<\/p>\n<p style=\"text-align: justify;\">Torniamo alle stagioni e del perch\u00e9 i calendari noti sono intervenuti ad aiutarle.<\/p>\n<p style=\"text-align: justify;\">Perch\u00e9 cambiano le stagioni? Le stagioni stesse da dove derivano? Dal moto di rivoluzione della intorno al Sole.<\/p>\n<p style=\"text-align: justify;\">Il moto di rivoluzione del nostro pianeta intorno al Sole (da ovest verso est), associato alla sua contemporanea rotazione attorno al proprio asse (inclinato di circa 66 gradi rispetto al piano dell\u2019eclittica\u00a0\u00a0 presenta due importanti aspetti:<\/p>\n<ul style=\"text-align: justify;\">\n<li>una differente durata del giorno e della notte nei vari periodi dell\u2019anno e in diversi luoghi della terra;<\/li>\n<li>l\u2019alternanza delle stagioni (autunno \u2013inverno \u2013 primavera \u2013 estate).<\/li>\n<\/ul>\n<p style=\"text-align: justify;\">Senza le correzione effettuata allungando di un giorno la durata del mese di febbraio (da 28 a 29 giorni\u00a0 ogni quattro anni) festeggeremmo\u00a0 in futuro il Capodanno invece del classico 31 dicembre a febbraio, con conseguente slittamento delle stagioni che conosciamo.<\/p>\n<p style=\"text-align: justify;\"><strong>Alcune curiosit\u00e0<\/strong><\/p>\n<p style=\"text-align: justify;\">Secondo il Calendario Giuliano il Capodanno cadeva il 25 marzo (equinozio vernale di primavera), mentre con il Calendario Gregoriano, nel 1582\u00a0 il Capodanno pass\u00f2 all\u201911 marzo; tutto questo non era sufficiente a far \u201cquadrare i conti\u201d\u00a0 perch\u00e9 Gregorio XIII stabil\u00ec che l\u2019equinozio\u00a0 passasse al 21 marzo e che ogni anno sarebbe dovuto iniziare il 1\u00b0 Gennaio.<\/p>\n<p style=\"text-align: justify;\">Altra curiosit\u00e0: con riferimento ai giorni della settimana, i giorni degli anni bisestili (da luned\u00ec alla domenica) caduti cio\u00e8 il 29 febbraio, in un ciclo di 400 anni, si sono ripetuti secondo i dati riportati nel <strong>Riquadro 2.<\/strong><\/p>\n<p style=\"text-align: justify;\"><strong>Riquadro 2. Ripartizione del 29 febbraio nei giorni della settimana.<\/strong><\/p>\n<table>\n<tbody>\n<tr>\n<td width=\"321\"><strong>GIORNO DELLA SETTIMANA<\/strong><\/td>\n<td width=\"321\"><strong>NUMERO DI VOLTE<\/strong><\/td>\n<\/tr>\n<tr>\n<td width=\"321\">LUNEDI\u2019<\/td>\n<td width=\"321\">15<\/td>\n<\/tr>\n<tr>\n<td width=\"321\">MARTEDI\u2019<\/td>\n<td width=\"321\">13<\/td>\n<\/tr>\n<tr>\n<td width=\"321\">MERCOLEDI\u2019<\/td>\n<td width=\"321\">15<\/td>\n<\/tr>\n<tr>\n<td width=\"321\">GIOVEDI\u2019<\/td>\n<td width=\"321\">13<\/td>\n<\/tr>\n<tr>\n<td width=\"321\">VENERDI\u2019<\/td>\n<td width=\"321\">14<\/td>\n<\/tr>\n<tr>\n<td width=\"321\">SABATO<\/td>\n<td width=\"321\">14<\/td>\n<\/tr>\n<tr>\n<td width=\"321\">DOMENICA<\/td>\n<td width=\"321\">13<\/td>\n<\/tr>\n<\/tbody>\n<\/table>\n<p style=\"text-align: justify;\"><strong>Conclusione<\/strong><\/p>\n<p style=\"text-align: justify;\">L\u2019introduzione del 29 febbraio negli anni bisestili \u00e8 un semplice (quasi) calcolo matematico tenuto conto delle leggi che regolano\u00a0 i moti della Terra e quello apparente del Sole: la fortuna o la sfortuna non hanno voce in capitolo sugli anni \u201cnormali\u201d e quelli \u201cbisestili\u201d.<\/p>\n<p style=\"text-align: right;\"><strong>Giuseppe Bosisio<\/strong><\/p>\n<p style=\"text-align: justify;\"><strong>\u00a0<\/strong><\/p>\n<p style=\"text-align: justify;\">\n","protected":false},"excerpt":{"rendered":"<p>Cominciamo\u00a0 questo articolo citando\u00a0 proverbi\u00a0 (anche se con l\u2019astronomia non vanno a braccetto). Il pi\u00f9 noto recita: \u201canno bisesto, anno funesto\u201d, ma non possiamo dimenticare anche: anno bisesto che passi presto\u201c o \u201canno bisesto tutte le cose van di traverso\u201d . Proverbi che danno la percezione che da secoli un&#46;&#46;&#46;<\/p>\n","protected":false},"author":6,"featured_media":477,"comment_status":"open","ping_status":"open","sticky":false,"template":"","format":"standard","meta":{"_monsterinsights_skip_tracking":false,"_monsterinsights_sitenote_active":false,"_monsterinsights_sitenote_note":"","_monsterinsights_sitenote_category":0,"jetpack_post_was_ever_published":false,"_jetpack_newsletter_access":"","_jetpack_dont_email_post_to_subs":false,"_jetpack_newsletter_tier_id":0,"_jetpack_memberships_contains_paywalled_content":false,"_jetpack_memberships_contains_paid_content":false,"footnotes":""},"categories":[65,5],"tags":[78,18],"class_list":["post-1027","post","type-post","status-publish","format-standard","has-post-thumbnail","hentry","category-articoli","category-news","tag-bisestile","tag-calendario"],"jetpack_featured_media_url":"https:\/\/i0.wp.com\/www.avdavigevano.com\/TEST\/wp-content\/uploads\/2018\/01\/banner_news-in-evidenza.jpg?fit=720%2C200&ssl=1","jetpack_sharing_enabled":true,"jetpack_shortlink":"https:\/\/wp.me\/p9jymR-gz","jetpack_likes_enabled":true,"_links":{"self":[{"href":"https:\/\/www.avdavigevano.com\/index.php?rest_route=\/wp\/v2\/posts\/1027","targetHints":{"allow":["GET"]}}],"collection":[{"href":"https:\/\/www.avdavigevano.com\/index.php?rest_route=\/wp\/v2\/posts"}],"about":[{"href":"https:\/\/www.avdavigevano.com\/index.php?rest_route=\/wp\/v2\/types\/post"}],"author":[{"embeddable":true,"href":"https:\/\/www.avdavigevano.com\/index.php?rest_route=\/wp\/v2\/users\/6"}],"replies":[{"embeddable":true,"href":"https:\/\/www.avdavigevano.com\/index.php?rest_route=%2Fwp%2Fv2%2Fcomments&post=1027"}],"version-history":[{"count":2,"href":"https:\/\/www.avdavigevano.com\/index.php?rest_route=\/wp\/v2\/posts\/1027\/revisions"}],"predecessor-version":[{"id":1105,"href":"https:\/\/www.avdavigevano.com\/index.php?rest_route=\/wp\/v2\/posts\/1027\/revisions\/1105"}],"wp:featuredmedia":[{"embeddable":true,"href":"https:\/\/www.avdavigevano.com\/index.php?rest_route=\/wp\/v2\/media\/477"}],"wp:attachment":[{"href":"https:\/\/www.avdavigevano.com\/index.php?rest_route=%2Fwp%2Fv2%2Fmedia&parent=1027"}],"wp:term":[{"taxonomy":"category","embeddable":true,"href":"https:\/\/www.avdavigevano.com\/index.php?rest_route=%2Fwp%2Fv2%2Fcategories&post=1027"},{"taxonomy":"post_tag","embeddable":true,"href":"https:\/\/www.avdavigevano.com\/index.php?rest_route=%2Fwp%2Fv2%2Ftags&post=1027"}],"curies":[{"name":"wp","href":"https:\/\/api.w.org\/{rel}","templated":true}]}}